{"id":8817,"date":"2022-04-05T13:12:18","date_gmt":"2022-04-05T16:12:18","guid":{"rendered":"http:\/\/10.101.10.196\/www\/?p=8817"},"modified":"2022-04-29T09:20:12","modified_gmt":"2022-04-29T12:20:12","slug":"acto-de-apertura-del-viii-congreso-nacional-y-vii-congreso-internacional-de-ensenanza-de-las-ciencias-agropecuarias","status":"publish","type":"post","link":"https:\/\/www.fica.unsl.edu.ar\/index.php\/acto-de-apertura-del-viii-congreso-nacional-y-vii-congreso-internacional-de-ensenanza-de-las-ciencias-agropecuarias\/","title":{"rendered":"Acto de apertura del VIII Congreso Nacional y VII Congreso Internacional de Ense\u00f1anza de las Ciencias Agropecuarias"},"content":{"rendered":"<p>Bajo el lema \u201cFormar para el compromiso social: el desaf\u00edo actual de la ense\u00f1anza agropecuaria\u201d, en la ma\u00f1ana del martes 5 de abril, tuvo lugar el acto de apertura del VIII Congreso Nacional y VII Congreso Internacional de Ense\u00f1anza de las Ciencias Agropecuarias, que se desarrolla de modo virtual los d\u00edas 5 y 6 de abril de 2022, desde la ciudad de Villa Mercedes (San Luis).<\/p>\n<p>La mesa acad\u00e9mica fue constituida por el Decano de la FICA, Mgtr. Sergio Ribotta, la Secretaria Acad\u00e9mica, Ing. Patricia Gimeno, la directora del Departamento de Ciencias Agropecuarias, Ing. Marcela Ruiz, la presidente del comit\u00e9 organizador de las jornadas, Ing. M\u00f3nica Romero y desde la ciudad de San Luis de forma virtual, el Rector de la UNSL, CPN Victor Mori\u00f1igo.<\/p>\n<p>En sus palabras de bienvenida, la Ing. Romero destac\u00f3 que luego de las modificaciones ocasionadas por la pandemia, la FICA logra realizar este congreso gracias al total apoyo de las autoridades y la comisi\u00f3n organizadora. \u201cNos encontramos docentes de las Ciencias Agropecuarias de muchas universidades del pa\u00eds, cada uno con sus experiencias y vivencias para intercambiar informaci\u00f3n, conocernos m\u00e1s, formarnos para el compromiso con la sociedad. Esa es nuestra gran misi\u00f3n como docentes: mejorar nuestra condici\u00f3n de ense\u00f1anza para que los futuros profesionales puedan desempe\u00f1arse exitosamente teniendo en cuenta los nuevos paradigmas de la carrera\u201d, puntualiz\u00f3 la ingeniera agr\u00f3noma.<\/p>\n<p>Por su parte, el decano de la FICA, expres\u00f3 su apoyo pleno al lema propuesto para este Congreso, \u201cporque no solo la ense\u00f1anza se debe centrar en el aula, ya que es un proceso mucho m\u00e1s complejo donde intervienen diferentes aristas y componentes. Los que, adem\u00e1s, est\u00e1n marcados por el contexto socio cultural, econ\u00f3mico, ambiental, pol\u00edtico y contienen diferentes actores\u201d.<\/p>\n<p><img fetchpriority=\"high\" decoding=\"async\" class=\"aligncenter size-full wp-image-8819\" src=\"https:\/\/www.fica.unsl.edu.ar\/wp-content\/uploads\/2022\/04\/congreso-02.jpg\" alt=\"\" width=\"1061\" height=\"600\" srcset=\"https:\/\/www.fica.unsl.edu.ar\/wp-content\/uploads\/2022\/04\/congreso-02.jpg 1061w, https:\/\/www.fica.unsl.edu.ar\/wp-content\/uploads\/2022\/04\/congreso-02-300x170.jpg 300w, https:\/\/www.fica.unsl.edu.ar\/wp-content\/uploads\/2022\/04\/congreso-02-1024x579.jpg 1024w, https:\/\/www.fica.unsl.edu.ar\/wp-content\/uploads\/2022\/04\/congreso-02-768x434.jpg 768w\" sizes=\"(max-width: 1061px) 100vw, 1061px\" \/><\/p>\n<p>Desde San Luis, se sum\u00f3 por \u00faltimo el Rector de la UNSL, para brindar sus palabras de bienvenida y agradecimiento. Expres\u00f3 su apoyo a las organizadoras de este encuentro acad\u00e9mico que estuvo signado por la pandemia, \u201cLa virtualidad nos dar\u00e1 una potencia inesperada, pero tambi\u00e9n nos quitar\u00e1 la cercan\u00eda, la cuesti\u00f3n cotidiana, el abrazo\u2026La pertinencia de este evento es muy importante en la Argentina, en su contexto social. Creo que es importante no ingresar en las antinomias que viene desarroll\u00e1ndose en un pa\u00eds que busca la soberan\u00eda alimentaria, pero donde se ven pol\u00edticas contrapuestas con este prop\u00f3sito; un pa\u00eds que debe definir una matriz econ\u00f3mica. Y ah\u00ed est\u00e1n los ingenieros agr\u00f3nomos para mostrarnos el camino\u201d, puntualiz\u00f3 el Rector de la UNSL.<\/p>\n<p>De esta manera y de forma oficial, se dieron por iniciadas las actividades que continuar\u00e1n a lo largo de la tarde del martes 5 de abril y concluir\u00e1n este mi\u00e9rcoles 6 de abril.<\/p>\n<div class=\"gmedia_gallery phantom_module is_bot\" id=\"GmediaGallery_65\" data-gmid=\"65\" data-module=\"phantom\"><style type='text\/css' class='gmedia_module_style_import'>@import url('https:\/\/www.fica.unsl.edu.ar\/wp-content\/plugins\/grand-media\/module\/phantom\/css\/style.css') all;<\/style>    <div class=\"gmPhantom_Container noLightbox\" >\r\n                <div class=\"gmPhantom_thumbsWrapper gmPhantom_ThumbScale gmPhantom_LabelHover\">\r\n                        <div class=\"gmPhantom_ThumbContainer gmPhantom_ThumbLoader\" data-id=\"923\" data-post_id=\"8827\" data-ratio=\"1.3333333333333\" data-type=\"image\" data-ext=\"jpg\" data-views=\"9\" data-likes=\"0\" data-cc=\"0\" data-post_link=\"https:\/\/www.fica.unsl.edu.ar\/index.php\/gmedia\/actividades_4_-jpg\/\">\r\n                <a href=\"https:\/\/www.fica.unsl.edu.ar\/wp-content\/grand-media\/image\/actividades_4_.jpg\" class=\"gmPhantom_Thumb\"><img decoding=\"async\" src=\"https:\/\/www.fica.unsl.edu.ar\/wp-content\/grand-media\/image\/thumb\/actividades_4_.jpg\" data-src=\"https:\/\/www.fica.unsl.edu.ar\/wp-content\/grand-media\/image\/actividades_4_.jpg\" alt=\"Actividades (4)\"\/><\/a>\r\n                                    <div class=\"gmPhantom_ThumbLabel\"><span class=\"gmPhantom_ThumbLabel_title\">Actividades (4)<\/span><\/div>\r\n                                    <div style=\"display:none;\" class=\"gmPhantom_Details\">\r\n                                            <div class=\"gmPhantom_description\">\r\n                            <div class=\"gmPhantom_title\">Actividades (4)<\/div>\r\n                            <div class=\"gmPhantom_text\"><\/div>\r\n                        <\/div>\r\n                                                            <div class=\"gmPhantom_terms\">\r\n                                                    <div class=\"gmPhantom_other_terms\">\r\n                                <table class=\"gmPhantom_other_terms_table\">\r\n                                                                            <tr class=\"gmPhantom_term_row_album\">\r\n                                            <td class=\"gmPhantom_term_key\">Album<\/td>\r\n                                            <td class=\"gmPhantom_term_value\"><a href=\"\/index.php\/wp-json\/wp\/v2\/posts\/8817?gm65[album__in]=65\" class=\"gmPhantom_alb\">Congreso Internacional de Ense\u00f1anza de las Ciencias Agropecuarias<\/a><\/td>\r\n                                        <\/tr>\r\n                                                                    <\/table>\r\n                            <\/div>\r\n                                                <\/div>\r\n                <\/div>\r\n                <\/div>            <div class=\"gmPhantom_ThumbContainer gmPhantom_ThumbLoader\" data-id=\"922\" data-post_id=\"8826\" data-ratio=\"1.3333333333333\" data-type=\"image\" data-ext=\"jpg\" data-views=\"9\" data-likes=\"0\" data-cc=\"0\" data-post_link=\"https:\/\/www.fica.unsl.edu.ar\/index.php\/gmedia\/actividades_3_-jpg\/\">\r\n                <a href=\"https:\/\/www.fica.unsl.edu.ar\/wp-content\/grand-media\/image\/actividades_3_.jpg\" class=\"gmPhantom_Thumb\"><img decoding=\"async\" src=\"https:\/\/www.fica.unsl.edu.ar\/wp-content\/grand-media\/image\/thumb\/actividades_3_.jpg\" data-src=\"https:\/\/www.fica.unsl.edu.ar\/wp-content\/grand-media\/image\/actividades_3_.jpg\" alt=\"Actividades (3)\"\/><\/a>\r\n                                    <div class=\"gmPhantom_ThumbLabel\"><span class=\"gmPhantom_ThumbLabel_title\">Actividades (3)<\/span><\/div>\r\n                                    <div style=\"display:none;\" class=\"gmPhantom_Details\">\r\n                                            <div class=\"gmPhantom_description\">\r\n                            <div class=\"gmPhantom_title\">Actividades (3)<\/div>\r\n                            <div class=\"gmPhantom_text\"><\/div>\r\n                        <\/div>\r\n                                                            <div class=\"gmPhantom_terms\">\r\n                                                    <div class=\"gmPhantom_other_terms\">\r\n                                <table class=\"gmPhantom_other_terms_table\">\r\n                                                                            <tr class=\"gmPhantom_term_row_album\">\r\n                                            <td class=\"gmPhantom_term_key\">Album<\/td>\r\n                                            <td class=\"gmPhantom_term_value\"><a href=\"\/index.php\/wp-json\/wp\/v2\/posts\/8817?gm65[album__in]=65\" class=\"gmPhantom_alb\">Congreso Internacional de Ense\u00f1anza de las Ciencias Agropecuarias<\/a><\/td>\r\n                                        <\/tr>\r\n                                                                    <\/table>\r\n                            <\/div>\r\n                                                <\/div>\r\n                <\/div>\r\n                <\/div>            <div class=\"gmPhantom_ThumbContainer gmPhantom_ThumbLoader\" data-id=\"921\" data-post_id=\"8825\" data-ratio=\"1.3333333333333\" data-type=\"image\" data-ext=\"jpg\" data-views=\"11\" data-likes=\"0\" data-cc=\"0\" data-post_link=\"https:\/\/www.fica.unsl.edu.ar\/index.php\/gmedia\/actividades_2_-jpg\/\">\r\n                <a href=\"https:\/\/www.fica.unsl.edu.ar\/wp-content\/grand-media\/image\/actividades_2_.jpg\" class=\"gmPhantom_Thumb\"><img decoding=\"async\" src=\"https:\/\/www.fica.unsl.edu.ar\/wp-content\/grand-media\/image\/thumb\/actividades_2_.jpg\" data-src=\"https:\/\/www.fica.unsl.edu.ar\/wp-content\/grand-media\/image\/actividades_2_.jpg\" alt=\"Actividades (2)\"\/><\/a>\r\n                                    <div class=\"gmPhantom_ThumbLabel\"><span class=\"gmPhantom_ThumbLabel_title\">Actividades (2)<\/span><\/div>\r\n                                    <div style=\"display:none;\" class=\"gmPhantom_Details\">\r\n                                            <div class=\"gmPhantom_description\">\r\n                            <div class=\"gmPhantom_title\">Actividades (2)<\/div>\r\n                            <div class=\"gmPhantom_text\"><\/div>\r\n                        <\/div>\r\n                                                            <div class=\"gmPhantom_terms\">\r\n                                                    <div class=\"gmPhantom_other_terms\">\r\n                                <table class=\"gmPhantom_other_terms_table\">\r\n                                                                            <tr class=\"gmPhantom_term_row_album\">\r\n                                            <td class=\"gmPhantom_term_key\">Album<\/td>\r\n                                            <td class=\"gmPhantom_term_value\"><a href=\"\/index.php\/wp-json\/wp\/v2\/posts\/8817?gm65[album__in]=65\" class=\"gmPhantom_alb\">Congreso Internacional de Ense\u00f1anza de las Ciencias Agropecuarias<\/a><\/td>\r\n                                        <\/tr>\r\n                                                                    <\/table>\r\n                            <\/div>\r\n                                                <\/div>\r\n                <\/div>\r\n                <\/div>            <div class=\"gmPhantom_ThumbContainer gmPhantom_ThumbLoader\" data-id=\"920\" data-post_id=\"8824\" data-ratio=\"1.3333333333333\" data-type=\"image\" data-ext=\"jpg\" data-views=\"11\" data-likes=\"0\" data-cc=\"0\" data-post_link=\"https:\/\/www.fica.unsl.edu.ar\/index.php\/gmedia\/actividades_1_-jpg\/\">\r\n                <a href=\"https:\/\/www.fica.unsl.edu.ar\/wp-content\/grand-media\/image\/actividades_1_.jpg\" class=\"gmPhantom_Thumb\"><img decoding=\"async\" src=\"https:\/\/www.fica.unsl.edu.ar\/wp-content\/grand-media\/image\/thumb\/actividades_1_.jpg\" data-src=\"https:\/\/www.fica.unsl.edu.ar\/wp-content\/grand-media\/image\/actividades_1_.jpg\" alt=\"Actividades (1)\"\/><\/a>\r\n                                    <div class=\"gmPhantom_ThumbLabel\"><span class=\"gmPhantom_ThumbLabel_title\">Actividades (1)<\/span><\/div>\r\n                                    <div style=\"display:none;\" class=\"gmPhantom_Details\">\r\n                                            <div class=\"gmPhantom_description\">\r\n                            <div class=\"gmPhantom_title\">Actividades (1)<\/div>\r\n                            <div class=\"gmPhantom_text\"><\/div>\r\n                        <\/div>\r\n                                                            <div class=\"gmPhantom_terms\">\r\n                                                    <div class=\"gmPhantom_other_terms\">\r\n                                <table class=\"gmPhantom_other_terms_table\">\r\n                                                                            <tr class=\"gmPhantom_term_row_album\">\r\n                                            <td class=\"gmPhantom_term_key\">Album<\/td>\r\n                                            <td class=\"gmPhantom_term_value\"><a href=\"\/index.php\/wp-json\/wp\/v2\/posts\/8817?gm65[album__in]=65\" class=\"gmPhantom_alb\">Congreso Internacional de Ense\u00f1anza de las Ciencias Agropecuarias<\/a><\/td>\r\n                                        <\/tr>\r\n                                                                    <\/table>\r\n                            <\/div>\r\n                                                <\/div>\r\n                <\/div>\r\n                <\/div>        <\/div>\r\n    <\/div>\r\n<\/div>\n<p>&nbsp;<\/p>\n","protected":false},"excerpt":{"rendered":"<p>Bajo el lema \u201cFormar para el compromiso social: el desaf\u00edo actual de la ense\u00f1anza agropecuaria\u201d, en la ma\u00f1ana del martes 5 de abril, tuvo lugar&hellip;<\/p>\n","protected":false},"author":9,"featured_media":8818,"comment_status":"closed","ping_status":"closed","sticky":false,"template":"","format":"standard","meta":{"_monsterinsights_skip_tracking":false,"_monsterinsights_sitenote_active":false,"_monsterinsights_sitenote_note":"","_monsterinsights_sitenote_category":0,"_joinchat":[],"footnotes":""},"categories":[19],"tags":[],"class_list":["post-8817","post","type-post","status-publish","format-standard","has-post-thumbnail","hentry","category-noticias"],"yoast_head":"<!-- This site is optimized with the Yoast SEO plugin v27.4 - https:\/\/yoast.com\/product\/yoast-seo-wordpress\/ -->\n<title>Acto de apertura del VIII Congreso Nacional y VII Congreso Internacional de Ense\u00f1anza de las Ciencias Agropecuarias - Facultad de Ingenier\u00eda y Ciencias Agropecuarias<\/title>\n<meta name=\"robots\" content=\"index, follow, max-snippet:-1, max-image-preview:large, max-video-preview:-1\" \/>\n<link rel=\"canonical\" href=\"https:\/\/www.fica.unsl.edu.ar\/index.php\/acto-de-apertura-del-viii-congreso-nacional-y-vii-congreso-internacional-de-ensenanza-de-las-ciencias-agropecuarias\/\" \/>\n<meta property=\"og:locale\" content=\"es_ES\" \/>\n<meta property=\"og:type\" content=\"article\" \/>\n<meta property=\"og:title\" content=\"Acto de apertura del VIII Congreso Nacional y VII Congreso Internacional de Ense\u00f1anza de las Ciencias Agropecuarias - Facultad de Ingenier\u00eda y Ciencias Agropecuarias\" \/>\n<meta property=\"og:description\" content=\"Bajo el lema \u201cFormar para el compromiso social: el desaf\u00edo actual de la ense\u00f1anza agropecuaria\u201d, en la ma\u00f1ana del martes 5 de abril, tuvo lugar&hellip;\" \/>\n<meta property=\"og:url\" content=\"https:\/\/www.fica.unsl.edu.ar\/index.php\/acto-de-apertura-del-viii-congreso-nacional-y-vii-congreso-internacional-de-ensenanza-de-las-ciencias-agropecuarias\/\" \/>\n<meta property=\"og:site_name\" content=\"Facultad de Ingenier\u00eda y Ciencias Agropecuarias\" \/>\n<meta property=\"article:publisher\" content=\"https:\/\/www.facebook.com\/FICA.UNSL\/\" \/>\n<meta property=\"article:published_time\" content=\"2022-04-05T16:12:18+00:00\" \/>\n<meta property=\"article:modified_time\" content=\"2022-04-29T12:20:12+00:00\" \/>\n<meta property=\"og:image\" content=\"https:\/\/www.fica.unsl.edu.ar\/wp-content\/uploads\/2022\/04\/congreso-front.jpg\" \/>\n\t<meta property=\"og:image:width\" content=\"1061\" \/>\n\t<meta property=\"og:image:height\" content=\"600\" \/>\n\t<meta property=\"og:image:type\" content=\"image\/jpeg\" \/>\n<meta name=\"author\" content=\"DATI\" \/>\n<meta name=\"twitter:card\" content=\"summary_large_image\" \/>\n<meta name=\"twitter:creator\" content=\"@FICAUNSL\" \/>\n<meta name=\"twitter:site\" content=\"@FICAUNSL\" \/>\n<meta name=\"twitter:label1\" content=\"Escrito por\" \/>\n\t<meta name=\"twitter:data1\" content=\"DATI\" \/>\n\t<meta name=\"twitter:label2\" content=\"Tiempo de lectura\" \/>\n\t<meta name=\"twitter:data2\" content=\"3 minutos\" \/>\n<script type=\"application\/ld+json\" class=\"yoast-schema-graph\">{\"@context\":\"https:\\\/\\\/schema.org\",\"@graph\":[{\"@type\":\"Article\",\"@id\":\"https:\\\/\\\/www.fica.unsl.edu.ar\\\/index.php\\\/acto-de-apertura-del-viii-congreso-nacional-y-vii-congreso-internacional-de-ensenanza-de-las-ciencias-agropecuarias\\\/#article\",\"isPartOf\":{\"@id\":\"https:\\\/\\\/www.fica.unsl.edu.ar\\\/index.php\\\/acto-de-apertura-del-viii-congreso-nacional-y-vii-congreso-internacional-de-ensenanza-de-las-ciencias-agropecuarias\\\/\"},\"author\":{\"name\":\"DATI\",\"@id\":\"https:\\\/\\\/www.fica.unsl.edu.ar\\\/#\\\/schema\\\/person\\\/6058f9c66301868d3a691b1f5d6c3544\"},\"headline\":\"Acto de apertura del VIII Congreso Nacional y VII Congreso Internacional de Ense\u00f1anza de las Ciencias Agropecuarias\",\"datePublished\":\"2022-04-05T16:12:18+00:00\",\"dateModified\":\"2022-04-29T12:20:12+00:00\",\"mainEntityOfPage\":{\"@id\":\"https:\\\/\\\/www.fica.unsl.edu.ar\\\/index.php\\\/acto-de-apertura-del-viii-congreso-nacional-y-vii-congreso-internacional-de-ensenanza-de-las-ciencias-agropecuarias\\\/\"},\"wordCount\":494,\"publisher\":{\"@id\":\"https:\\\/\\\/www.fica.unsl.edu.ar\\\/#organization\"},\"image\":{\"@id\":\"https:\\\/\\\/www.fica.unsl.edu.ar\\\/index.php\\\/acto-de-apertura-del-viii-congreso-nacional-y-vii-congreso-internacional-de-ensenanza-de-las-ciencias-agropecuarias\\\/#primaryimage\"},\"thumbnailUrl\":\"https:\\\/\\\/www.fica.unsl.edu.ar\\\/wp-content\\\/uploads\\\/2022\\\/04\\\/congreso-front.jpg\",\"articleSection\":[\"Noticias\"],\"inLanguage\":\"es-AR\"},{\"@type\":\"WebPage\",\"@id\":\"https:\\\/\\\/www.fica.unsl.edu.ar\\\/index.php\\\/acto-de-apertura-del-viii-congreso-nacional-y-vii-congreso-internacional-de-ensenanza-de-las-ciencias-agropecuarias\\\/\",\"url\":\"https:\\\/\\\/www.fica.unsl.edu.ar\\\/index.php\\\/acto-de-apertura-del-viii-congreso-nacional-y-vii-congreso-internacional-de-ensenanza-de-las-ciencias-agropecuarias\\\/\",\"name\":\"Acto de apertura del VIII Congreso Nacional y VII Congreso Internacional de Ense\u00f1anza de las Ciencias Agropecuarias - Facultad de Ingenier\u00eda y Ciencias Agropecuarias\",\"isPartOf\":{\"@id\":\"https:\\\/\\\/www.fica.unsl.edu.ar\\\/#website\"},\"primaryImageOfPage\":{\"@id\":\"https:\\\/\\\/www.fica.unsl.edu.ar\\\/index.php\\\/acto-de-apertura-del-viii-congreso-nacional-y-vii-congreso-internacional-de-ensenanza-de-las-ciencias-agropecuarias\\\/#primaryimage\"},\"image\":{\"@id\":\"https:\\\/\\\/www.fica.unsl.edu.ar\\\/index.php\\\/acto-de-apertura-del-viii-congreso-nacional-y-vii-congreso-internacional-de-ensenanza-de-las-ciencias-agropecuarias\\\/#primaryimage\"},\"thumbnailUrl\":\"https:\\\/\\\/www.fica.unsl.edu.ar\\\/wp-content\\\/uploads\\\/2022\\\/04\\\/congreso-front.jpg\",\"datePublished\":\"2022-04-05T16:12:18+00:00\",\"dateModified\":\"2022-04-29T12:20:12+00:00\",\"inLanguage\":\"es-AR\",\"potentialAction\":[{\"@type\":\"ReadAction\",\"target\":[\"https:\\\/\\\/www.fica.unsl.edu.ar\\\/index.php\\\/acto-de-apertura-del-viii-congreso-nacional-y-vii-congreso-internacional-de-ensenanza-de-las-ciencias-agropecuarias\\\/\"]}]},{\"@type\":\"ImageObject\",\"inLanguage\":\"es-AR\",\"@id\":\"https:\\\/\\\/www.fica.unsl.edu.ar\\\/index.php\\\/acto-de-apertura-del-viii-congreso-nacional-y-vii-congreso-internacional-de-ensenanza-de-las-ciencias-agropecuarias\\\/#primaryimage\",\"url\":\"https:\\\/\\\/www.fica.unsl.edu.ar\\\/wp-content\\\/uploads\\\/2022\\\/04\\\/congreso-front.jpg\",\"contentUrl\":\"https:\\\/\\\/www.fica.unsl.edu.ar\\\/wp-content\\\/uploads\\\/2022\\\/04\\\/congreso-front.jpg\",\"width\":1061,\"height\":600},{\"@type\":\"WebSite\",\"@id\":\"https:\\\/\\\/www.fica.unsl.edu.ar\\\/#website\",\"url\":\"https:\\\/\\\/www.fica.unsl.edu.ar\\\/\",\"name\":\"Facultad de Ingenier\u00eda y Ciencias Agropecuarias\",\"description\":\"\",\"publisher\":{\"@id\":\"https:\\\/\\\/www.fica.unsl.edu.ar\\\/#organization\"},\"potentialAction\":[{\"@type\":\"SearchAction\",\"target\":{\"@type\":\"EntryPoint\",\"urlTemplate\":\"https:\\\/\\\/www.fica.unsl.edu.ar\\\/?s={search_term_string}\"},\"query-input\":{\"@type\":\"PropertyValueSpecification\",\"valueRequired\":true,\"valueName\":\"search_term_string\"}}],\"inLanguage\":\"es-AR\"},{\"@type\":\"Organization\",\"@id\":\"https:\\\/\\\/www.fica.unsl.edu.ar\\\/#organization\",\"name\":\"Facultad de Ingenier\u00eda y Ciencias Agropecuarias\",\"url\":\"https:\\\/\\\/www.fica.unsl.edu.ar\\\/\",\"logo\":{\"@type\":\"ImageObject\",\"inLanguage\":\"es-AR\",\"@id\":\"https:\\\/\\\/www.fica.unsl.edu.ar\\\/#\\\/schema\\\/logo\\\/image\\\/\",\"url\":\"https:\\\/\\\/www.fica.unsl.edu.ar\\\/wp-content\\\/uploads\\\/2021\\\/03\\\/LOGO-1.jpg\",\"contentUrl\":\"https:\\\/\\\/www.fica.unsl.edu.ar\\\/wp-content\\\/uploads\\\/2021\\\/03\\\/LOGO-1.jpg\",\"width\":463,\"height\":145,\"caption\":\"Facultad de Ingenier\u00eda y Ciencias Agropecuarias\"},\"image\":{\"@id\":\"https:\\\/\\\/www.fica.unsl.edu.ar\\\/#\\\/schema\\\/logo\\\/image\\\/\"},\"sameAs\":[\"https:\\\/\\\/www.facebook.com\\\/FICA.UNSL\\\/\",\"https:\\\/\\\/x.com\\\/FICAUNSL\",\"https:\\\/\\\/www.instagram.com\\\/fica.unsl\\\/\",\"https:\\\/\\\/www.youtube.com\\\/channel\\\/UCs2MM53gb2PyBrMySdtWZDQ\"]},{\"@type\":\"Person\",\"@id\":\"https:\\\/\\\/www.fica.unsl.edu.ar\\\/#\\\/schema\\\/person\\\/6058f9c66301868d3a691b1f5d6c3544\",\"name\":\"DATI\"}]}<\/script>\n<!-- \/ Yoast SEO plugin. -->","yoast_head_json":{"title":"Acto de apertura del VIII Congreso Nacional y VII Congreso Internacional de Ense\u00f1anza de las Ciencias Agropecuarias - Facultad de Ingenier\u00eda y Ciencias Agropecuarias","robots":{"index":"index","follow":"follow","max-snippet":"max-snippet:-1","max-image-preview":"max-image-preview:large","max-video-preview":"max-video-preview:-1"},"canonical":"https:\/\/www.fica.unsl.edu.ar\/index.php\/acto-de-apertura-del-viii-congreso-nacional-y-vii-congreso-internacional-de-ensenanza-de-las-ciencias-agropecuarias\/","og_locale":"es_ES","og_type":"article","og_title":"Acto de apertura del VIII Congreso Nacional y VII Congreso Internacional de Ense\u00f1anza de las Ciencias Agropecuarias - Facultad de Ingenier\u00eda y Ciencias Agropecuarias","og_description":"Bajo el lema \u201cFormar para el compromiso social: el desaf\u00edo actual de la ense\u00f1anza agropecuaria\u201d, en la ma\u00f1ana del martes 5 de abril, tuvo lugar&hellip;","og_url":"https:\/\/www.fica.unsl.edu.ar\/index.php\/acto-de-apertura-del-viii-congreso-nacional-y-vii-congreso-internacional-de-ensenanza-de-las-ciencias-agropecuarias\/","og_site_name":"Facultad de Ingenier\u00eda y Ciencias Agropecuarias","article_publisher":"https:\/\/www.facebook.com\/FICA.UNSL\/","article_published_time":"2022-04-05T16:12:18+00:00","article_modified_time":"2022-04-29T12:20:12+00:00","og_image":[{"width":1061,"height":600,"url":"https:\/\/www.fica.unsl.edu.ar\/wp-content\/uploads\/2022\/04\/congreso-front.jpg","type":"image\/jpeg"}],"author":"DATI","twitter_card":"summary_large_image","twitter_creator":"@FICAUNSL","twitter_site":"@FICAUNSL","twitter_misc":{"Escrito por":"DATI","Tiempo de lectura":"3 minutos"},"schema":{"@context":"https:\/\/schema.org","@graph":[{"@type":"Article","@id":"https:\/\/www.fica.unsl.edu.ar\/index.php\/acto-de-apertura-del-viii-congreso-nacional-y-vii-congreso-internacional-de-ensenanza-de-las-ciencias-agropecuarias\/#article","isPartOf":{"@id":"https:\/\/www.fica.unsl.edu.ar\/index.php\/acto-de-apertura-del-viii-congreso-nacional-y-vii-congreso-internacional-de-ensenanza-de-las-ciencias-agropecuarias\/"},"author":{"name":"DATI","@id":"https:\/\/www.fica.unsl.edu.ar\/#\/schema\/person\/6058f9c66301868d3a691b1f5d6c3544"},"headline":"Acto de apertura del VIII Congreso Nacional y VII Congreso Internacional de Ense\u00f1anza de las Ciencias Agropecuarias","datePublished":"2022-04-05T16:12:18+00:00","dateModified":"2022-04-29T12:20:12+00:00","mainEntityOfPage":{"@id":"https:\/\/www.fica.unsl.edu.ar\/index.php\/acto-de-apertura-del-viii-congreso-nacional-y-vii-congreso-internacional-de-ensenanza-de-las-ciencias-agropecuarias\/"},"wordCount":494,"publisher":{"@id":"https:\/\/www.fica.unsl.edu.ar\/#organization"},"image":{"@id":"https:\/\/www.fica.unsl.edu.ar\/index.php\/acto-de-apertura-del-viii-congreso-nacional-y-vii-congreso-internacional-de-ensenanza-de-las-ciencias-agropecuarias\/#primaryimage"},"thumbnailUrl":"https:\/\/www.fica.unsl.edu.ar\/wp-content\/uploads\/2022\/04\/congreso-front.jpg","articleSection":["Noticias"],"inLanguage":"es-AR"},{"@type":"WebPage","@id":"https:\/\/www.fica.unsl.edu.ar\/index.php\/acto-de-apertura-del-viii-congreso-nacional-y-vii-congreso-internacional-de-ensenanza-de-las-ciencias-agropecuarias\/","url":"https:\/\/www.fica.unsl.edu.ar\/index.php\/acto-de-apertura-del-viii-congreso-nacional-y-vii-congreso-internacional-de-ensenanza-de-las-ciencias-agropecuarias\/","name":"Acto de apertura del VIII Congreso Nacional y VII Congreso Internacional de Ense\u00f1anza de las Ciencias Agropecuarias - Facultad de Ingenier\u00eda y Ciencias Agropecuarias","isPartOf":{"@id":"https:\/\/www.fica.unsl.edu.ar\/#website"},"primaryImageOfPage":{"@id":"https:\/\/www.fica.unsl.edu.ar\/index.php\/acto-de-apertura-del-viii-congreso-nacional-y-vii-congreso-internacional-de-ensenanza-de-las-ciencias-agropecuarias\/#primaryimage"},"image":{"@id":"https:\/\/www.fica.unsl.edu.ar\/index.php\/acto-de-apertura-del-viii-congreso-nacional-y-vii-congreso-internacional-de-ensenanza-de-las-ciencias-agropecuarias\/#primaryimage"},"thumbnailUrl":"https:\/\/www.fica.unsl.edu.ar\/wp-content\/uploads\/2022\/04\/congreso-front.jpg","datePublished":"2022-04-05T16:12:18+00:00","dateModified":"2022-04-29T12:20:12+00:00","inLanguage":"es-AR","potentialAction":[{"@type":"ReadAction","target":["https:\/\/www.fica.unsl.edu.ar\/index.php\/acto-de-apertura-del-viii-congreso-nacional-y-vii-congreso-internacional-de-ensenanza-de-las-ciencias-agropecuarias\/"]}]},{"@type":"ImageObject","inLanguage":"es-AR","@id":"https:\/\/www.fica.unsl.edu.ar\/index.php\/acto-de-apertura-del-viii-congreso-nacional-y-vii-congreso-internacional-de-ensenanza-de-las-ciencias-agropecuarias\/#primaryimage","url":"https:\/\/www.fica.unsl.edu.ar\/wp-content\/uploads\/2022\/04\/congreso-front.jpg","contentUrl":"https:\/\/www.fica.unsl.edu.ar\/wp-content\/uploads\/2022\/04\/congreso-front.jpg","width":1061,"height":600},{"@type":"WebSite","@id":"https:\/\/www.fica.unsl.edu.ar\/#website","url":"https:\/\/www.fica.unsl.edu.ar\/","name":"Facultad de Ingenier\u00eda y Ciencias Agropecuarias","description":"","publisher":{"@id":"https:\/\/www.fica.unsl.edu.ar\/#organization"},"potentialAction":[{"@type":"SearchAction","target":{"@type":"EntryPoint","urlTemplate":"https:\/\/www.fica.unsl.edu.ar\/?s={search_term_string}"},"query-input":{"@type":"PropertyValueSpecification","valueRequired":true,"valueName":"search_term_string"}}],"inLanguage":"es-AR"},{"@type":"Organization","@id":"https:\/\/www.fica.unsl.edu.ar\/#organization","name":"Facultad de Ingenier\u00eda y Ciencias Agropecuarias","url":"https:\/\/www.fica.unsl.edu.ar\/","logo":{"@type":"ImageObject","inLanguage":"es-AR","@id":"https:\/\/www.fica.unsl.edu.ar\/#\/schema\/logo\/image\/","url":"https:\/\/www.fica.unsl.edu.ar\/wp-content\/uploads\/2021\/03\/LOGO-1.jpg","contentUrl":"https:\/\/www.fica.unsl.edu.ar\/wp-content\/uploads\/2021\/03\/LOGO-1.jpg","width":463,"height":145,"caption":"Facultad de Ingenier\u00eda y Ciencias Agropecuarias"},"image":{"@id":"https:\/\/www.fica.unsl.edu.ar\/#\/schema\/logo\/image\/"},"sameAs":["https:\/\/www.facebook.com\/FICA.UNSL\/","https:\/\/x.com\/FICAUNSL","https:\/\/www.instagram.com\/fica.unsl\/","https:\/\/www.youtube.com\/channel\/UCs2MM53gb2PyBrMySdtWZDQ"]},{"@type":"Person","@id":"https:\/\/www.fica.unsl.edu.ar\/#\/schema\/person\/6058f9c66301868d3a691b1f5d6c3544","name":"DATI"}]}},"_links":{"self":[{"href":"https:\/\/www.fica.unsl.edu.ar\/index.php\/wp-json\/wp\/v2\/posts\/8817","targetHints":{"allow":["GET"]}}],"collection":[{"href":"https:\/\/www.fica.unsl.edu.ar\/index.php\/wp-json\/wp\/v2\/posts"}],"about":[{"href":"https:\/\/www.fica.unsl.edu.ar\/index.php\/wp-json\/wp\/v2\/types\/post"}],"author":[{"embeddable":true,"href":"https:\/\/www.fica.unsl.edu.ar\/index.php\/wp-json\/wp\/v2\/users\/9"}],"replies":[{"embeddable":true,"href":"https:\/\/www.fica.unsl.edu.ar\/index.php\/wp-json\/wp\/v2\/comments?post=8817"}],"version-history":[{"count":5,"href":"https:\/\/www.fica.unsl.edu.ar\/index.php\/wp-json\/wp\/v2\/posts\/8817\/revisions"}],"predecessor-version":[{"id":8830,"href":"https:\/\/www.fica.unsl.edu.ar\/index.php\/wp-json\/wp\/v2\/posts\/8817\/revisions\/8830"}],"wp:featuredmedia":[{"embeddable":true,"href":"https:\/\/www.fica.unsl.edu.ar\/index.php\/wp-json\/wp\/v2\/media\/8818"}],"wp:attachment":[{"href":"https:\/\/www.fica.unsl.edu.ar\/index.php\/wp-json\/wp\/v2\/media?parent=8817"}],"wp:term":[{"taxonomy":"category","embeddable":true,"href":"https:\/\/www.fica.unsl.edu.ar\/index.php\/wp-json\/wp\/v2\/categories?post=8817"},{"taxonomy":"post_tag","embeddable":true,"href":"https:\/\/www.fica.unsl.edu.ar\/index.php\/wp-json\/wp\/v2\/tags?post=8817"}],"curies":[{"name":"wp","href":"https:\/\/api.w.org\/{rel}","templated":true}]}}