{"id":8840,"date":"2022-04-07T12:41:07","date_gmt":"2022-04-07T15:41:07","guid":{"rendered":"http:\/\/10.101.10.196\/www\/?p=8840"},"modified":"2022-04-29T09:20:27","modified_gmt":"2022-04-29T12:20:27","slug":"integracion-para-potenciar-la-investigacion-extension-y-educacion","status":"publish","type":"post","link":"https:\/\/www.fica.unsl.edu.ar\/index.php\/integracion-para-potenciar-la-investigacion-extension-y-educacion\/","title":{"rendered":"Integraci\u00f3n para potenciar la investigaci\u00f3n, extensi\u00f3n y educaci\u00f3n"},"content":{"rendered":"<p>En el proceso de investigaci\u00f3n del Proipro 14-1420: An\u00e1lisis de Sistemas de producci\u00f3n animal para la inclusi\u00f3n de tecnolog\u00edas de procesos en la provincia de San Luis y el Proico 14-1120: An\u00e1lisis desde una perspectiva sist\u00e9mica de dos componentes del sistema productivo animal en un marco de sustentabilidad e inocuidad de producto, se conform\u00f3 un equipo de docentes investigadores donde participan las asignaturas de Biometr\u00eda y Dise\u00f1o experimental, Pastizales Naturales, Nutrici\u00f3n Animal, Producci\u00f3n Animal I y Producci\u00f3n Animal II que permitir\u00e1 en el mediano y largo plazo monitorear la evoluci\u00f3n de la composici\u00f3n flor\u00edstica y producci\u00f3n primaria de un pastizal natural (Bosque de Cald\u00e9n) intervenido con la siembra a\u00e9rea de pasturas megat\u00e9rmicas, <em>Digitaria eriantha<\/em> y <em>Panicum coloratum<\/em> realizada en el mes de Octubre de 2021.<\/p>\n<p>El 24 de Marzo de 2022 se realiz\u00f3 la segunda evaluaci\u00f3n, previa al ingreso de los animales al potrero, que consisti\u00f3 en: Observaciones de densidad (nro. de plantas\/metro<sup>2<\/sup>) y cobertura (%) siguiendo el m\u00e9todo de Daubenmire y el corte y pesado de biomasa a\u00e9rea vegetal de <em>D. eriantha<\/em>, <em>P. coloratum<\/em>, especies nativas del pastizal natural y especies latifoliadas para estimar la productividad de cada uno de los recursos forrajeros mencionados en kg de materia seca\/ha.<\/p>\n<p>Los primeros resultados indican que hubo una implantaci\u00f3n diferenciada de las dos megat\u00e9rmicas sembradas, en los dos ambientes relevados. As\u00ed en las zonas de sotobosque, donde domina el cald\u00e9n como especie le\u00f1osa, la densidad y cobertura de las especies del Pastizal natural y de las latifoliadas fueron mayores a <em>Digitaria y Panicum;<\/em> mientras que los ambientes de abra las megat\u00e9rmicas mostraron valores significativamente superiores.<\/p>\n<p>El proyecto no podr\u00eda ser llevado a cabo sin el significativo aporte del productor agropecuario Juan Cola que puso a disposici\u00f3n los potreros correspondientes donde se desarroll\u00f3 la siembra y donde se continuar\u00e1 con el proceso de monitoreo tanto de la evoluci\u00f3n del pastizal natural como del sistema ganadero de cr\u00eda bovina.<\/p>\n<p>La integraci\u00f3n p\u00fablico privada dada entre el departamento de Ciencias Agropecuarias de la FICA, el INTA, el productor agropecuario y asesores privados permitir\u00e1 reforzar la capacidad docente al incluir alumnos de grado y posgrado y que se genere respaldo cient\u00edfico a la informaci\u00f3n que se produzca a trav\u00e9s del tiempo que nos permita monitorear el impacto de la intervenci\u00f3n realizada, de la intensificaci\u00f3n productiva propuesta y de la sustentabilidad del sistema ganadero en un justo equilibrio ambiental.<\/p>\n<p><img fetchpriority=\"high\" decoding=\"async\" class=\"alignnone wp-image-8841 size-large\" src=\"https:\/\/www.fica.unsl.edu.ar\/wp-content\/uploads\/2022\/04\/Leyendo-transectas-1024x498.jpg\" alt=\"\" width=\"843\" height=\"410\" srcset=\"https:\/\/www.fica.unsl.edu.ar\/wp-content\/uploads\/2022\/04\/Leyendo-transectas-1024x498.jpg 1024w, https:\/\/www.fica.unsl.edu.ar\/wp-content\/uploads\/2022\/04\/Leyendo-transectas-300x146.jpg 300w, https:\/\/www.fica.unsl.edu.ar\/wp-content\/uploads\/2022\/04\/Leyendo-transectas-768x373.jpg 768w, https:\/\/www.fica.unsl.edu.ar\/wp-content\/uploads\/2022\/04\/Leyendo-transectas.jpg 1152w\" sizes=\"(max-width: 843px) 100vw, 843px\" \/><\/p>\n","protected":false},"excerpt":{"rendered":"<p>En el proceso de investigaci\u00f3n del Proipro 14-1420: An\u00e1lisis de Sistemas de producci\u00f3n animal para la inclusi\u00f3n de tecnolog\u00edas de procesos en la provincia de&hellip;<\/p>\n","protected":false},"author":9,"featured_media":8842,"comment_status":"closed","ping_status":"closed","sticky":false,"template":"","format":"standard","meta":{"_monsterinsights_skip_tracking":false,"_monsterinsights_sitenote_active":false,"_monsterinsights_sitenote_note":"","_monsterinsights_sitenote_category":0,"_joinchat":[],"footnotes":""},"categories":[19],"tags":[],"class_list":["post-8840","post","type-post","status-publish","format-standard","has-post-thumbnail","hentry","category-noticias"],"yoast_head":"<!-- This site is optimized with the Yoast SEO plugin v27.4 - https:\/\/yoast.com\/product\/yoast-seo-wordpress\/ -->\n<title>Integraci\u00f3n para potenciar la investigaci\u00f3n, extensi\u00f3n y educaci\u00f3n - Facultad de Ingenier\u00eda y Ciencias Agropecuarias<\/title>\n<meta name=\"robots\" content=\"index, follow, max-snippet:-1, max-image-preview:large, max-video-preview:-1\" \/>\n<link rel=\"canonical\" href=\"https:\/\/www.fica.unsl.edu.ar\/index.php\/integracion-para-potenciar-la-investigacion-extension-y-educacion\/\" \/>\n<meta property=\"og:locale\" content=\"es_ES\" \/>\n<meta property=\"og:type\" content=\"article\" \/>\n<meta property=\"og:title\" content=\"Integraci\u00f3n para potenciar la investigaci\u00f3n, extensi\u00f3n y educaci\u00f3n - Facultad de Ingenier\u00eda y Ciencias Agropecuarias\" \/>\n<meta property=\"og:description\" content=\"En el proceso de investigaci\u00f3n del Proipro 14-1420: An\u00e1lisis de Sistemas de producci\u00f3n animal para la inclusi\u00f3n de tecnolog\u00edas de procesos en la provincia de&hellip;\" \/>\n<meta property=\"og:url\" content=\"https:\/\/www.fica.unsl.edu.ar\/index.php\/integracion-para-potenciar-la-investigacion-extension-y-educacion\/\" \/>\n<meta property=\"og:site_name\" content=\"Facultad de Ingenier\u00eda y Ciencias Agropecuarias\" \/>\n<meta property=\"article:publisher\" content=\"https:\/\/www.facebook.com\/FICA.UNSL\/\" \/>\n<meta property=\"article:published_time\" content=\"2022-04-07T15:41:07+00:00\" \/>\n<meta property=\"article:modified_time\" content=\"2022-04-29T12:20:27+00:00\" \/>\n<meta property=\"og:image\" content=\"https:\/\/www.fica.unsl.edu.ar\/wp-content\/uploads\/2022\/04\/Equipo-de-campo.jpg\" \/>\n\t<meta property=\"og:image:width\" content=\"1061\" \/>\n\t<meta property=\"og:image:height\" content=\"633\" \/>\n\t<meta property=\"og:image:type\" content=\"image\/jpeg\" \/>\n<meta name=\"author\" content=\"DATI\" \/>\n<meta name=\"twitter:card\" content=\"summary_large_image\" \/>\n<meta name=\"twitter:creator\" content=\"@FICAUNSL\" \/>\n<meta name=\"twitter:site\" content=\"@FICAUNSL\" \/>\n<meta name=\"twitter:label1\" content=\"Escrito por\" \/>\n\t<meta name=\"twitter:data1\" content=\"DATI\" \/>\n\t<meta name=\"twitter:label2\" content=\"Tiempo de lectura\" \/>\n\t<meta name=\"twitter:data2\" content=\"3 minutos\" \/>\n<script type=\"application\/ld+json\" class=\"yoast-schema-graph\">{\"@context\":\"https:\\\/\\\/schema.org\",\"@graph\":[{\"@type\":\"Article\",\"@id\":\"https:\\\/\\\/www.fica.unsl.edu.ar\\\/index.php\\\/integracion-para-potenciar-la-investigacion-extension-y-educacion\\\/#article\",\"isPartOf\":{\"@id\":\"https:\\\/\\\/www.fica.unsl.edu.ar\\\/index.php\\\/integracion-para-potenciar-la-investigacion-extension-y-educacion\\\/\"},\"author\":{\"name\":\"DATI\",\"@id\":\"https:\\\/\\\/www.fica.unsl.edu.ar\\\/#\\\/schema\\\/person\\\/6058f9c66301868d3a691b1f5d6c3544\"},\"headline\":\"Integraci\u00f3n para potenciar la investigaci\u00f3n, extensi\u00f3n y educaci\u00f3n\",\"datePublished\":\"2022-04-07T15:41:07+00:00\",\"dateModified\":\"2022-04-29T12:20:27+00:00\",\"mainEntityOfPage\":{\"@id\":\"https:\\\/\\\/www.fica.unsl.edu.ar\\\/index.php\\\/integracion-para-potenciar-la-investigacion-extension-y-educacion\\\/\"},\"wordCount\":441,\"publisher\":{\"@id\":\"https:\\\/\\\/www.fica.unsl.edu.ar\\\/#organization\"},\"image\":{\"@id\":\"https:\\\/\\\/www.fica.unsl.edu.ar\\\/index.php\\\/integracion-para-potenciar-la-investigacion-extension-y-educacion\\\/#primaryimage\"},\"thumbnailUrl\":\"https:\\\/\\\/www.fica.unsl.edu.ar\\\/wp-content\\\/uploads\\\/2022\\\/04\\\/Equipo-de-campo.jpg\",\"articleSection\":[\"Noticias\"],\"inLanguage\":\"es-AR\"},{\"@type\":\"WebPage\",\"@id\":\"https:\\\/\\\/www.fica.unsl.edu.ar\\\/index.php\\\/integracion-para-potenciar-la-investigacion-extension-y-educacion\\\/\",\"url\":\"https:\\\/\\\/www.fica.unsl.edu.ar\\\/index.php\\\/integracion-para-potenciar-la-investigacion-extension-y-educacion\\\/\",\"name\":\"Integraci\u00f3n para potenciar la investigaci\u00f3n, extensi\u00f3n y educaci\u00f3n - Facultad de Ingenier\u00eda y Ciencias Agropecuarias\",\"isPartOf\":{\"@id\":\"https:\\\/\\\/www.fica.unsl.edu.ar\\\/#website\"},\"primaryImageOfPage\":{\"@id\":\"https:\\\/\\\/www.fica.unsl.edu.ar\\\/index.php\\\/integracion-para-potenciar-la-investigacion-extension-y-educacion\\\/#primaryimage\"},\"image\":{\"@id\":\"https:\\\/\\\/www.fica.unsl.edu.ar\\\/index.php\\\/integracion-para-potenciar-la-investigacion-extension-y-educacion\\\/#primaryimage\"},\"thumbnailUrl\":\"https:\\\/\\\/www.fica.unsl.edu.ar\\\/wp-content\\\/uploads\\\/2022\\\/04\\\/Equipo-de-campo.jpg\",\"datePublished\":\"2022-04-07T15:41:07+00:00\",\"dateModified\":\"2022-04-29T12:20:27+00:00\",\"inLanguage\":\"es-AR\",\"potentialAction\":[{\"@type\":\"ReadAction\",\"target\":[\"https:\\\/\\\/www.fica.unsl.edu.ar\\\/index.php\\\/integracion-para-potenciar-la-investigacion-extension-y-educacion\\\/\"]}]},{\"@type\":\"ImageObject\",\"inLanguage\":\"es-AR\",\"@id\":\"https:\\\/\\\/www.fica.unsl.edu.ar\\\/index.php\\\/integracion-para-potenciar-la-investigacion-extension-y-educacion\\\/#primaryimage\",\"url\":\"https:\\\/\\\/www.fica.unsl.edu.ar\\\/wp-content\\\/uploads\\\/2022\\\/04\\\/Equipo-de-campo.jpg\",\"contentUrl\":\"https:\\\/\\\/www.fica.unsl.edu.ar\\\/wp-content\\\/uploads\\\/2022\\\/04\\\/Equipo-de-campo.jpg\",\"width\":1061,\"height\":633},{\"@type\":\"WebSite\",\"@id\":\"https:\\\/\\\/www.fica.unsl.edu.ar\\\/#website\",\"url\":\"https:\\\/\\\/www.fica.unsl.edu.ar\\\/\",\"name\":\"Facultad de Ingenier\u00eda y Ciencias Agropecuarias\",\"description\":\"\",\"publisher\":{\"@id\":\"https:\\\/\\\/www.fica.unsl.edu.ar\\\/#organization\"},\"potentialAction\":[{\"@type\":\"SearchAction\",\"target\":{\"@type\":\"EntryPoint\",\"urlTemplate\":\"https:\\\/\\\/www.fica.unsl.edu.ar\\\/?s={search_term_string}\"},\"query-input\":{\"@type\":\"PropertyValueSpecification\",\"valueRequired\":true,\"valueName\":\"search_term_string\"}}],\"inLanguage\":\"es-AR\"},{\"@type\":\"Organization\",\"@id\":\"https:\\\/\\\/www.fica.unsl.edu.ar\\\/#organization\",\"name\":\"Facultad de Ingenier\u00eda y Ciencias Agropecuarias\",\"url\":\"https:\\\/\\\/www.fica.unsl.edu.ar\\\/\",\"logo\":{\"@type\":\"ImageObject\",\"inLanguage\":\"es-AR\",\"@id\":\"https:\\\/\\\/www.fica.unsl.edu.ar\\\/#\\\/schema\\\/logo\\\/image\\\/\",\"url\":\"https:\\\/\\\/www.fica.unsl.edu.ar\\\/wp-content\\\/uploads\\\/2021\\\/03\\\/LOGO-1.jpg\",\"contentUrl\":\"https:\\\/\\\/www.fica.unsl.edu.ar\\\/wp-content\\\/uploads\\\/2021\\\/03\\\/LOGO-1.jpg\",\"width\":463,\"height\":145,\"caption\":\"Facultad de Ingenier\u00eda y Ciencias Agropecuarias\"},\"image\":{\"@id\":\"https:\\\/\\\/www.fica.unsl.edu.ar\\\/#\\\/schema\\\/logo\\\/image\\\/\"},\"sameAs\":[\"https:\\\/\\\/www.facebook.com\\\/FICA.UNSL\\\/\",\"https:\\\/\\\/x.com\\\/FICAUNSL\",\"https:\\\/\\\/www.instagram.com\\\/fica.unsl\\\/\",\"https:\\\/\\\/www.youtube.com\\\/channel\\\/UCs2MM53gb2PyBrMySdtWZDQ\"]},{\"@type\":\"Person\",\"@id\":\"https:\\\/\\\/www.fica.unsl.edu.ar\\\/#\\\/schema\\\/person\\\/6058f9c66301868d3a691b1f5d6c3544\",\"name\":\"DATI\"}]}<\/script>\n<!-- \/ Yoast SEO plugin. -->","yoast_head_json":{"title":"Integraci\u00f3n para potenciar la investigaci\u00f3n, extensi\u00f3n y educaci\u00f3n - Facultad de Ingenier\u00eda y Ciencias Agropecuarias","robots":{"index":"index","follow":"follow","max-snippet":"max-snippet:-1","max-image-preview":"max-image-preview:large","max-video-preview":"max-video-preview:-1"},"canonical":"https:\/\/www.fica.unsl.edu.ar\/index.php\/integracion-para-potenciar-la-investigacion-extension-y-educacion\/","og_locale":"es_ES","og_type":"article","og_title":"Integraci\u00f3n para potenciar la investigaci\u00f3n, extensi\u00f3n y educaci\u00f3n - Facultad de Ingenier\u00eda y Ciencias Agropecuarias","og_description":"En el proceso de investigaci\u00f3n del Proipro 14-1420: An\u00e1lisis de Sistemas de producci\u00f3n animal para la inclusi\u00f3n de tecnolog\u00edas de procesos en la provincia de&hellip;","og_url":"https:\/\/www.fica.unsl.edu.ar\/index.php\/integracion-para-potenciar-la-investigacion-extension-y-educacion\/","og_site_name":"Facultad de Ingenier\u00eda y Ciencias Agropecuarias","article_publisher":"https:\/\/www.facebook.com\/FICA.UNSL\/","article_published_time":"2022-04-07T15:41:07+00:00","article_modified_time":"2022-04-29T12:20:27+00:00","og_image":[{"width":1061,"height":633,"url":"https:\/\/www.fica.unsl.edu.ar\/wp-content\/uploads\/2022\/04\/Equipo-de-campo.jpg","type":"image\/jpeg"}],"author":"DATI","twitter_card":"summary_large_image","twitter_creator":"@FICAUNSL","twitter_site":"@FICAUNSL","twitter_misc":{"Escrito por":"DATI","Tiempo de lectura":"3 minutos"},"schema":{"@context":"https:\/\/schema.org","@graph":[{"@type":"Article","@id":"https:\/\/www.fica.unsl.edu.ar\/index.php\/integracion-para-potenciar-la-investigacion-extension-y-educacion\/#article","isPartOf":{"@id":"https:\/\/www.fica.unsl.edu.ar\/index.php\/integracion-para-potenciar-la-investigacion-extension-y-educacion\/"},"author":{"name":"DATI","@id":"https:\/\/www.fica.unsl.edu.ar\/#\/schema\/person\/6058f9c66301868d3a691b1f5d6c3544"},"headline":"Integraci\u00f3n para potenciar la investigaci\u00f3n, extensi\u00f3n y educaci\u00f3n","datePublished":"2022-04-07T15:41:07+00:00","dateModified":"2022-04-29T12:20:27+00:00","mainEntityOfPage":{"@id":"https:\/\/www.fica.unsl.edu.ar\/index.php\/integracion-para-potenciar-la-investigacion-extension-y-educacion\/"},"wordCount":441,"publisher":{"@id":"https:\/\/www.fica.unsl.edu.ar\/#organization"},"image":{"@id":"https:\/\/www.fica.unsl.edu.ar\/index.php\/integracion-para-potenciar-la-investigacion-extension-y-educacion\/#primaryimage"},"thumbnailUrl":"https:\/\/www.fica.unsl.edu.ar\/wp-content\/uploads\/2022\/04\/Equipo-de-campo.jpg","articleSection":["Noticias"],"inLanguage":"es-AR"},{"@type":"WebPage","@id":"https:\/\/www.fica.unsl.edu.ar\/index.php\/integracion-para-potenciar-la-investigacion-extension-y-educacion\/","url":"https:\/\/www.fica.unsl.edu.ar\/index.php\/integracion-para-potenciar-la-investigacion-extension-y-educacion\/","name":"Integraci\u00f3n para potenciar la investigaci\u00f3n, extensi\u00f3n y educaci\u00f3n - Facultad de Ingenier\u00eda y Ciencias Agropecuarias","isPartOf":{"@id":"https:\/\/www.fica.unsl.edu.ar\/#website"},"primaryImageOfPage":{"@id":"https:\/\/www.fica.unsl.edu.ar\/index.php\/integracion-para-potenciar-la-investigacion-extension-y-educacion\/#primaryimage"},"image":{"@id":"https:\/\/www.fica.unsl.edu.ar\/index.php\/integracion-para-potenciar-la-investigacion-extension-y-educacion\/#primaryimage"},"thumbnailUrl":"https:\/\/www.fica.unsl.edu.ar\/wp-content\/uploads\/2022\/04\/Equipo-de-campo.jpg","datePublished":"2022-04-07T15:41:07+00:00","dateModified":"2022-04-29T12:20:27+00:00","inLanguage":"es-AR","potentialAction":[{"@type":"ReadAction","target":["https:\/\/www.fica.unsl.edu.ar\/index.php\/integracion-para-potenciar-la-investigacion-extension-y-educacion\/"]}]},{"@type":"ImageObject","inLanguage":"es-AR","@id":"https:\/\/www.fica.unsl.edu.ar\/index.php\/integracion-para-potenciar-la-investigacion-extension-y-educacion\/#primaryimage","url":"https:\/\/www.fica.unsl.edu.ar\/wp-content\/uploads\/2022\/04\/Equipo-de-campo.jpg","contentUrl":"https:\/\/www.fica.unsl.edu.ar\/wp-content\/uploads\/2022\/04\/Equipo-de-campo.jpg","width":1061,"height":633},{"@type":"WebSite","@id":"https:\/\/www.fica.unsl.edu.ar\/#website","url":"https:\/\/www.fica.unsl.edu.ar\/","name":"Facultad de Ingenier\u00eda y Ciencias Agropecuarias","description":"","publisher":{"@id":"https:\/\/www.fica.unsl.edu.ar\/#organization"},"potentialAction":[{"@type":"SearchAction","target":{"@type":"EntryPoint","urlTemplate":"https:\/\/www.fica.unsl.edu.ar\/?s={search_term_string}"},"query-input":{"@type":"PropertyValueSpecification","valueRequired":true,"valueName":"search_term_string"}}],"inLanguage":"es-AR"},{"@type":"Organization","@id":"https:\/\/www.fica.unsl.edu.ar\/#organization","name":"Facultad de Ingenier\u00eda y Ciencias Agropecuarias","url":"https:\/\/www.fica.unsl.edu.ar\/","logo":{"@type":"ImageObject","inLanguage":"es-AR","@id":"https:\/\/www.fica.unsl.edu.ar\/#\/schema\/logo\/image\/","url":"https:\/\/www.fica.unsl.edu.ar\/wp-content\/uploads\/2021\/03\/LOGO-1.jpg","contentUrl":"https:\/\/www.fica.unsl.edu.ar\/wp-content\/uploads\/2021\/03\/LOGO-1.jpg","width":463,"height":145,"caption":"Facultad de Ingenier\u00eda y Ciencias Agropecuarias"},"image":{"@id":"https:\/\/www.fica.unsl.edu.ar\/#\/schema\/logo\/image\/"},"sameAs":["https:\/\/www.facebook.com\/FICA.UNSL\/","https:\/\/x.com\/FICAUNSL","https:\/\/www.instagram.com\/fica.unsl\/","https:\/\/www.youtube.com\/channel\/UCs2MM53gb2PyBrMySdtWZDQ"]},{"@type":"Person","@id":"https:\/\/www.fica.unsl.edu.ar\/#\/schema\/person\/6058f9c66301868d3a691b1f5d6c3544","name":"DATI"}]}},"_links":{"self":[{"href":"https:\/\/www.fica.unsl.edu.ar\/index.php\/wp-json\/wp\/v2\/posts\/8840","targetHints":{"allow":["GET"]}}],"collection":[{"href":"https:\/\/www.fica.unsl.edu.ar\/index.php\/wp-json\/wp\/v2\/posts"}],"about":[{"href":"https:\/\/www.fica.unsl.edu.ar\/index.php\/wp-json\/wp\/v2\/types\/post"}],"author":[{"embeddable":true,"href":"https:\/\/www.fica.unsl.edu.ar\/index.php\/wp-json\/wp\/v2\/users\/9"}],"replies":[{"embeddable":true,"href":"https:\/\/www.fica.unsl.edu.ar\/index.php\/wp-json\/wp\/v2\/comments?post=8840"}],"version-history":[{"count":1,"href":"https:\/\/www.fica.unsl.edu.ar\/index.php\/wp-json\/wp\/v2\/posts\/8840\/revisions"}],"predecessor-version":[{"id":8843,"href":"https:\/\/www.fica.unsl.edu.ar\/index.php\/wp-json\/wp\/v2\/posts\/8840\/revisions\/8843"}],"wp:featuredmedia":[{"embeddable":true,"href":"https:\/\/www.fica.unsl.edu.ar\/index.php\/wp-json\/wp\/v2\/media\/8842"}],"wp:attachment":[{"href":"https:\/\/www.fica.unsl.edu.ar\/index.php\/wp-json\/wp\/v2\/media?parent=8840"}],"wp:term":[{"taxonomy":"category","embeddable":true,"href":"https:\/\/www.fica.unsl.edu.ar\/index.php\/wp-json\/wp\/v2\/categories?post=8840"},{"taxonomy":"post_tag","embeddable":true,"href":"https:\/\/www.fica.unsl.edu.ar\/index.php\/wp-json\/wp\/v2\/tags?post=8840"}],"curies":[{"name":"wp","href":"https:\/\/api.w.org\/{rel}","templated":true}]}}