{"id":8971,"date":"2022-04-29T00:32:05","date_gmt":"2022-04-29T03:32:05","guid":{"rendered":"http:\/\/10.101.10.196\/www\/?p=8971"},"modified":"2022-04-29T16:48:07","modified_gmt":"2022-04-29T19:48:07","slug":"el-proyecto-ojo-de-halcon-sera-reconocido-por-el-honorable-senado-de-la-nacion","status":"publish","type":"post","link":"https:\/\/www.fica.unsl.edu.ar\/index.php\/el-proyecto-ojo-de-halcon-sera-reconocido-por-el-honorable-senado-de-la-nacion\/","title":{"rendered":"El proyecto \u201cOjo de Halc\u00f3n\u201d ser\u00e1 reconocido por el Honorable Senado de la Naci\u00f3n"},"content":{"rendered":"<p>La FICA invita a toda la comunidad universitaria, al acto de Reconocimiento que llevar\u00e1 a cabo la Comisi\u00f3n de Ciencia y Tecnolog\u00eda del Honorable Senado de la Naci\u00f3n, por el Desarrollo del Avi\u00f3n\/Drone \u201cOjo de Halc\u00f3n\u201d. Este acto tendr\u00e1 lugar el viernes 29 de abril a las 11 horas, en las aulas del Espacio Programas Especiales del Campus Universitario.<\/p>\n<p>El proyecto \u00abOjo de Halc\u00f3n\u00bb, pertenece a la l\u00ednea de investigaci\u00f3n del Dr. Guillermo Catuogno junto al Ing. Carlos Catuogno. La idea del desarrollo de esta plataforma a\u00e9rea \u00abOjo de Halc\u00f3n\u00bb surgi\u00f3 como una necesidad para el estudio de la creciente problem\u00e1tica del Rio Nuevo en la cuenca del Morro en la provincia de San Luis. Se necesitaba desarrollar una plataforma de monitoreo que pudiera cubrir grandes \u00e1reas, y a un bajo costo, que permitiera hacer relevamientos fotogr\u00e1ficos y de video online en caso de ser necesario.<\/p>\n<p>A medida que el proyecto fue avanzando, y sin descuidar el objetivo principal, se fueron desarrollaron paralelamente m\u00faltiples aplicaciones que pueden r\u00e1pidamente adaptarse a la plataforma para otros usos.<br \/>\nPor ello se desarroll\u00f3 la posibilidad de proveer conectividad wifi a zonas remotas y\/o zonas de desastres naturales para mantener comunicados a los habitantes que no poseen otro tipo de sistemas de comunicaci\u00f3n, poseer la capacidad de hacer vuelos de reconocimiento con c\u00e1maras instaladas que transmitir\u00edan en vivo la informaci\u00f3n en tiempo real a los usuarios ubicados en la misma zona donde este volando el avi\u00f3n-drone, para monitoreo de zonas de desastres clim\u00e1ticos, como inundaciones e incendios; y utilizar su conectividad para hacer relevamiento de telemetr\u00eda para microrredes aisladas en zonas rurales de dif\u00edcil acceso, como as\u00ed tambi\u00e9n de generadores e\u00f3licos aislados.<\/p>\n<p>Consiste en un avi\u00f3n\/drone aut\u00f3nomo que principalmente utiliza la energ\u00eda del sol para trasladarse, permitiendo aumentar la capacidad de los vuelos a m\u00e1s de 12 horas, mejorando la resistencia y ayudando a que el dispositivo vuele por m\u00e1s tiempo sin cargar peso en bater\u00edas.<\/p>\n<p>En el 2020 el proyecto, bajo la denominaci\u00f3n Low Cost Open Source Aerial Platform for Humanitarian Applications in Large Coverage Areas, obtuvo el segundo puesto del concurso internacional IEEE IES Inter Chapter Paper Competition 2020 (IPC 2020) Competition Theme: Industrial Electronics Technologies For A Sustainable And Resilient Society.<\/p>\n<p>&nbsp;<\/p>\n<p><img fetchpriority=\"high\" decoding=\"async\" class=\"aligncenter size-full wp-image-8974\" src=\"https:\/\/www.fica.unsl.edu.ar\/wp-content\/uploads\/2022\/04\/cf81a0b4-45af-46f4-aaba-2c71525de913.jpg\" alt=\"\" width=\"1080\" height=\"1080\" srcset=\"https:\/\/www.fica.unsl.edu.ar\/wp-content\/uploads\/2022\/04\/cf81a0b4-45af-46f4-aaba-2c71525de913.jpg 1080w, https:\/\/www.fica.unsl.edu.ar\/wp-content\/uploads\/2022\/04\/cf81a0b4-45af-46f4-aaba-2c71525de913-300x300.jpg 300w, https:\/\/www.fica.unsl.edu.ar\/wp-content\/uploads\/2022\/04\/cf81a0b4-45af-46f4-aaba-2c71525de913-1024x1024.jpg 1024w, https:\/\/www.fica.unsl.edu.ar\/wp-content\/uploads\/2022\/04\/cf81a0b4-45af-46f4-aaba-2c71525de913-150x150.jpg 150w, https:\/\/www.fica.unsl.edu.ar\/wp-content\/uploads\/2022\/04\/cf81a0b4-45af-46f4-aaba-2c71525de913-768x768.jpg 768w\" sizes=\"(max-width: 1080px) 100vw, 1080px\" \/><\/p>\n","protected":false},"excerpt":{"rendered":"<p>La FICA invita a toda la comunidad universitaria, al acto de Reconocimiento que llevar\u00e1 a cabo la Comisi\u00f3n de Ciencia y Tecnolog\u00eda del Honorable Senado&hellip;<\/p>\n","protected":false},"author":9,"featured_media":8972,"comment_status":"closed","ping_status":"closed","sticky":false,"template":"","format":"standard","meta":{"_monsterinsights_skip_tracking":false,"_monsterinsights_sitenote_active":false,"_monsterinsights_sitenote_note":"","_monsterinsights_sitenote_category":0,"_joinchat":[],"footnotes":""},"categories":[19],"tags":[],"class_list":["post-8971","post","type-post","status-publish","format-standard","has-post-thumbnail","hentry","category-noticias"],"yoast_head":"<!-- This site is optimized with the Yoast SEO plugin v27.4 - https:\/\/yoast.com\/product\/yoast-seo-wordpress\/ -->\n<title>El proyecto \u201cOjo de Halc\u00f3n\u201d ser\u00e1 reconocido por el Honorable Senado de la Naci\u00f3n - Facultad de Ingenier\u00eda y Ciencias Agropecuarias<\/title>\n<meta name=\"robots\" content=\"index, follow, max-snippet:-1, max-image-preview:large, max-video-preview:-1\" \/>\n<link rel=\"canonical\" href=\"https:\/\/www.fica.unsl.edu.ar\/index.php\/el-proyecto-ojo-de-halcon-sera-reconocido-por-el-honorable-senado-de-la-nacion\/\" \/>\n<meta property=\"og:locale\" content=\"es_ES\" \/>\n<meta property=\"og:type\" content=\"article\" \/>\n<meta property=\"og:title\" content=\"El proyecto \u201cOjo de Halc\u00f3n\u201d ser\u00e1 reconocido por el Honorable Senado de la Naci\u00f3n - Facultad de Ingenier\u00eda y Ciencias Agropecuarias\" \/>\n<meta property=\"og:description\" content=\"La FICA invita a toda la comunidad universitaria, al acto de Reconocimiento que llevar\u00e1 a cabo la Comisi\u00f3n de Ciencia y Tecnolog\u00eda del Honorable Senado&hellip;\" \/>\n<meta property=\"og:url\" content=\"https:\/\/www.fica.unsl.edu.ar\/index.php\/el-proyecto-ojo-de-halcon-sera-reconocido-por-el-honorable-senado-de-la-nacion\/\" \/>\n<meta property=\"og:site_name\" content=\"Facultad de Ingenier\u00eda y Ciencias Agropecuarias\" \/>\n<meta property=\"article:publisher\" content=\"https:\/\/www.facebook.com\/FICA.UNSL\/\" \/>\n<meta property=\"article:published_time\" content=\"2022-04-29T03:32:05+00:00\" \/>\n<meta property=\"article:modified_time\" content=\"2022-04-29T19:48:07+00:00\" \/>\n<meta property=\"og:image\" content=\"https:\/\/www.fica.unsl.edu.ar\/wp-content\/uploads\/2022\/04\/ojo-de-halcon.jpg\" \/>\n\t<meta property=\"og:image:width\" content=\"1061\" \/>\n\t<meta property=\"og:image:height\" content=\"600\" \/>\n\t<meta property=\"og:image:type\" content=\"image\/jpeg\" \/>\n<meta name=\"author\" content=\"DATI\" \/>\n<meta name=\"twitter:card\" content=\"summary_large_image\" \/>\n<meta name=\"twitter:creator\" content=\"@FICAUNSL\" \/>\n<meta name=\"twitter:site\" content=\"@FICAUNSL\" \/>\n<meta name=\"twitter:label1\" content=\"Escrito por\" \/>\n\t<meta name=\"twitter:data1\" content=\"DATI\" \/>\n\t<meta name=\"twitter:label2\" content=\"Tiempo de lectura\" \/>\n\t<meta name=\"twitter:data2\" content=\"2 minutos\" \/>\n<script type=\"application\/ld+json\" class=\"yoast-schema-graph\">{\"@context\":\"https:\\\/\\\/schema.org\",\"@graph\":[{\"@type\":\"Article\",\"@id\":\"https:\\\/\\\/www.fica.unsl.edu.ar\\\/index.php\\\/el-proyecto-ojo-de-halcon-sera-reconocido-por-el-honorable-senado-de-la-nacion\\\/#article\",\"isPartOf\":{\"@id\":\"https:\\\/\\\/www.fica.unsl.edu.ar\\\/index.php\\\/el-proyecto-ojo-de-halcon-sera-reconocido-por-el-honorable-senado-de-la-nacion\\\/\"},\"author\":{\"name\":\"DATI\",\"@id\":\"https:\\\/\\\/www.fica.unsl.edu.ar\\\/#\\\/schema\\\/person\\\/6058f9c66301868d3a691b1f5d6c3544\"},\"headline\":\"El proyecto \u201cOjo de Halc\u00f3n\u201d ser\u00e1 reconocido por el Honorable Senado de la Naci\u00f3n\",\"datePublished\":\"2022-04-29T03:32:05+00:00\",\"dateModified\":\"2022-04-29T19:48:07+00:00\",\"mainEntityOfPage\":{\"@id\":\"https:\\\/\\\/www.fica.unsl.edu.ar\\\/index.php\\\/el-proyecto-ojo-de-halcon-sera-reconocido-por-el-honorable-senado-de-la-nacion\\\/\"},\"wordCount\":414,\"publisher\":{\"@id\":\"https:\\\/\\\/www.fica.unsl.edu.ar\\\/#organization\"},\"image\":{\"@id\":\"https:\\\/\\\/www.fica.unsl.edu.ar\\\/index.php\\\/el-proyecto-ojo-de-halcon-sera-reconocido-por-el-honorable-senado-de-la-nacion\\\/#primaryimage\"},\"thumbnailUrl\":\"https:\\\/\\\/www.fica.unsl.edu.ar\\\/wp-content\\\/uploads\\\/2022\\\/04\\\/ojo-de-halcon.jpg\",\"articleSection\":[\"Noticias\"],\"inLanguage\":\"es-AR\"},{\"@type\":\"WebPage\",\"@id\":\"https:\\\/\\\/www.fica.unsl.edu.ar\\\/index.php\\\/el-proyecto-ojo-de-halcon-sera-reconocido-por-el-honorable-senado-de-la-nacion\\\/\",\"url\":\"https:\\\/\\\/www.fica.unsl.edu.ar\\\/index.php\\\/el-proyecto-ojo-de-halcon-sera-reconocido-por-el-honorable-senado-de-la-nacion\\\/\",\"name\":\"El proyecto \u201cOjo de Halc\u00f3n\u201d ser\u00e1 reconocido por el Honorable Senado de la Naci\u00f3n - Facultad de Ingenier\u00eda y Ciencias Agropecuarias\",\"isPartOf\":{\"@id\":\"https:\\\/\\\/www.fica.unsl.edu.ar\\\/#website\"},\"primaryImageOfPage\":{\"@id\":\"https:\\\/\\\/www.fica.unsl.edu.ar\\\/index.php\\\/el-proyecto-ojo-de-halcon-sera-reconocido-por-el-honorable-senado-de-la-nacion\\\/#primaryimage\"},\"image\":{\"@id\":\"https:\\\/\\\/www.fica.unsl.edu.ar\\\/index.php\\\/el-proyecto-ojo-de-halcon-sera-reconocido-por-el-honorable-senado-de-la-nacion\\\/#primaryimage\"},\"thumbnailUrl\":\"https:\\\/\\\/www.fica.unsl.edu.ar\\\/wp-content\\\/uploads\\\/2022\\\/04\\\/ojo-de-halcon.jpg\",\"datePublished\":\"2022-04-29T03:32:05+00:00\",\"dateModified\":\"2022-04-29T19:48:07+00:00\",\"inLanguage\":\"es-AR\",\"potentialAction\":[{\"@type\":\"ReadAction\",\"target\":[\"https:\\\/\\\/www.fica.unsl.edu.ar\\\/index.php\\\/el-proyecto-ojo-de-halcon-sera-reconocido-por-el-honorable-senado-de-la-nacion\\\/\"]}]},{\"@type\":\"ImageObject\",\"inLanguage\":\"es-AR\",\"@id\":\"https:\\\/\\\/www.fica.unsl.edu.ar\\\/index.php\\\/el-proyecto-ojo-de-halcon-sera-reconocido-por-el-honorable-senado-de-la-nacion\\\/#primaryimage\",\"url\":\"https:\\\/\\\/www.fica.unsl.edu.ar\\\/wp-content\\\/uploads\\\/2022\\\/04\\\/ojo-de-halcon.jpg\",\"contentUrl\":\"https:\\\/\\\/www.fica.unsl.edu.ar\\\/wp-content\\\/uploads\\\/2022\\\/04\\\/ojo-de-halcon.jpg\",\"width\":1061,\"height\":600},{\"@type\":\"WebSite\",\"@id\":\"https:\\\/\\\/www.fica.unsl.edu.ar\\\/#website\",\"url\":\"https:\\\/\\\/www.fica.unsl.edu.ar\\\/\",\"name\":\"Facultad de Ingenier\u00eda y Ciencias Agropecuarias\",\"description\":\"\",\"publisher\":{\"@id\":\"https:\\\/\\\/www.fica.unsl.edu.ar\\\/#organization\"},\"potentialAction\":[{\"@type\":\"SearchAction\",\"target\":{\"@type\":\"EntryPoint\",\"urlTemplate\":\"https:\\\/\\\/www.fica.unsl.edu.ar\\\/?s={search_term_string}\"},\"query-input\":{\"@type\":\"PropertyValueSpecification\",\"valueRequired\":true,\"valueName\":\"search_term_string\"}}],\"inLanguage\":\"es-AR\"},{\"@type\":\"Organization\",\"@id\":\"https:\\\/\\\/www.fica.unsl.edu.ar\\\/#organization\",\"name\":\"Facultad de Ingenier\u00eda y Ciencias Agropecuarias\",\"url\":\"https:\\\/\\\/www.fica.unsl.edu.ar\\\/\",\"logo\":{\"@type\":\"ImageObject\",\"inLanguage\":\"es-AR\",\"@id\":\"https:\\\/\\\/www.fica.unsl.edu.ar\\\/#\\\/schema\\\/logo\\\/image\\\/\",\"url\":\"https:\\\/\\\/www.fica.unsl.edu.ar\\\/wp-content\\\/uploads\\\/2021\\\/03\\\/LOGO-1.jpg\",\"contentUrl\":\"https:\\\/\\\/www.fica.unsl.edu.ar\\\/wp-content\\\/uploads\\\/2021\\\/03\\\/LOGO-1.jpg\",\"width\":463,\"height\":145,\"caption\":\"Facultad de Ingenier\u00eda y Ciencias Agropecuarias\"},\"image\":{\"@id\":\"https:\\\/\\\/www.fica.unsl.edu.ar\\\/#\\\/schema\\\/logo\\\/image\\\/\"},\"sameAs\":[\"https:\\\/\\\/www.facebook.com\\\/FICA.UNSL\\\/\",\"https:\\\/\\\/x.com\\\/FICAUNSL\",\"https:\\\/\\\/www.instagram.com\\\/fica.unsl\\\/\",\"https:\\\/\\\/www.youtube.com\\\/channel\\\/UCs2MM53gb2PyBrMySdtWZDQ\"]},{\"@type\":\"Person\",\"@id\":\"https:\\\/\\\/www.fica.unsl.edu.ar\\\/#\\\/schema\\\/person\\\/6058f9c66301868d3a691b1f5d6c3544\",\"name\":\"DATI\"}]}<\/script>\n<!-- \/ Yoast SEO plugin. -->","yoast_head_json":{"title":"El proyecto \u201cOjo de Halc\u00f3n\u201d ser\u00e1 reconocido por el Honorable Senado de la Naci\u00f3n - Facultad de Ingenier\u00eda y Ciencias Agropecuarias","robots":{"index":"index","follow":"follow","max-snippet":"max-snippet:-1","max-image-preview":"max-image-preview:large","max-video-preview":"max-video-preview:-1"},"canonical":"https:\/\/www.fica.unsl.edu.ar\/index.php\/el-proyecto-ojo-de-halcon-sera-reconocido-por-el-honorable-senado-de-la-nacion\/","og_locale":"es_ES","og_type":"article","og_title":"El proyecto \u201cOjo de Halc\u00f3n\u201d ser\u00e1 reconocido por el Honorable Senado de la Naci\u00f3n - Facultad de Ingenier\u00eda y Ciencias Agropecuarias","og_description":"La FICA invita a toda la comunidad universitaria, al acto de Reconocimiento que llevar\u00e1 a cabo la Comisi\u00f3n de Ciencia y Tecnolog\u00eda del Honorable Senado&hellip;","og_url":"https:\/\/www.fica.unsl.edu.ar\/index.php\/el-proyecto-ojo-de-halcon-sera-reconocido-por-el-honorable-senado-de-la-nacion\/","og_site_name":"Facultad de Ingenier\u00eda y Ciencias Agropecuarias","article_publisher":"https:\/\/www.facebook.com\/FICA.UNSL\/","article_published_time":"2022-04-29T03:32:05+00:00","article_modified_time":"2022-04-29T19:48:07+00:00","og_image":[{"width":1061,"height":600,"url":"https:\/\/www.fica.unsl.edu.ar\/wp-content\/uploads\/2022\/04\/ojo-de-halcon.jpg","type":"image\/jpeg"}],"author":"DATI","twitter_card":"summary_large_image","twitter_creator":"@FICAUNSL","twitter_site":"@FICAUNSL","twitter_misc":{"Escrito por":"DATI","Tiempo de lectura":"2 minutos"},"schema":{"@context":"https:\/\/schema.org","@graph":[{"@type":"Article","@id":"https:\/\/www.fica.unsl.edu.ar\/index.php\/el-proyecto-ojo-de-halcon-sera-reconocido-por-el-honorable-senado-de-la-nacion\/#article","isPartOf":{"@id":"https:\/\/www.fica.unsl.edu.ar\/index.php\/el-proyecto-ojo-de-halcon-sera-reconocido-por-el-honorable-senado-de-la-nacion\/"},"author":{"name":"DATI","@id":"https:\/\/www.fica.unsl.edu.ar\/#\/schema\/person\/6058f9c66301868d3a691b1f5d6c3544"},"headline":"El proyecto \u201cOjo de Halc\u00f3n\u201d ser\u00e1 reconocido por el Honorable Senado de la Naci\u00f3n","datePublished":"2022-04-29T03:32:05+00:00","dateModified":"2022-04-29T19:48:07+00:00","mainEntityOfPage":{"@id":"https:\/\/www.fica.unsl.edu.ar\/index.php\/el-proyecto-ojo-de-halcon-sera-reconocido-por-el-honorable-senado-de-la-nacion\/"},"wordCount":414,"publisher":{"@id":"https:\/\/www.fica.unsl.edu.ar\/#organization"},"image":{"@id":"https:\/\/www.fica.unsl.edu.ar\/index.php\/el-proyecto-ojo-de-halcon-sera-reconocido-por-el-honorable-senado-de-la-nacion\/#primaryimage"},"thumbnailUrl":"https:\/\/www.fica.unsl.edu.ar\/wp-content\/uploads\/2022\/04\/ojo-de-halcon.jpg","articleSection":["Noticias"],"inLanguage":"es-AR"},{"@type":"WebPage","@id":"https:\/\/www.fica.unsl.edu.ar\/index.php\/el-proyecto-ojo-de-halcon-sera-reconocido-por-el-honorable-senado-de-la-nacion\/","url":"https:\/\/www.fica.unsl.edu.ar\/index.php\/el-proyecto-ojo-de-halcon-sera-reconocido-por-el-honorable-senado-de-la-nacion\/","name":"El proyecto \u201cOjo de Halc\u00f3n\u201d ser\u00e1 reconocido por el Honorable Senado de la Naci\u00f3n - Facultad de Ingenier\u00eda y Ciencias Agropecuarias","isPartOf":{"@id":"https:\/\/www.fica.unsl.edu.ar\/#website"},"primaryImageOfPage":{"@id":"https:\/\/www.fica.unsl.edu.ar\/index.php\/el-proyecto-ojo-de-halcon-sera-reconocido-por-el-honorable-senado-de-la-nacion\/#primaryimage"},"image":{"@id":"https:\/\/www.fica.unsl.edu.ar\/index.php\/el-proyecto-ojo-de-halcon-sera-reconocido-por-el-honorable-senado-de-la-nacion\/#primaryimage"},"thumbnailUrl":"https:\/\/www.fica.unsl.edu.ar\/wp-content\/uploads\/2022\/04\/ojo-de-halcon.jpg","datePublished":"2022-04-29T03:32:05+00:00","dateModified":"2022-04-29T19:48:07+00:00","inLanguage":"es-AR","potentialAction":[{"@type":"ReadAction","target":["https:\/\/www.fica.unsl.edu.ar\/index.php\/el-proyecto-ojo-de-halcon-sera-reconocido-por-el-honorable-senado-de-la-nacion\/"]}]},{"@type":"ImageObject","inLanguage":"es-AR","@id":"https:\/\/www.fica.unsl.edu.ar\/index.php\/el-proyecto-ojo-de-halcon-sera-reconocido-por-el-honorable-senado-de-la-nacion\/#primaryimage","url":"https:\/\/www.fica.unsl.edu.ar\/wp-content\/uploads\/2022\/04\/ojo-de-halcon.jpg","contentUrl":"https:\/\/www.fica.unsl.edu.ar\/wp-content\/uploads\/2022\/04\/ojo-de-halcon.jpg","width":1061,"height":600},{"@type":"WebSite","@id":"https:\/\/www.fica.unsl.edu.ar\/#website","url":"https:\/\/www.fica.unsl.edu.ar\/","name":"Facultad de Ingenier\u00eda y Ciencias Agropecuarias","description":"","publisher":{"@id":"https:\/\/www.fica.unsl.edu.ar\/#organization"},"potentialAction":[{"@type":"SearchAction","target":{"@type":"EntryPoint","urlTemplate":"https:\/\/www.fica.unsl.edu.ar\/?s={search_term_string}"},"query-input":{"@type":"PropertyValueSpecification","valueRequired":true,"valueName":"search_term_string"}}],"inLanguage":"es-AR"},{"@type":"Organization","@id":"https:\/\/www.fica.unsl.edu.ar\/#organization","name":"Facultad de Ingenier\u00eda y Ciencias Agropecuarias","url":"https:\/\/www.fica.unsl.edu.ar\/","logo":{"@type":"ImageObject","inLanguage":"es-AR","@id":"https:\/\/www.fica.unsl.edu.ar\/#\/schema\/logo\/image\/","url":"https:\/\/www.fica.unsl.edu.ar\/wp-content\/uploads\/2021\/03\/LOGO-1.jpg","contentUrl":"https:\/\/www.fica.unsl.edu.ar\/wp-content\/uploads\/2021\/03\/LOGO-1.jpg","width":463,"height":145,"caption":"Facultad de Ingenier\u00eda y Ciencias Agropecuarias"},"image":{"@id":"https:\/\/www.fica.unsl.edu.ar\/#\/schema\/logo\/image\/"},"sameAs":["https:\/\/www.facebook.com\/FICA.UNSL\/","https:\/\/x.com\/FICAUNSL","https:\/\/www.instagram.com\/fica.unsl\/","https:\/\/www.youtube.com\/channel\/UCs2MM53gb2PyBrMySdtWZDQ"]},{"@type":"Person","@id":"https:\/\/www.fica.unsl.edu.ar\/#\/schema\/person\/6058f9c66301868d3a691b1f5d6c3544","name":"DATI"}]}},"_links":{"self":[{"href":"https:\/\/www.fica.unsl.edu.ar\/index.php\/wp-json\/wp\/v2\/posts\/8971","targetHints":{"allow":["GET"]}}],"collection":[{"href":"https:\/\/www.fica.unsl.edu.ar\/index.php\/wp-json\/wp\/v2\/posts"}],"about":[{"href":"https:\/\/www.fica.unsl.edu.ar\/index.php\/wp-json\/wp\/v2\/types\/post"}],"author":[{"embeddable":true,"href":"https:\/\/www.fica.unsl.edu.ar\/index.php\/wp-json\/wp\/v2\/users\/9"}],"replies":[{"embeddable":true,"href":"https:\/\/www.fica.unsl.edu.ar\/index.php\/wp-json\/wp\/v2\/comments?post=8971"}],"version-history":[{"count":5,"href":"https:\/\/www.fica.unsl.edu.ar\/index.php\/wp-json\/wp\/v2\/posts\/8971\/revisions"}],"predecessor-version":[{"id":9003,"href":"https:\/\/www.fica.unsl.edu.ar\/index.php\/wp-json\/wp\/v2\/posts\/8971\/revisions\/9003"}],"wp:featuredmedia":[{"embeddable":true,"href":"https:\/\/www.fica.unsl.edu.ar\/index.php\/wp-json\/wp\/v2\/media\/8972"}],"wp:attachment":[{"href":"https:\/\/www.fica.unsl.edu.ar\/index.php\/wp-json\/wp\/v2\/media?parent=8971"}],"wp:term":[{"taxonomy":"category","embeddable":true,"href":"https:\/\/www.fica.unsl.edu.ar\/index.php\/wp-json\/wp\/v2\/categories?post=8971"},{"taxonomy":"post_tag","embeddable":true,"href":"https:\/\/www.fica.unsl.edu.ar\/index.php\/wp-json\/wp\/v2\/tags?post=8971"}],"curies":[{"name":"wp","href":"https:\/\/api.w.org\/{rel}","templated":true}]}}