{"id":9073,"date":"2022-04-29T09:33:10","date_gmt":"2022-04-29T12:33:10","guid":{"rendered":"http:\/\/10.101.10.196\/www\/?p=9073"},"modified":"2022-04-29T09:33:10","modified_gmt":"2022-04-29T12:33:10","slug":"cultura-comunitaria-jornada-de-trabajo-de-la-red-eucc","status":"publish","type":"post","link":"https:\/\/www.fica.unsl.edu.ar\/index.php\/cultura-comunitaria-jornada-de-trabajo-de-la-red-eucc\/","title":{"rendered":"Cultura Comunitaria: Jornada de trabajo de la Red EUCC"},"content":{"rendered":"<p style=\"font-weight: 400;\"><b><strong>Representantes de la red \u201cEncuentro de Universidades por la Cultura Comunitaria\u201d (EUCC) se reunir\u00e1n el viernes 29 de abril en la Universidad Nacional de San Luis (UNSL).<\/strong><\/b><\/p>\n<p style=\"font-weight: 400;\"><b><strong>EUCC<\/strong><\/b>\u00a0es una red de universidades que pretende aportar reflexiones y herramientas para promover la cultura comunitaria en la regi\u00f3n, a partir del di\u00e1logo con actores de la sociedad civil y gubernamentales, as\u00ed como del an\u00e1lisis sobre las propias pr\u00e1cticas institucionales de gesti\u00f3n de la cultura, en pos de promover actividades e incidir en el desarrollo de pol\u00edticas culturales p\u00fablicas de base comunitaria en los territorios.<\/p>\n<p style=\"font-weight: 400;\">Creada en el a\u00f1o 2020 por representantes de las universidades nacionales de C\u00f3rdoba (UNC), Litoral (UNL) y San Luis (UNSL), en la actualidad est\u00e1 integrada por 13 universidades, ya que sumaron las nacionales de Cuyo (UNCUYO), Villa Mercedes (UNViME), La Plata (UNLP), Nordeste (UNNE), San Antonio de Areco (UNSAdA), Patagonia Austral (UNPA), Noroeste de Buenos Aires (UNNOBA), Alto Uruguay (UNAU), La Plata (UNLP) y San Juan (UNSJ).<\/p>\n<p style=\"font-weight: 400;\">La red EUCC es un espacio abierto a otras universidades nacionales y latinoamericanas, con vocaci\u00f3n para pensar y construir espacios de encuentro y reflexi\u00f3n sobre las pr\u00e1cticas institucionales de gesti\u00f3n de la cultura. Para sumarse, las universidades deber\u00e1n firmar un Acta Acuerdo de adhesi\u00f3n, previa comunicaci\u00f3n v\u00eda e-mail a\u00a0<a href=\"mailto:redeucc@gmail.com\">redeucc@gmail.com<\/a>.<\/p>\n<p style=\"font-weight: 400;\"><b><strong>Programa de actividades<\/strong><\/b><\/p>\n<p style=\"font-weight: 400;\"><b><strong>Fecha:\u00a0<\/strong><\/b>viernes 29 de abril de 2022<br \/>\n<b><strong>Lugar:<\/strong><\/b>\u00a0Microcine de la UNSL, Av. Ej\u00e9rcito de los Andes 950, San Luis.<br \/>\n<b><strong>Horario:<\/strong><\/b>\u00a0de 10 a 16 hs<\/p>\n<p style=\"font-weight: 400;\"><b><strong>10 hs. Bienvenida<\/strong><\/b>\u00a0(a cargo de la Secretaria de Extensi\u00f3n Universitaria de la UNSL).<\/p>\n<p style=\"font-weight: 400;\"><b><strong>10 a 10:30 hs.\u00a0<em>Pensarnos en Comunidad<\/em>\u00a0<\/strong><\/b>(presentaci\u00f3n del estado actual de la red EUCC).<\/p>\n<p style=\"font-weight: 400;\"><b><strong>10:30 a 11 hs.\u00a0\u00a0<em>Aportes de la Investigaci\u00f3n sobre Culturas Comunitarias<\/em>\u00a0<\/strong><\/b>(mapeo situacional de aportes realizados desde la Comisi\u00f3n de Investigaci\u00f3n).<\/p>\n<p style=\"font-weight: 400;\"><b><strong>11 a 12 hs.\u00a0<em>Di\u00e1logos de saberes sentipensantes<\/em>\u00a0<\/strong><\/b>(momento de interacci\u00f3n dial\u00f3gica entre las universidades integrantes de la Red).<\/p>\n<p style=\"font-weight: 400;\"><b><strong>12 hs. Acta de adhesi\u00f3n al Acuerdo para la conformaci\u00f3n de la Red universitaria \u201cEncuentro de Universidades por la Cultura Comunitaria (EUCC)\u201d\u00a0<\/strong><\/b>(firma protocolar por la UNSL).<\/p>\n<p style=\"font-weight: 400;\"><b><strong>12:30 hs. Visita guiada por la Muestra de Esculturas de Carlos Cornejo\u00a0<\/strong><\/b>(en el Centro Cultural).<\/p>\n<p style=\"font-weight: 400;\"><b><strong>13 hs. Almuerzo de Camarader\u00eda\u00a0<\/strong><\/b>(en el Comedor Universitario, Rivadavia 1029, San Luis).<\/p>\n<p style=\"font-weight: 400;\"><b><strong>15 hs. Presentaci\u00f3n y di\u00e1logos\u00a0<\/strong><\/b>del Proyecto<b><strong>\u00a0<\/strong><\/b><em>Culturas comunitarias en la UNSL, construcci\u00f3n de relaciones entre el arte, la cultura y la comunicaci\u00f3n en los territorios<\/em>\u00a0(UNSL-SPU).<\/p>\n<p style=\"font-weight: 400;\"><b><strong>M\u00e1s informaci\u00f3n:<\/strong><\/b>\u00a0<a href=\"https:\/\/www.unl.edu.ar\/culturacomunitaria\">Sitio web de EUCC<\/a><\/p>\n","protected":false},"excerpt":{"rendered":"<p>Representantes de la red \u201cEncuentro de Universidades por la Cultura Comunitaria\u201d (EUCC) se reunir\u00e1n el viernes 29 de abril en la Universidad Nacional de San&hellip;<\/p>\n","protected":false},"author":9,"featured_media":9074,"comment_status":"closed","ping_status":"closed","sticky":false,"template":"","format":"standard","meta":{"_monsterinsights_skip_tracking":false,"_monsterinsights_sitenote_active":false,"_monsterinsights_sitenote_note":"","_monsterinsights_sitenote_category":0,"_joinchat":[],"footnotes":""},"categories":[19],"tags":[],"class_list":["post-9073","post","type-post","status-publish","format-standard","has-post-thumbnail","hentry","category-noticias"],"yoast_head":"<!-- This site is optimized with the Yoast SEO plugin v27.4 - https:\/\/yoast.com\/product\/yoast-seo-wordpress\/ -->\n<title>Cultura Comunitaria: Jornada de trabajo de la Red EUCC - Facultad de Ingenier\u00eda y Ciencias Agropecuarias<\/title>\n<meta name=\"robots\" content=\"index, follow, max-snippet:-1, max-image-preview:large, max-video-preview:-1\" \/>\n<link rel=\"canonical\" href=\"https:\/\/www.fica.unsl.edu.ar\/index.php\/cultura-comunitaria-jornada-de-trabajo-de-la-red-eucc\/\" \/>\n<meta property=\"og:locale\" content=\"es_ES\" \/>\n<meta property=\"og:type\" content=\"article\" \/>\n<meta property=\"og:title\" content=\"Cultura Comunitaria: Jornada de trabajo de la Red EUCC - Facultad de Ingenier\u00eda y Ciencias Agropecuarias\" \/>\n<meta property=\"og:description\" content=\"Representantes de la red \u201cEncuentro de Universidades por la Cultura Comunitaria\u201d (EUCC) se reunir\u00e1n el viernes 29 de abril en la Universidad Nacional de San&hellip;\" \/>\n<meta property=\"og:url\" content=\"https:\/\/www.fica.unsl.edu.ar\/index.php\/cultura-comunitaria-jornada-de-trabajo-de-la-red-eucc\/\" \/>\n<meta property=\"og:site_name\" content=\"Facultad de Ingenier\u00eda y Ciencias Agropecuarias\" \/>\n<meta property=\"article:publisher\" content=\"https:\/\/www.facebook.com\/FICA.UNSL\/\" \/>\n<meta property=\"article:published_time\" content=\"2022-04-29T12:33:10+00:00\" \/>\n<meta property=\"og:image\" content=\"https:\/\/www.fica.unsl.edu.ar\/wp-content\/uploads\/2022\/04\/Logo_Cultura_comunitaria.jpg\" \/>\n\t<meta property=\"og:image:width\" content=\"1000\" \/>\n\t<meta property=\"og:image:height\" content=\"500\" \/>\n\t<meta property=\"og:image:type\" content=\"image\/jpeg\" \/>\n<meta name=\"author\" content=\"DATI\" \/>\n<meta name=\"twitter:card\" content=\"summary_large_image\" \/>\n<meta name=\"twitter:creator\" content=\"@FICAUNSL\" \/>\n<meta name=\"twitter:site\" content=\"@FICAUNSL\" \/>\n<meta name=\"twitter:label1\" content=\"Escrito por\" \/>\n\t<meta name=\"twitter:data1\" content=\"DATI\" \/>\n\t<meta name=\"twitter:label2\" content=\"Tiempo de lectura\" \/>\n\t<meta name=\"twitter:data2\" content=\"2 minutos\" \/>\n<script type=\"application\/ld+json\" class=\"yoast-schema-graph\">{\"@context\":\"https:\\\/\\\/schema.org\",\"@graph\":[{\"@type\":\"Article\",\"@id\":\"https:\\\/\\\/www.fica.unsl.edu.ar\\\/index.php\\\/cultura-comunitaria-jornada-de-trabajo-de-la-red-eucc\\\/#article\",\"isPartOf\":{\"@id\":\"https:\\\/\\\/www.fica.unsl.edu.ar\\\/index.php\\\/cultura-comunitaria-jornada-de-trabajo-de-la-red-eucc\\\/\"},\"author\":{\"name\":\"DATI\",\"@id\":\"https:\\\/\\\/www.fica.unsl.edu.ar\\\/#\\\/schema\\\/person\\\/6058f9c66301868d3a691b1f5d6c3544\"},\"headline\":\"Cultura Comunitaria: Jornada de trabajo de la Red EUCC\",\"datePublished\":\"2022-04-29T12:33:10+00:00\",\"mainEntityOfPage\":{\"@id\":\"https:\\\/\\\/www.fica.unsl.edu.ar\\\/index.php\\\/cultura-comunitaria-jornada-de-trabajo-de-la-red-eucc\\\/\"},\"wordCount\":424,\"publisher\":{\"@id\":\"https:\\\/\\\/www.fica.unsl.edu.ar\\\/#organization\"},\"image\":{\"@id\":\"https:\\\/\\\/www.fica.unsl.edu.ar\\\/index.php\\\/cultura-comunitaria-jornada-de-trabajo-de-la-red-eucc\\\/#primaryimage\"},\"thumbnailUrl\":\"https:\\\/\\\/www.fica.unsl.edu.ar\\\/wp-content\\\/uploads\\\/2022\\\/04\\\/Logo_Cultura_comunitaria.jpg\",\"articleSection\":[\"Noticias\"],\"inLanguage\":\"es-AR\"},{\"@type\":\"WebPage\",\"@id\":\"https:\\\/\\\/www.fica.unsl.edu.ar\\\/index.php\\\/cultura-comunitaria-jornada-de-trabajo-de-la-red-eucc\\\/\",\"url\":\"https:\\\/\\\/www.fica.unsl.edu.ar\\\/index.php\\\/cultura-comunitaria-jornada-de-trabajo-de-la-red-eucc\\\/\",\"name\":\"Cultura Comunitaria: Jornada de trabajo de la Red EUCC - Facultad de Ingenier\u00eda y Ciencias Agropecuarias\",\"isPartOf\":{\"@id\":\"https:\\\/\\\/www.fica.unsl.edu.ar\\\/#website\"},\"primaryImageOfPage\":{\"@id\":\"https:\\\/\\\/www.fica.unsl.edu.ar\\\/index.php\\\/cultura-comunitaria-jornada-de-trabajo-de-la-red-eucc\\\/#primaryimage\"},\"image\":{\"@id\":\"https:\\\/\\\/www.fica.unsl.edu.ar\\\/index.php\\\/cultura-comunitaria-jornada-de-trabajo-de-la-red-eucc\\\/#primaryimage\"},\"thumbnailUrl\":\"https:\\\/\\\/www.fica.unsl.edu.ar\\\/wp-content\\\/uploads\\\/2022\\\/04\\\/Logo_Cultura_comunitaria.jpg\",\"datePublished\":\"2022-04-29T12:33:10+00:00\",\"inLanguage\":\"es-AR\",\"potentialAction\":[{\"@type\":\"ReadAction\",\"target\":[\"https:\\\/\\\/www.fica.unsl.edu.ar\\\/index.php\\\/cultura-comunitaria-jornada-de-trabajo-de-la-red-eucc\\\/\"]}]},{\"@type\":\"ImageObject\",\"inLanguage\":\"es-AR\",\"@id\":\"https:\\\/\\\/www.fica.unsl.edu.ar\\\/index.php\\\/cultura-comunitaria-jornada-de-trabajo-de-la-red-eucc\\\/#primaryimage\",\"url\":\"https:\\\/\\\/www.fica.unsl.edu.ar\\\/wp-content\\\/uploads\\\/2022\\\/04\\\/Logo_Cultura_comunitaria.jpg\",\"contentUrl\":\"https:\\\/\\\/www.fica.unsl.edu.ar\\\/wp-content\\\/uploads\\\/2022\\\/04\\\/Logo_Cultura_comunitaria.jpg\",\"width\":1000,\"height\":500,\"caption\":\"Logo Cultura comunitaria\"},{\"@type\":\"WebSite\",\"@id\":\"https:\\\/\\\/www.fica.unsl.edu.ar\\\/#website\",\"url\":\"https:\\\/\\\/www.fica.unsl.edu.ar\\\/\",\"name\":\"Facultad de Ingenier\u00eda y Ciencias Agropecuarias\",\"description\":\"\",\"publisher\":{\"@id\":\"https:\\\/\\\/www.fica.unsl.edu.ar\\\/#organization\"},\"potentialAction\":[{\"@type\":\"SearchAction\",\"target\":{\"@type\":\"EntryPoint\",\"urlTemplate\":\"https:\\\/\\\/www.fica.unsl.edu.ar\\\/?s={search_term_string}\"},\"query-input\":{\"@type\":\"PropertyValueSpecification\",\"valueRequired\":true,\"valueName\":\"search_term_string\"}}],\"inLanguage\":\"es-AR\"},{\"@type\":\"Organization\",\"@id\":\"https:\\\/\\\/www.fica.unsl.edu.ar\\\/#organization\",\"name\":\"Facultad de Ingenier\u00eda y Ciencias Agropecuarias\",\"url\":\"https:\\\/\\\/www.fica.unsl.edu.ar\\\/\",\"logo\":{\"@type\":\"ImageObject\",\"inLanguage\":\"es-AR\",\"@id\":\"https:\\\/\\\/www.fica.unsl.edu.ar\\\/#\\\/schema\\\/logo\\\/image\\\/\",\"url\":\"https:\\\/\\\/www.fica.unsl.edu.ar\\\/wp-content\\\/uploads\\\/2021\\\/03\\\/LOGO-1.jpg\",\"contentUrl\":\"https:\\\/\\\/www.fica.unsl.edu.ar\\\/wp-content\\\/uploads\\\/2021\\\/03\\\/LOGO-1.jpg\",\"width\":463,\"height\":145,\"caption\":\"Facultad de Ingenier\u00eda y Ciencias Agropecuarias\"},\"image\":{\"@id\":\"https:\\\/\\\/www.fica.unsl.edu.ar\\\/#\\\/schema\\\/logo\\\/image\\\/\"},\"sameAs\":[\"https:\\\/\\\/www.facebook.com\\\/FICA.UNSL\\\/\",\"https:\\\/\\\/x.com\\\/FICAUNSL\",\"https:\\\/\\\/www.instagram.com\\\/fica.unsl\\\/\",\"https:\\\/\\\/www.youtube.com\\\/channel\\\/UCs2MM53gb2PyBrMySdtWZDQ\"]},{\"@type\":\"Person\",\"@id\":\"https:\\\/\\\/www.fica.unsl.edu.ar\\\/#\\\/schema\\\/person\\\/6058f9c66301868d3a691b1f5d6c3544\",\"name\":\"DATI\"}]}<\/script>\n<!-- \/ Yoast SEO plugin. -->","yoast_head_json":{"title":"Cultura Comunitaria: Jornada de trabajo de la Red EUCC - Facultad de Ingenier\u00eda y Ciencias Agropecuarias","robots":{"index":"index","follow":"follow","max-snippet":"max-snippet:-1","max-image-preview":"max-image-preview:large","max-video-preview":"max-video-preview:-1"},"canonical":"https:\/\/www.fica.unsl.edu.ar\/index.php\/cultura-comunitaria-jornada-de-trabajo-de-la-red-eucc\/","og_locale":"es_ES","og_type":"article","og_title":"Cultura Comunitaria: Jornada de trabajo de la Red EUCC - Facultad de Ingenier\u00eda y Ciencias Agropecuarias","og_description":"Representantes de la red \u201cEncuentro de Universidades por la Cultura Comunitaria\u201d (EUCC) se reunir\u00e1n el viernes 29 de abril en la Universidad Nacional de San&hellip;","og_url":"https:\/\/www.fica.unsl.edu.ar\/index.php\/cultura-comunitaria-jornada-de-trabajo-de-la-red-eucc\/","og_site_name":"Facultad de Ingenier\u00eda y Ciencias Agropecuarias","article_publisher":"https:\/\/www.facebook.com\/FICA.UNSL\/","article_published_time":"2022-04-29T12:33:10+00:00","og_image":[{"width":1000,"height":500,"url":"https:\/\/www.fica.unsl.edu.ar\/wp-content\/uploads\/2022\/04\/Logo_Cultura_comunitaria.jpg","type":"image\/jpeg"}],"author":"DATI","twitter_card":"summary_large_image","twitter_creator":"@FICAUNSL","twitter_site":"@FICAUNSL","twitter_misc":{"Escrito por":"DATI","Tiempo de lectura":"2 minutos"},"schema":{"@context":"https:\/\/schema.org","@graph":[{"@type":"Article","@id":"https:\/\/www.fica.unsl.edu.ar\/index.php\/cultura-comunitaria-jornada-de-trabajo-de-la-red-eucc\/#article","isPartOf":{"@id":"https:\/\/www.fica.unsl.edu.ar\/index.php\/cultura-comunitaria-jornada-de-trabajo-de-la-red-eucc\/"},"author":{"name":"DATI","@id":"https:\/\/www.fica.unsl.edu.ar\/#\/schema\/person\/6058f9c66301868d3a691b1f5d6c3544"},"headline":"Cultura Comunitaria: Jornada de trabajo de la Red EUCC","datePublished":"2022-04-29T12:33:10+00:00","mainEntityOfPage":{"@id":"https:\/\/www.fica.unsl.edu.ar\/index.php\/cultura-comunitaria-jornada-de-trabajo-de-la-red-eucc\/"},"wordCount":424,"publisher":{"@id":"https:\/\/www.fica.unsl.edu.ar\/#organization"},"image":{"@id":"https:\/\/www.fica.unsl.edu.ar\/index.php\/cultura-comunitaria-jornada-de-trabajo-de-la-red-eucc\/#primaryimage"},"thumbnailUrl":"https:\/\/www.fica.unsl.edu.ar\/wp-content\/uploads\/2022\/04\/Logo_Cultura_comunitaria.jpg","articleSection":["Noticias"],"inLanguage":"es-AR"},{"@type":"WebPage","@id":"https:\/\/www.fica.unsl.edu.ar\/index.php\/cultura-comunitaria-jornada-de-trabajo-de-la-red-eucc\/","url":"https:\/\/www.fica.unsl.edu.ar\/index.php\/cultura-comunitaria-jornada-de-trabajo-de-la-red-eucc\/","name":"Cultura Comunitaria: Jornada de trabajo de la Red EUCC - Facultad de Ingenier\u00eda y Ciencias Agropecuarias","isPartOf":{"@id":"https:\/\/www.fica.unsl.edu.ar\/#website"},"primaryImageOfPage":{"@id":"https:\/\/www.fica.unsl.edu.ar\/index.php\/cultura-comunitaria-jornada-de-trabajo-de-la-red-eucc\/#primaryimage"},"image":{"@id":"https:\/\/www.fica.unsl.edu.ar\/index.php\/cultura-comunitaria-jornada-de-trabajo-de-la-red-eucc\/#primaryimage"},"thumbnailUrl":"https:\/\/www.fica.unsl.edu.ar\/wp-content\/uploads\/2022\/04\/Logo_Cultura_comunitaria.jpg","datePublished":"2022-04-29T12:33:10+00:00","inLanguage":"es-AR","potentialAction":[{"@type":"ReadAction","target":["https:\/\/www.fica.unsl.edu.ar\/index.php\/cultura-comunitaria-jornada-de-trabajo-de-la-red-eucc\/"]}]},{"@type":"ImageObject","inLanguage":"es-AR","@id":"https:\/\/www.fica.unsl.edu.ar\/index.php\/cultura-comunitaria-jornada-de-trabajo-de-la-red-eucc\/#primaryimage","url":"https:\/\/www.fica.unsl.edu.ar\/wp-content\/uploads\/2022\/04\/Logo_Cultura_comunitaria.jpg","contentUrl":"https:\/\/www.fica.unsl.edu.ar\/wp-content\/uploads\/2022\/04\/Logo_Cultura_comunitaria.jpg","width":1000,"height":500,"caption":"Logo Cultura comunitaria"},{"@type":"WebSite","@id":"https:\/\/www.fica.unsl.edu.ar\/#website","url":"https:\/\/www.fica.unsl.edu.ar\/","name":"Facultad de Ingenier\u00eda y Ciencias Agropecuarias","description":"","publisher":{"@id":"https:\/\/www.fica.unsl.edu.ar\/#organization"},"potentialAction":[{"@type":"SearchAction","target":{"@type":"EntryPoint","urlTemplate":"https:\/\/www.fica.unsl.edu.ar\/?s={search_term_string}"},"query-input":{"@type":"PropertyValueSpecification","valueRequired":true,"valueName":"search_term_string"}}],"inLanguage":"es-AR"},{"@type":"Organization","@id":"https:\/\/www.fica.unsl.edu.ar\/#organization","name":"Facultad de Ingenier\u00eda y Ciencias Agropecuarias","url":"https:\/\/www.fica.unsl.edu.ar\/","logo":{"@type":"ImageObject","inLanguage":"es-AR","@id":"https:\/\/www.fica.unsl.edu.ar\/#\/schema\/logo\/image\/","url":"https:\/\/www.fica.unsl.edu.ar\/wp-content\/uploads\/2021\/03\/LOGO-1.jpg","contentUrl":"https:\/\/www.fica.unsl.edu.ar\/wp-content\/uploads\/2021\/03\/LOGO-1.jpg","width":463,"height":145,"caption":"Facultad de Ingenier\u00eda y Ciencias Agropecuarias"},"image":{"@id":"https:\/\/www.fica.unsl.edu.ar\/#\/schema\/logo\/image\/"},"sameAs":["https:\/\/www.facebook.com\/FICA.UNSL\/","https:\/\/x.com\/FICAUNSL","https:\/\/www.instagram.com\/fica.unsl\/","https:\/\/www.youtube.com\/channel\/UCs2MM53gb2PyBrMySdtWZDQ"]},{"@type":"Person","@id":"https:\/\/www.fica.unsl.edu.ar\/#\/schema\/person\/6058f9c66301868d3a691b1f5d6c3544","name":"DATI"}]}},"_links":{"self":[{"href":"https:\/\/www.fica.unsl.edu.ar\/index.php\/wp-json\/wp\/v2\/posts\/9073","targetHints":{"allow":["GET"]}}],"collection":[{"href":"https:\/\/www.fica.unsl.edu.ar\/index.php\/wp-json\/wp\/v2\/posts"}],"about":[{"href":"https:\/\/www.fica.unsl.edu.ar\/index.php\/wp-json\/wp\/v2\/types\/post"}],"author":[{"embeddable":true,"href":"https:\/\/www.fica.unsl.edu.ar\/index.php\/wp-json\/wp\/v2\/users\/9"}],"replies":[{"embeddable":true,"href":"https:\/\/www.fica.unsl.edu.ar\/index.php\/wp-json\/wp\/v2\/comments?post=9073"}],"version-history":[{"count":1,"href":"https:\/\/www.fica.unsl.edu.ar\/index.php\/wp-json\/wp\/v2\/posts\/9073\/revisions"}],"predecessor-version":[{"id":9075,"href":"https:\/\/www.fica.unsl.edu.ar\/index.php\/wp-json\/wp\/v2\/posts\/9073\/revisions\/9075"}],"wp:featuredmedia":[{"embeddable":true,"href":"https:\/\/www.fica.unsl.edu.ar\/index.php\/wp-json\/wp\/v2\/media\/9074"}],"wp:attachment":[{"href":"https:\/\/www.fica.unsl.edu.ar\/index.php\/wp-json\/wp\/v2\/media?parent=9073"}],"wp:term":[{"taxonomy":"category","embeddable":true,"href":"https:\/\/www.fica.unsl.edu.ar\/index.php\/wp-json\/wp\/v2\/categories?post=9073"},{"taxonomy":"post_tag","embeddable":true,"href":"https:\/\/www.fica.unsl.edu.ar\/index.php\/wp-json\/wp\/v2\/tags?post=9073"}],"curies":[{"name":"wp","href":"https:\/\/api.w.org\/{rel}","templated":true}]}}