{"id":9088,"date":"2022-04-29T16:39:50","date_gmt":"2022-04-29T19:39:50","guid":{"rendered":"http:\/\/10.101.10.196\/www\/?p=9088"},"modified":"2022-05-13T08:22:06","modified_gmt":"2022-05-13T11:22:06","slug":"el-proyecto-ojo-de-halcon-fue-reconocido-por-el-senado-de-la-nacion","status":"publish","type":"post","link":"https:\/\/www.fica.unsl.edu.ar\/index.php\/el-proyecto-ojo-de-halcon-fue-reconocido-por-el-senado-de-la-nacion\/","title":{"rendered":"El proyecto \u201cOjo de Halc\u00f3n\u201d fue reconocido por el Senado de la Naci\u00f3n"},"content":{"rendered":"<p>El proyecto \u201cOjo de Halc\u00f3n\u201d recibi\u00f3 el reconocimiento de la Comisi\u00f3n de Ciencia y Tecnolog\u00eda del Honorable Senado de la Naci\u00f3n. En la ma\u00f1ana del viernes 29 de abril 2022 en las aulas del Espacio Programas Especiales de la FCEJS, se llev\u00f3 a cabo el acto protocolar de distinci\u00f3n que fue presidido por el Senador Nacional, Dr. Adolfo Rodr\u00edguez Sa\u00e1 y el Rector de la UNSL, CPN Victor Mori\u00f1igo.<\/p>\n<p>En sus palabras de apertura, el Rector de la UNSL, CPN Victor Mori\u00f1igo, expres\u00f3 que en plena pandemia el Senador Dr. Adolfo Rodr\u00edguez Sa\u00e1 solicit\u00f3 antecedentes acad\u00e9micos sobre ciertos proyectos que lleva adelante la UNSL y surgi\u00f3 la magn\u00edfica idea de su parte que fue la de reconocerlos, pero cambiando la l\u00f3gica de no hacerlo en el fr\u00edo Buenos Aires, sino realizarlo en el caluroso San Luis. \u00a0\u201cHoy toca el momento del equipo de una familia virtuosa como son los Catuogno y los dem\u00e1s integrantes del proyecto, que han tenido la sagacidad y sensibilidad de unir la ingenier\u00eda con la cuesti\u00f3n social, algo que no est\u00e1bamos acostumbrados los docentes de la UNSL. Esto nos honra much\u00edsimo y como universidad lo que debemos hacer es darles las gracias. Porque hacen much\u00edsimo m\u00e1s de por lo cual se les paga, tienen esa inquietud de ir siempre por m\u00e1s, de no quedarse con solo dar clases e investigar, sino tambi\u00e9n mantener una vinculaci\u00f3n social, que a nosotros nos llena de orgullo y aprovecho esta situaci\u00f3n para felicitarlos en nombre de la UNSL\u201d, enfatiz\u00f3 el Rector, Victor Mori\u00f1igo.<\/p>\n<p>Luego de haber recibido el certificado de reconocimiento, el Ing. Carlos Catuogno narr\u00f3 como fue el crecimiento del proyecto en los \u00faltimos a\u00f1os y destac\u00f3 que el equipo continuar\u00e1 con su trabajo con el mismo \u00edmpetu. \u201cPor todo lo logrado agradezco a mis compa\u00f1eros del grupo. Adri\u00e1n que me ense\u00f1\u00f3 a volar cuando ten\u00eda 14 a\u00f1os, al Dr. Gargiulo que estuvo hasta anoche con nosotros y hoy est\u00e1 en terapia intensiva por una descompensaci\u00f3n por lo que no nos pudo acompa\u00f1ar. Al Dr. Garc\u00eda que es director de mi doctorado y a mi hermano (Guillermo Catuogno), que nos apoya en todo y que me ense\u00f1a que cualquier cosa que se haga, se puede hacer con un fin social\u201d, puntualiz\u00f3 el Ing. Catuogno.<img fetchpriority=\"high\" decoding=\"async\" class=\"aligncenter size-full wp-image-9094\" src=\"https:\/\/www.fica.unsl.edu.ar\/wp-content\/uploads\/2022\/04\/reconocimiento-senado-02.jpg\" alt=\"\" width=\"1100\" height=\"629\" srcset=\"https:\/\/www.fica.unsl.edu.ar\/wp-content\/uploads\/2022\/04\/reconocimiento-senado-02.jpg 1100w, https:\/\/www.fica.unsl.edu.ar\/wp-content\/uploads\/2022\/04\/reconocimiento-senado-02-300x172.jpg 300w, https:\/\/www.fica.unsl.edu.ar\/wp-content\/uploads\/2022\/04\/reconocimiento-senado-02-1024x586.jpg 1024w, https:\/\/www.fica.unsl.edu.ar\/wp-content\/uploads\/2022\/04\/reconocimiento-senado-02-768x439.jpg 768w\" sizes=\"(max-width: 1100px) 100vw, 1100px\" \/><\/p>\n<p>Como cierre del acto, el Senador Nacional, Dr. Adolfo Rodr\u00edguez Sa\u00e1 enfatiz\u00f3 que las instituciones deben trabajar de forma conjunta por el bien de la comunidad sin mezclar otras cosas que no sea el bien com\u00fan. Es de absoluta importancia reconocer los avances cient\u00edficos que logran hombres y mujeres de la universidad a trav\u00e9s del talento, del estudio y de la dedicaci\u00f3n. Destac\u00f3 que en esta ocasi\u00f3n el Senado de la Naci\u00f3n reconoce un avance enorme para la comunidad, que permitir\u00e1 combatir mejor los incendios, los desastres de la naturaleza, cuidar y producir mejor los campos; usar en situaciones dif\u00edciles para rescatar personas, vidas. \u201cMe parece que con el trabajo de colaboraci\u00f3n y de coordinaci\u00f3n respetando las diferentes ideas con pluralidad, podemos lograr cosas impresionantes no solo para nuestra provincia sino para el pa\u00eds\u2026 y para ello necesitamos reconocer los m\u00e9ritos de los que hacen las cosas bien. Por eso me siento muy feliz de estar esta ma\u00f1ana en Villa Mercedes, en la UNSL, entregando un reconocimiento que hace el Senado de la Naci\u00f3n. Y que lo hacemos en esta casa de estudios que tambi\u00e9n siento mi casa, porque as\u00ed me lo hacen sentir ustedes\u201d; concluy\u00f3 el Dr. Adolfo Rodr\u00edguez Sa\u00e1.<\/p>\n<div class=\"gmedia_gallery phantom_module is_bot\" id=\"GmediaGallery_70\" data-gmid=\"70\" data-module=\"phantom\"><style type='text\/css' class='gmedia_module_style_import'>@import url('https:\/\/www.fica.unsl.edu.ar\/wp-content\/plugins\/grand-media\/module\/phantom\/css\/style.css') all;<\/style>    <div class=\"gmPhantom_Container noLightbox\" >\r\n                <div class=\"gmPhantom_thumbsWrapper gmPhantom_ThumbScale gmPhantom_LabelHover\">\r\n                        <div class=\"gmPhantom_ThumbContainer gmPhantom_ThumbLoader\" data-id=\"979\" data-post_id=\"9100\" data-ratio=\"1.5\" data-type=\"image\" data-ext=\"jpg\" data-views=\"18\" data-likes=\"0\" data-cc=\"0\" data-post_link=\"https:\/\/www.fica.unsl.edu.ar\/index.php\/gmedia\/reconocimiento-senado_6_-jpg\/\">\r\n                <a href=\"https:\/\/www.fica.unsl.edu.ar\/wp-content\/grand-media\/image\/reconocimiento-senado_6_.jpg\" class=\"gmPhantom_Thumb\"><img decoding=\"async\" src=\"https:\/\/www.fica.unsl.edu.ar\/wp-content\/grand-media\/image\/thumb\/reconocimiento-senado_6_.jpg\" data-src=\"https:\/\/www.fica.unsl.edu.ar\/wp-content\/grand-media\/image\/reconocimiento-senado_6_.jpg\" alt=\"Reconocimiento-senado (6)\"\/><\/a>\r\n                                    <div class=\"gmPhantom_ThumbLabel\"><span class=\"gmPhantom_ThumbLabel_title\">Reconocimiento-senado (6)<\/span><\/div>\r\n                                    <div style=\"display:none;\" class=\"gmPhantom_Details\">\r\n                                            <div class=\"gmPhantom_description\">\r\n                            <div class=\"gmPhantom_title\">Reconocimiento-senado (6)<\/div>\r\n                            <div class=\"gmPhantom_text\"><\/div>\r\n                        <\/div>\r\n                                                            <div class=\"gmPhantom_terms\">\r\n                                                    <div class=\"gmPhantom_other_terms\">\r\n                                <table class=\"gmPhantom_other_terms_table\">\r\n                                                                            <tr class=\"gmPhantom_term_row_album\">\r\n                                            <td class=\"gmPhantom_term_key\">Album<\/td>\r\n                                            <td class=\"gmPhantom_term_value\"><a href=\"\/index.php\/wp-json\/wp\/v2\/posts\/9088?gm70[album__in]=70\" class=\"gmPhantom_alb\">reconocimiento-ojo-halcon<\/a><\/td>\r\n                                        <\/tr>\r\n                                                                    <\/table>\r\n                            <\/div>\r\n                                                <\/div>\r\n                <\/div>\r\n                <\/div>            <div class=\"gmPhantom_ThumbContainer gmPhantom_ThumbLoader\" data-id=\"978\" data-post_id=\"9099\" data-ratio=\"1.5\" data-type=\"image\" data-ext=\"jpg\" data-views=\"18\" data-likes=\"0\" data-cc=\"0\" data-post_link=\"https:\/\/www.fica.unsl.edu.ar\/index.php\/gmedia\/reconocimiento-senado_5_-jpg\/\">\r\n                <a href=\"https:\/\/www.fica.unsl.edu.ar\/wp-content\/grand-media\/image\/reconocimiento-senado_5_.jpg\" class=\"gmPhantom_Thumb\"><img decoding=\"async\" src=\"https:\/\/www.fica.unsl.edu.ar\/wp-content\/grand-media\/image\/thumb\/reconocimiento-senado_5_.jpg\" data-src=\"https:\/\/www.fica.unsl.edu.ar\/wp-content\/grand-media\/image\/reconocimiento-senado_5_.jpg\" alt=\"Reconocimiento-senado (5)\"\/><\/a>\r\n                                    <div class=\"gmPhantom_ThumbLabel\"><span class=\"gmPhantom_ThumbLabel_title\">Reconocimiento-senado (5)<\/span><\/div>\r\n                                    <div style=\"display:none;\" class=\"gmPhantom_Details\">\r\n                                            <div class=\"gmPhantom_description\">\r\n                            <div class=\"gmPhantom_title\">Reconocimiento-senado (5)<\/div>\r\n                            <div class=\"gmPhantom_text\"><\/div>\r\n                        <\/div>\r\n                                                            <div class=\"gmPhantom_terms\">\r\n                                                    <div class=\"gmPhantom_other_terms\">\r\n                                <table class=\"gmPhantom_other_terms_table\">\r\n                                                                            <tr class=\"gmPhantom_term_row_album\">\r\n                                            <td class=\"gmPhantom_term_key\">Album<\/td>\r\n                                            <td class=\"gmPhantom_term_value\"><a href=\"\/index.php\/wp-json\/wp\/v2\/posts\/9088?gm70[album__in]=70\" class=\"gmPhantom_alb\">reconocimiento-ojo-halcon<\/a><\/td>\r\n                                        <\/tr>\r\n                                                                    <\/table>\r\n                            <\/div>\r\n                                                <\/div>\r\n                <\/div>\r\n                <\/div>            <div class=\"gmPhantom_ThumbContainer gmPhantom_ThumbLoader\" data-id=\"977\" data-post_id=\"9097\" data-ratio=\"1.5\" data-type=\"image\" data-ext=\"jpg\" data-views=\"15\" data-likes=\"0\" data-cc=\"0\" data-post_link=\"https:\/\/www.fica.unsl.edu.ar\/index.php\/gmedia\/reconocimiento-senado_4_-jpg\/\">\r\n                <a href=\"https:\/\/www.fica.unsl.edu.ar\/wp-content\/grand-media\/image\/reconocimiento-senado_4_.jpg\" class=\"gmPhantom_Thumb\"><img decoding=\"async\" src=\"https:\/\/www.fica.unsl.edu.ar\/wp-content\/grand-media\/image\/thumb\/reconocimiento-senado_4_.jpg\" data-src=\"https:\/\/www.fica.unsl.edu.ar\/wp-content\/grand-media\/image\/reconocimiento-senado_4_.jpg\" alt=\"Reconocimiento-senado (4)\"\/><\/a>\r\n                                    <div class=\"gmPhantom_ThumbLabel\"><span class=\"gmPhantom_ThumbLabel_title\">Reconocimiento-senado (4)<\/span><\/div>\r\n                                    <div style=\"display:none;\" class=\"gmPhantom_Details\">\r\n                                            <div class=\"gmPhantom_description\">\r\n                            <div class=\"gmPhantom_title\">Reconocimiento-senado (4)<\/div>\r\n                            <div class=\"gmPhantom_text\"><\/div>\r\n                        <\/div>\r\n                                                            <div class=\"gmPhantom_terms\">\r\n                                                    <div class=\"gmPhantom_other_terms\">\r\n                                <table class=\"gmPhantom_other_terms_table\">\r\n                                                                            <tr class=\"gmPhantom_term_row_album\">\r\n                                            <td class=\"gmPhantom_term_key\">Album<\/td>\r\n                                            <td class=\"gmPhantom_term_value\"><a href=\"\/index.php\/wp-json\/wp\/v2\/posts\/9088?gm70[album__in]=70\" class=\"gmPhantom_alb\">reconocimiento-ojo-halcon<\/a><\/td>\r\n                                        <\/tr>\r\n                                                                    <\/table>\r\n                            <\/div>\r\n                                                <\/div>\r\n                <\/div>\r\n                <\/div>            <div class=\"gmPhantom_ThumbContainer gmPhantom_ThumbLoader\" data-id=\"976\" data-post_id=\"9096\" data-ratio=\"1.5\" data-type=\"image\" data-ext=\"jpg\" data-views=\"19\" data-likes=\"0\" data-cc=\"0\" data-post_link=\"https:\/\/www.fica.unsl.edu.ar\/index.php\/gmedia\/reconocimiento-senado_3_-jpg\/\">\r\n                <a href=\"https:\/\/www.fica.unsl.edu.ar\/wp-content\/grand-media\/image\/reconocimiento-senado_3_.jpg\" class=\"gmPhantom_Thumb\"><img decoding=\"async\" src=\"https:\/\/www.fica.unsl.edu.ar\/wp-content\/grand-media\/image\/thumb\/reconocimiento-senado_3_.jpg\" data-src=\"https:\/\/www.fica.unsl.edu.ar\/wp-content\/grand-media\/image\/reconocimiento-senado_3_.jpg\" alt=\"Reconocimiento-senado (3)\"\/><\/a>\r\n                                    <div class=\"gmPhantom_ThumbLabel\"><span class=\"gmPhantom_ThumbLabel_title\">Reconocimiento-senado (3)<\/span><\/div>\r\n                                    <div style=\"display:none;\" class=\"gmPhantom_Details\">\r\n                                            <div class=\"gmPhantom_description\">\r\n                            <div class=\"gmPhantom_title\">Reconocimiento-senado (3)<\/div>\r\n                            <div class=\"gmPhantom_text\"><\/div>\r\n                        <\/div>\r\n                                                            <div class=\"gmPhantom_terms\">\r\n                                                    <div class=\"gmPhantom_other_terms\">\r\n                                <table class=\"gmPhantom_other_terms_table\">\r\n                                                                            <tr class=\"gmPhantom_term_row_album\">\r\n                                            <td class=\"gmPhantom_term_key\">Album<\/td>\r\n                                            <td class=\"gmPhantom_term_value\"><a href=\"\/index.php\/wp-json\/wp\/v2\/posts\/9088?gm70[album__in]=70\" class=\"gmPhantom_alb\">reconocimiento-ojo-halcon<\/a><\/td>\r\n                                        <\/tr>\r\n                                                                    <\/table>\r\n                            <\/div>\r\n                                                <\/div>\r\n                <\/div>\r\n                <\/div>            <div class=\"gmPhantom_ThumbContainer gmPhantom_ThumbLoader\" data-id=\"975\" data-post_id=\"9093\" data-ratio=\"1.5\" data-type=\"image\" data-ext=\"jpg\" data-views=\"17\" data-likes=\"0\" data-cc=\"0\" data-post_link=\"https:\/\/www.fica.unsl.edu.ar\/index.php\/gmedia\/reconocimiento-senado_2_-jpg\/\">\r\n                <a href=\"https:\/\/www.fica.unsl.edu.ar\/wp-content\/grand-media\/image\/reconocimiento-senado_2_.jpg\" class=\"gmPhantom_Thumb\"><img decoding=\"async\" src=\"https:\/\/www.fica.unsl.edu.ar\/wp-content\/grand-media\/image\/thumb\/reconocimiento-senado_2_.jpg\" data-src=\"https:\/\/www.fica.unsl.edu.ar\/wp-content\/grand-media\/image\/reconocimiento-senado_2_.jpg\" alt=\"Reconocimiento-senado (2)\"\/><\/a>\r\n                                    <div class=\"gmPhantom_ThumbLabel\"><span class=\"gmPhantom_ThumbLabel_title\">Reconocimiento-senado (2)<\/span><\/div>\r\n                                    <div style=\"display:none;\" class=\"gmPhantom_Details\">\r\n                                            <div class=\"gmPhantom_description\">\r\n                            <div class=\"gmPhantom_title\">Reconocimiento-senado (2)<\/div>\r\n                            <div class=\"gmPhantom_text\"><\/div>\r\n                        <\/div>\r\n                                                            <div class=\"gmPhantom_terms\">\r\n                                                    <div class=\"gmPhantom_other_terms\">\r\n                                <table class=\"gmPhantom_other_terms_table\">\r\n                                                                            <tr class=\"gmPhantom_term_row_album\">\r\n                                            <td class=\"gmPhantom_term_key\">Album<\/td>\r\n                                            <td class=\"gmPhantom_term_value\"><a href=\"\/index.php\/wp-json\/wp\/v2\/posts\/9088?gm70[album__in]=70\" class=\"gmPhantom_alb\">reconocimiento-ojo-halcon<\/a><\/td>\r\n                                        <\/tr>\r\n                                                                    <\/table>\r\n                            <\/div>\r\n                                                <\/div>\r\n                <\/div>\r\n                <\/div>            <div class=\"gmPhantom_ThumbContainer gmPhantom_ThumbLoader\" data-id=\"974\" data-post_id=\"9091\" data-ratio=\"1.5\" data-type=\"image\" data-ext=\"jpg\" data-views=\"16\" data-likes=\"0\" data-cc=\"0\" data-post_link=\"https:\/\/www.fica.unsl.edu.ar\/index.php\/gmedia\/reconocimiento-senado_1_-jpg\/\">\r\n                <a href=\"https:\/\/www.fica.unsl.edu.ar\/wp-content\/grand-media\/image\/reconocimiento-senado_1_.jpg\" class=\"gmPhantom_Thumb\"><img decoding=\"async\" src=\"https:\/\/www.fica.unsl.edu.ar\/wp-content\/grand-media\/image\/thumb\/reconocimiento-senado_1_.jpg\" data-src=\"https:\/\/www.fica.unsl.edu.ar\/wp-content\/grand-media\/image\/reconocimiento-senado_1_.jpg\" alt=\"Reconocimiento-senado (1)\"\/><\/a>\r\n                                    <div class=\"gmPhantom_ThumbLabel\"><span class=\"gmPhantom_ThumbLabel_title\">Reconocimiento-senado (1)<\/span><\/div>\r\n                                    <div style=\"display:none;\" class=\"gmPhantom_Details\">\r\n                                            <div class=\"gmPhantom_description\">\r\n                            <div class=\"gmPhantom_title\">Reconocimiento-senado (1)<\/div>\r\n                            <div class=\"gmPhantom_text\"><\/div>\r\n                        <\/div>\r\n                                                            <div class=\"gmPhantom_terms\">\r\n                                                    <div class=\"gmPhantom_other_terms\">\r\n                                <table class=\"gmPhantom_other_terms_table\">\r\n                                                                            <tr class=\"gmPhantom_term_row_album\">\r\n                                            <td class=\"gmPhantom_term_key\">Album<\/td>\r\n                                            <td class=\"gmPhantom_term_value\"><a href=\"\/index.php\/wp-json\/wp\/v2\/posts\/9088?gm70[album__in]=70\" class=\"gmPhantom_alb\">reconocimiento-ojo-halcon<\/a><\/td>\r\n                                        <\/tr>\r\n                                                                    <\/table>\r\n                            <\/div>\r\n                                                <\/div>\r\n                <\/div>\r\n                <\/div>            <div class=\"gmPhantom_ThumbContainer gmPhantom_ThumbLoader\" data-id=\"973\" data-post_id=\"9090\" data-ratio=\"1.5\" data-type=\"image\" data-ext=\"jpg\" data-views=\"20\" data-likes=\"0\" data-cc=\"0\" data-post_link=\"https:\/\/www.fica.unsl.edu.ar\/index.php\/gmedia\/reconocimiento-senado_8_-jpg\/\">\r\n                <a href=\"https:\/\/www.fica.unsl.edu.ar\/wp-content\/grand-media\/image\/reconocimiento-senado_8_.jpg\" class=\"gmPhantom_Thumb\"><img decoding=\"async\" src=\"https:\/\/www.fica.unsl.edu.ar\/wp-content\/grand-media\/image\/thumb\/reconocimiento-senado_8_.jpg\" data-src=\"https:\/\/www.fica.unsl.edu.ar\/wp-content\/grand-media\/image\/reconocimiento-senado_8_.jpg\" alt=\"Reconocimiento-senado (8)\"\/><\/a>\r\n                                    <div class=\"gmPhantom_ThumbLabel\"><span class=\"gmPhantom_ThumbLabel_title\">Reconocimiento-senado (8)<\/span><\/div>\r\n                                    <div style=\"display:none;\" class=\"gmPhantom_Details\">\r\n                                            <div class=\"gmPhantom_description\">\r\n                            <div class=\"gmPhantom_title\">Reconocimiento-senado (8)<\/div>\r\n                            <div class=\"gmPhantom_text\"><\/div>\r\n                        <\/div>\r\n                                                            <div class=\"gmPhantom_terms\">\r\n                                                    <div class=\"gmPhantom_other_terms\">\r\n                                <table class=\"gmPhantom_other_terms_table\">\r\n                                                                            <tr class=\"gmPhantom_term_row_album\">\r\n                                            <td class=\"gmPhantom_term_key\">Album<\/td>\r\n                                            <td class=\"gmPhantom_term_value\"><a href=\"\/index.php\/wp-json\/wp\/v2\/posts\/9088?gm70[album__in]=70\" class=\"gmPhantom_alb\">reconocimiento-ojo-halcon<\/a><\/td>\r\n                                        <\/tr>\r\n                                                                    <\/table>\r\n                            <\/div>\r\n                                                <\/div>\r\n                <\/div>\r\n                <\/div>        <\/div>\r\n    <\/div>\r\n<\/div>\n","protected":false},"excerpt":{"rendered":"<p>El proyecto \u201cOjo de Halc\u00f3n\u201d recibi\u00f3 el reconocimiento de la Comisi\u00f3n de Ciencia y Tecnolog\u00eda del Honorable Senado de la Naci\u00f3n. En la ma\u00f1ana del&hellip;<\/p>\n","protected":false},"author":9,"featured_media":9095,"comment_status":"closed","ping_status":"closed","sticky":false,"template":"","format":"standard","meta":{"_monsterinsights_skip_tracking":false,"_monsterinsights_sitenote_active":false,"_monsterinsights_sitenote_note":"","_monsterinsights_sitenote_category":0,"_joinchat":[],"footnotes":""},"categories":[19],"tags":[],"class_list":["post-9088","post","type-post","status-publish","format-standard","has-post-thumbnail","hentry","category-noticias"],"yoast_head":"<!-- This site is optimized with the Yoast SEO plugin v27.4 - https:\/\/yoast.com\/product\/yoast-seo-wordpress\/ -->\n<title>El proyecto \u201cOjo de Halc\u00f3n\u201d fue reconocido por el Senado de la Naci\u00f3n - Facultad de Ingenier\u00eda y Ciencias Agropecuarias<\/title>\n<meta name=\"robots\" content=\"index, follow, max-snippet:-1, max-image-preview:large, max-video-preview:-1\" \/>\n<link rel=\"canonical\" href=\"https:\/\/www.fica.unsl.edu.ar\/index.php\/el-proyecto-ojo-de-halcon-fue-reconocido-por-el-senado-de-la-nacion\/\" \/>\n<meta property=\"og:locale\" content=\"es_ES\" \/>\n<meta property=\"og:type\" content=\"article\" \/>\n<meta property=\"og:title\" content=\"El proyecto \u201cOjo de Halc\u00f3n\u201d fue reconocido por el Senado de la Naci\u00f3n - Facultad de Ingenier\u00eda y Ciencias Agropecuarias\" \/>\n<meta property=\"og:description\" content=\"El proyecto \u201cOjo de Halc\u00f3n\u201d recibi\u00f3 el reconocimiento de la Comisi\u00f3n de Ciencia y Tecnolog\u00eda del Honorable Senado de la Naci\u00f3n. En la ma\u00f1ana del&hellip;\" \/>\n<meta property=\"og:url\" content=\"https:\/\/www.fica.unsl.edu.ar\/index.php\/el-proyecto-ojo-de-halcon-fue-reconocido-por-el-senado-de-la-nacion\/\" \/>\n<meta property=\"og:site_name\" content=\"Facultad de Ingenier\u00eda y Ciencias Agropecuarias\" \/>\n<meta property=\"article:publisher\" content=\"https:\/\/www.facebook.com\/FICA.UNSL\/\" \/>\n<meta property=\"article:published_time\" content=\"2022-04-29T19:39:50+00:00\" \/>\n<meta property=\"article:modified_time\" content=\"2022-05-13T11:22:06+00:00\" \/>\n<meta property=\"og:image\" content=\"https:\/\/www.fica.unsl.edu.ar\/wp-content\/uploads\/2022\/04\/reconocimiento-senado-front.jpg\" \/>\n\t<meta property=\"og:image:width\" content=\"1061\" \/>\n\t<meta property=\"og:image:height\" content=\"600\" \/>\n\t<meta property=\"og:image:type\" content=\"image\/jpeg\" \/>\n<meta name=\"author\" content=\"DATI\" \/>\n<meta name=\"twitter:card\" content=\"summary_large_image\" \/>\n<meta name=\"twitter:creator\" content=\"@FICAUNSL\" \/>\n<meta name=\"twitter:site\" content=\"@FICAUNSL\" \/>\n<meta name=\"twitter:label1\" content=\"Escrito por\" \/>\n\t<meta name=\"twitter:data1\" content=\"DATI\" \/>\n\t<meta name=\"twitter:label2\" content=\"Tiempo de lectura\" \/>\n\t<meta name=\"twitter:data2\" content=\"3 minutos\" \/>\n<script type=\"application\/ld+json\" class=\"yoast-schema-graph\">{\"@context\":\"https:\\\/\\\/schema.org\",\"@graph\":[{\"@type\":\"Article\",\"@id\":\"https:\\\/\\\/www.fica.unsl.edu.ar\\\/index.php\\\/el-proyecto-ojo-de-halcon-fue-reconocido-por-el-senado-de-la-nacion\\\/#article\",\"isPartOf\":{\"@id\":\"https:\\\/\\\/www.fica.unsl.edu.ar\\\/index.php\\\/el-proyecto-ojo-de-halcon-fue-reconocido-por-el-senado-de-la-nacion\\\/\"},\"author\":{\"name\":\"DATI\",\"@id\":\"https:\\\/\\\/www.fica.unsl.edu.ar\\\/#\\\/schema\\\/person\\\/6058f9c66301868d3a691b1f5d6c3544\"},\"headline\":\"El proyecto \u201cOjo de Halc\u00f3n\u201d fue reconocido por el Senado de la Naci\u00f3n\",\"datePublished\":\"2022-04-29T19:39:50+00:00\",\"dateModified\":\"2022-05-13T11:22:06+00:00\",\"mainEntityOfPage\":{\"@id\":\"https:\\\/\\\/www.fica.unsl.edu.ar\\\/index.php\\\/el-proyecto-ojo-de-halcon-fue-reconocido-por-el-senado-de-la-nacion\\\/\"},\"wordCount\":641,\"publisher\":{\"@id\":\"https:\\\/\\\/www.fica.unsl.edu.ar\\\/#organization\"},\"image\":{\"@id\":\"https:\\\/\\\/www.fica.unsl.edu.ar\\\/index.php\\\/el-proyecto-ojo-de-halcon-fue-reconocido-por-el-senado-de-la-nacion\\\/#primaryimage\"},\"thumbnailUrl\":\"https:\\\/\\\/www.fica.unsl.edu.ar\\\/wp-content\\\/uploads\\\/2022\\\/04\\\/reconocimiento-senado-front.jpg\",\"articleSection\":[\"Noticias\"],\"inLanguage\":\"es-AR\"},{\"@type\":\"WebPage\",\"@id\":\"https:\\\/\\\/www.fica.unsl.edu.ar\\\/index.php\\\/el-proyecto-ojo-de-halcon-fue-reconocido-por-el-senado-de-la-nacion\\\/\",\"url\":\"https:\\\/\\\/www.fica.unsl.edu.ar\\\/index.php\\\/el-proyecto-ojo-de-halcon-fue-reconocido-por-el-senado-de-la-nacion\\\/\",\"name\":\"El proyecto \u201cOjo de Halc\u00f3n\u201d fue reconocido por el Senado de la Naci\u00f3n - Facultad de Ingenier\u00eda y Ciencias Agropecuarias\",\"isPartOf\":{\"@id\":\"https:\\\/\\\/www.fica.unsl.edu.ar\\\/#website\"},\"primaryImageOfPage\":{\"@id\":\"https:\\\/\\\/www.fica.unsl.edu.ar\\\/index.php\\\/el-proyecto-ojo-de-halcon-fue-reconocido-por-el-senado-de-la-nacion\\\/#primaryimage\"},\"image\":{\"@id\":\"https:\\\/\\\/www.fica.unsl.edu.ar\\\/index.php\\\/el-proyecto-ojo-de-halcon-fue-reconocido-por-el-senado-de-la-nacion\\\/#primaryimage\"},\"thumbnailUrl\":\"https:\\\/\\\/www.fica.unsl.edu.ar\\\/wp-content\\\/uploads\\\/2022\\\/04\\\/reconocimiento-senado-front.jpg\",\"datePublished\":\"2022-04-29T19:39:50+00:00\",\"dateModified\":\"2022-05-13T11:22:06+00:00\",\"inLanguage\":\"es-AR\",\"potentialAction\":[{\"@type\":\"ReadAction\",\"target\":[\"https:\\\/\\\/www.fica.unsl.edu.ar\\\/index.php\\\/el-proyecto-ojo-de-halcon-fue-reconocido-por-el-senado-de-la-nacion\\\/\"]}]},{\"@type\":\"ImageObject\",\"inLanguage\":\"es-AR\",\"@id\":\"https:\\\/\\\/www.fica.unsl.edu.ar\\\/index.php\\\/el-proyecto-ojo-de-halcon-fue-reconocido-por-el-senado-de-la-nacion\\\/#primaryimage\",\"url\":\"https:\\\/\\\/www.fica.unsl.edu.ar\\\/wp-content\\\/uploads\\\/2022\\\/04\\\/reconocimiento-senado-front.jpg\",\"contentUrl\":\"https:\\\/\\\/www.fica.unsl.edu.ar\\\/wp-content\\\/uploads\\\/2022\\\/04\\\/reconocimiento-senado-front.jpg\",\"width\":1061,\"height\":600},{\"@type\":\"WebSite\",\"@id\":\"https:\\\/\\\/www.fica.unsl.edu.ar\\\/#website\",\"url\":\"https:\\\/\\\/www.fica.unsl.edu.ar\\\/\",\"name\":\"Facultad de Ingenier\u00eda y Ciencias Agropecuarias\",\"description\":\"\",\"publisher\":{\"@id\":\"https:\\\/\\\/www.fica.unsl.edu.ar\\\/#organization\"},\"potentialAction\":[{\"@type\":\"SearchAction\",\"target\":{\"@type\":\"EntryPoint\",\"urlTemplate\":\"https:\\\/\\\/www.fica.unsl.edu.ar\\\/?s={search_term_string}\"},\"query-input\":{\"@type\":\"PropertyValueSpecification\",\"valueRequired\":true,\"valueName\":\"search_term_string\"}}],\"inLanguage\":\"es-AR\"},{\"@type\":\"Organization\",\"@id\":\"https:\\\/\\\/www.fica.unsl.edu.ar\\\/#organization\",\"name\":\"Facultad de Ingenier\u00eda y Ciencias Agropecuarias\",\"url\":\"https:\\\/\\\/www.fica.unsl.edu.ar\\\/\",\"logo\":{\"@type\":\"ImageObject\",\"inLanguage\":\"es-AR\",\"@id\":\"https:\\\/\\\/www.fica.unsl.edu.ar\\\/#\\\/schema\\\/logo\\\/image\\\/\",\"url\":\"https:\\\/\\\/www.fica.unsl.edu.ar\\\/wp-content\\\/uploads\\\/2021\\\/03\\\/LOGO-1.jpg\",\"contentUrl\":\"https:\\\/\\\/www.fica.unsl.edu.ar\\\/wp-content\\\/uploads\\\/2021\\\/03\\\/LOGO-1.jpg\",\"width\":463,\"height\":145,\"caption\":\"Facultad de Ingenier\u00eda y Ciencias Agropecuarias\"},\"image\":{\"@id\":\"https:\\\/\\\/www.fica.unsl.edu.ar\\\/#\\\/schema\\\/logo\\\/image\\\/\"},\"sameAs\":[\"https:\\\/\\\/www.facebook.com\\\/FICA.UNSL\\\/\",\"https:\\\/\\\/x.com\\\/FICAUNSL\",\"https:\\\/\\\/www.instagram.com\\\/fica.unsl\\\/\",\"https:\\\/\\\/www.youtube.com\\\/channel\\\/UCs2MM53gb2PyBrMySdtWZDQ\"]},{\"@type\":\"Person\",\"@id\":\"https:\\\/\\\/www.fica.unsl.edu.ar\\\/#\\\/schema\\\/person\\\/6058f9c66301868d3a691b1f5d6c3544\",\"name\":\"DATI\"}]}<\/script>\n<!-- \/ Yoast SEO plugin. -->","yoast_head_json":{"title":"El proyecto \u201cOjo de Halc\u00f3n\u201d fue reconocido por el Senado de la Naci\u00f3n - Facultad de Ingenier\u00eda y Ciencias Agropecuarias","robots":{"index":"index","follow":"follow","max-snippet":"max-snippet:-1","max-image-preview":"max-image-preview:large","max-video-preview":"max-video-preview:-1"},"canonical":"https:\/\/www.fica.unsl.edu.ar\/index.php\/el-proyecto-ojo-de-halcon-fue-reconocido-por-el-senado-de-la-nacion\/","og_locale":"es_ES","og_type":"article","og_title":"El proyecto \u201cOjo de Halc\u00f3n\u201d fue reconocido por el Senado de la Naci\u00f3n - Facultad de Ingenier\u00eda y Ciencias Agropecuarias","og_description":"El proyecto \u201cOjo de Halc\u00f3n\u201d recibi\u00f3 el reconocimiento de la Comisi\u00f3n de Ciencia y Tecnolog\u00eda del Honorable Senado de la Naci\u00f3n. En la ma\u00f1ana del&hellip;","og_url":"https:\/\/www.fica.unsl.edu.ar\/index.php\/el-proyecto-ojo-de-halcon-fue-reconocido-por-el-senado-de-la-nacion\/","og_site_name":"Facultad de Ingenier\u00eda y Ciencias Agropecuarias","article_publisher":"https:\/\/www.facebook.com\/FICA.UNSL\/","article_published_time":"2022-04-29T19:39:50+00:00","article_modified_time":"2022-05-13T11:22:06+00:00","og_image":[{"width":1061,"height":600,"url":"https:\/\/www.fica.unsl.edu.ar\/wp-content\/uploads\/2022\/04\/reconocimiento-senado-front.jpg","type":"image\/jpeg"}],"author":"DATI","twitter_card":"summary_large_image","twitter_creator":"@FICAUNSL","twitter_site":"@FICAUNSL","twitter_misc":{"Escrito por":"DATI","Tiempo de lectura":"3 minutos"},"schema":{"@context":"https:\/\/schema.org","@graph":[{"@type":"Article","@id":"https:\/\/www.fica.unsl.edu.ar\/index.php\/el-proyecto-ojo-de-halcon-fue-reconocido-por-el-senado-de-la-nacion\/#article","isPartOf":{"@id":"https:\/\/www.fica.unsl.edu.ar\/index.php\/el-proyecto-ojo-de-halcon-fue-reconocido-por-el-senado-de-la-nacion\/"},"author":{"name":"DATI","@id":"https:\/\/www.fica.unsl.edu.ar\/#\/schema\/person\/6058f9c66301868d3a691b1f5d6c3544"},"headline":"El proyecto \u201cOjo de Halc\u00f3n\u201d fue reconocido por el Senado de la Naci\u00f3n","datePublished":"2022-04-29T19:39:50+00:00","dateModified":"2022-05-13T11:22:06+00:00","mainEntityOfPage":{"@id":"https:\/\/www.fica.unsl.edu.ar\/index.php\/el-proyecto-ojo-de-halcon-fue-reconocido-por-el-senado-de-la-nacion\/"},"wordCount":641,"publisher":{"@id":"https:\/\/www.fica.unsl.edu.ar\/#organization"},"image":{"@id":"https:\/\/www.fica.unsl.edu.ar\/index.php\/el-proyecto-ojo-de-halcon-fue-reconocido-por-el-senado-de-la-nacion\/#primaryimage"},"thumbnailUrl":"https:\/\/www.fica.unsl.edu.ar\/wp-content\/uploads\/2022\/04\/reconocimiento-senado-front.jpg","articleSection":["Noticias"],"inLanguage":"es-AR"},{"@type":"WebPage","@id":"https:\/\/www.fica.unsl.edu.ar\/index.php\/el-proyecto-ojo-de-halcon-fue-reconocido-por-el-senado-de-la-nacion\/","url":"https:\/\/www.fica.unsl.edu.ar\/index.php\/el-proyecto-ojo-de-halcon-fue-reconocido-por-el-senado-de-la-nacion\/","name":"El proyecto \u201cOjo de Halc\u00f3n\u201d fue reconocido por el Senado de la Naci\u00f3n - Facultad de Ingenier\u00eda y Ciencias Agropecuarias","isPartOf":{"@id":"https:\/\/www.fica.unsl.edu.ar\/#website"},"primaryImageOfPage":{"@id":"https:\/\/www.fica.unsl.edu.ar\/index.php\/el-proyecto-ojo-de-halcon-fue-reconocido-por-el-senado-de-la-nacion\/#primaryimage"},"image":{"@id":"https:\/\/www.fica.unsl.edu.ar\/index.php\/el-proyecto-ojo-de-halcon-fue-reconocido-por-el-senado-de-la-nacion\/#primaryimage"},"thumbnailUrl":"https:\/\/www.fica.unsl.edu.ar\/wp-content\/uploads\/2022\/04\/reconocimiento-senado-front.jpg","datePublished":"2022-04-29T19:39:50+00:00","dateModified":"2022-05-13T11:22:06+00:00","inLanguage":"es-AR","potentialAction":[{"@type":"ReadAction","target":["https:\/\/www.fica.unsl.edu.ar\/index.php\/el-proyecto-ojo-de-halcon-fue-reconocido-por-el-senado-de-la-nacion\/"]}]},{"@type":"ImageObject","inLanguage":"es-AR","@id":"https:\/\/www.fica.unsl.edu.ar\/index.php\/el-proyecto-ojo-de-halcon-fue-reconocido-por-el-senado-de-la-nacion\/#primaryimage","url":"https:\/\/www.fica.unsl.edu.ar\/wp-content\/uploads\/2022\/04\/reconocimiento-senado-front.jpg","contentUrl":"https:\/\/www.fica.unsl.edu.ar\/wp-content\/uploads\/2022\/04\/reconocimiento-senado-front.jpg","width":1061,"height":600},{"@type":"WebSite","@id":"https:\/\/www.fica.unsl.edu.ar\/#website","url":"https:\/\/www.fica.unsl.edu.ar\/","name":"Facultad de Ingenier\u00eda y Ciencias Agropecuarias","description":"","publisher":{"@id":"https:\/\/www.fica.unsl.edu.ar\/#organization"},"potentialAction":[{"@type":"SearchAction","target":{"@type":"EntryPoint","urlTemplate":"https:\/\/www.fica.unsl.edu.ar\/?s={search_term_string}"},"query-input":{"@type":"PropertyValueSpecification","valueRequired":true,"valueName":"search_term_string"}}],"inLanguage":"es-AR"},{"@type":"Organization","@id":"https:\/\/www.fica.unsl.edu.ar\/#organization","name":"Facultad de Ingenier\u00eda y Ciencias Agropecuarias","url":"https:\/\/www.fica.unsl.edu.ar\/","logo":{"@type":"ImageObject","inLanguage":"es-AR","@id":"https:\/\/www.fica.unsl.edu.ar\/#\/schema\/logo\/image\/","url":"https:\/\/www.fica.unsl.edu.ar\/wp-content\/uploads\/2021\/03\/LOGO-1.jpg","contentUrl":"https:\/\/www.fica.unsl.edu.ar\/wp-content\/uploads\/2021\/03\/LOGO-1.jpg","width":463,"height":145,"caption":"Facultad de Ingenier\u00eda y Ciencias Agropecuarias"},"image":{"@id":"https:\/\/www.fica.unsl.edu.ar\/#\/schema\/logo\/image\/"},"sameAs":["https:\/\/www.facebook.com\/FICA.UNSL\/","https:\/\/x.com\/FICAUNSL","https:\/\/www.instagram.com\/fica.unsl\/","https:\/\/www.youtube.com\/channel\/UCs2MM53gb2PyBrMySdtWZDQ"]},{"@type":"Person","@id":"https:\/\/www.fica.unsl.edu.ar\/#\/schema\/person\/6058f9c66301868d3a691b1f5d6c3544","name":"DATI"}]}},"_links":{"self":[{"href":"https:\/\/www.fica.unsl.edu.ar\/index.php\/wp-json\/wp\/v2\/posts\/9088","targetHints":{"allow":["GET"]}}],"collection":[{"href":"https:\/\/www.fica.unsl.edu.ar\/index.php\/wp-json\/wp\/v2\/posts"}],"about":[{"href":"https:\/\/www.fica.unsl.edu.ar\/index.php\/wp-json\/wp\/v2\/types\/post"}],"author":[{"embeddable":true,"href":"https:\/\/www.fica.unsl.edu.ar\/index.php\/wp-json\/wp\/v2\/users\/9"}],"replies":[{"embeddable":true,"href":"https:\/\/www.fica.unsl.edu.ar\/index.php\/wp-json\/wp\/v2\/comments?post=9088"}],"version-history":[{"count":8,"href":"https:\/\/www.fica.unsl.edu.ar\/index.php\/wp-json\/wp\/v2\/posts\/9088\/revisions"}],"predecessor-version":[{"id":9106,"href":"https:\/\/www.fica.unsl.edu.ar\/index.php\/wp-json\/wp\/v2\/posts\/9088\/revisions\/9106"}],"wp:featuredmedia":[{"embeddable":true,"href":"https:\/\/www.fica.unsl.edu.ar\/index.php\/wp-json\/wp\/v2\/media\/9095"}],"wp:attachment":[{"href":"https:\/\/www.fica.unsl.edu.ar\/index.php\/wp-json\/wp\/v2\/media?parent=9088"}],"wp:term":[{"taxonomy":"category","embeddable":true,"href":"https:\/\/www.fica.unsl.edu.ar\/index.php\/wp-json\/wp\/v2\/categories?post=9088"},{"taxonomy":"post_tag","embeddable":true,"href":"https:\/\/www.fica.unsl.edu.ar\/index.php\/wp-json\/wp\/v2\/tags?post=9088"}],"curies":[{"name":"wp","href":"https:\/\/api.w.org\/{rel}","templated":true}]}}