{"id":9163,"date":"2022-05-04T11:47:38","date_gmt":"2022-05-04T14:47:38","guid":{"rendered":"http:\/\/10.101.10.196\/www\/?p=9163"},"modified":"2022-05-13T08:22:02","modified_gmt":"2022-05-13T11:22:02","slug":"el-dr-federico-serra-fue-elegido-como-editor-invitado-de-la-revista-energies","status":"publish","type":"post","link":"https:\/\/www.fica.unsl.edu.ar\/index.php\/el-dr-federico-serra-fue-elegido-como-editor-invitado-de-la-revista-energies\/","title":{"rendered":"El Dr. Federico Serra fue elegido como editor invitado de la revista \u201cEnergies\u201d"},"content":{"rendered":"<p>La FICA informa que el docente investigador del Departamento de Ingenier\u00eda e investigador del CONICET, Dr. Federico Serra, ha sido elegido como editor invitado para el n\u00famero especial\u00a0 \u201cPlanning, Operation and Control of Microgrids\u201d de la revista \u201cEnergies\u201d de la editorial MDPI (<a href=\"https:\/\/www.mdpi.com\/journal\/energies\">https:\/\/www.mdpi.com\/journal\/energies<\/a>).<\/p>\n<p>Energies, es una revista de acceso abierto y revisada por pares, relacionada a la investigaci\u00f3n cient\u00edfica, el desarrollo tecnol\u00f3gico, la ingenier\u00eda y estudios sobre pol\u00edtica y gesti\u00f3n de la energ\u00eda.<\/p>\n<p>El n\u00famero especial \u201cPlanning, Operation and Control of Microgrids\u201d de la revista \u201cEnergies\u201d tiene por objetivo presentar los avances recientes en el campo de la planificaci\u00f3n, operaci\u00f3n y control de microrredes y sus aplicaciones.<\/p>\n<p>Las microrredes surgen como alternativa para disminuir el impacto ambiental negativo producido por la generaci\u00f3n convencional de energ\u00eda el\u00e9ctrica y el consumo ineficiente de la misma. Gracias a estas estructuras el\u00e9ctricas ha sido posible lograr, en parte, la descentralizaci\u00f3n del sistema el\u00e9ctrico convencional as\u00ed como proveer energ\u00eda a regiones aisladas donde el acceso a la red el\u00e9ctrica es complicado debido a cuestiones de costo, limitaciones geogr\u00e1ficas, entre otras dificultades. En la actualidad, las microrredes son tambi\u00e9n utilizadas en aplicaciones de movilidad el\u00e9ctrica y aplicaciones aeroespaciales. En este contexto, las microrredes se han convertido en un \u00e1rea de investigaci\u00f3n de gran inter\u00e9s, permitiendo el desarrollo de nuevas topolog\u00edas, sistemas de gesti\u00f3n, estrategias control, sistemas de monitor\u00e9o y protecci\u00f3n, etc. Sin embargo, para lograr un uso masivo de las microrredes, es necesaria la investigaci\u00f3n y el desarrollo de nuevas tecnolog\u00edas que permitan incrementar su eficiencia, confiabilidad, flexibilidad y adaptabilidad.<\/p>\n<p>Los detalles del mencionado n\u00famero especial se pueden encontrar en el siguiente link:<\/p>\n<p><a href=\"https:\/\/www.mdpi.com\/journal\/energies\/special_issues\/control_microgrid\"><strong>https:\/\/www.mdpi.com\/journal\/energies\/special_issues\/control_microgrid<\/strong><\/a><\/p>\n","protected":false},"excerpt":{"rendered":"<p>La FICA informa que el docente investigador del Departamento de Ingenier\u00eda e investigador del CONICET, Dr. Federico Serra, ha sido elegido como editor invitado para&hellip;<\/p>\n","protected":false},"author":9,"featured_media":9164,"comment_status":"closed","ping_status":"closed","sticky":false,"template":"","format":"standard","meta":{"_monsterinsights_skip_tracking":false,"_monsterinsights_sitenote_active":false,"_monsterinsights_sitenote_note":"","_monsterinsights_sitenote_category":0,"_joinchat":[],"footnotes":""},"categories":[19],"tags":[],"class_list":["post-9163","post","type-post","status-publish","format-standard","has-post-thumbnail","hentry","category-noticias"],"yoast_head":"<!-- This site is optimized with the Yoast SEO plugin v27.4 - https:\/\/yoast.com\/product\/yoast-seo-wordpress\/ -->\n<title>El Dr. Federico Serra fue elegido como editor invitado de la revista \u201cEnergies\u201d - Facultad de Ingenier\u00eda y Ciencias Agropecuarias<\/title>\n<meta name=\"robots\" content=\"index, follow, max-snippet:-1, max-image-preview:large, max-video-preview:-1\" \/>\n<link rel=\"canonical\" href=\"https:\/\/www.fica.unsl.edu.ar\/index.php\/el-dr-federico-serra-fue-elegido-como-editor-invitado-de-la-revista-energies\/\" \/>\n<meta property=\"og:locale\" content=\"es_ES\" \/>\n<meta property=\"og:type\" content=\"article\" \/>\n<meta property=\"og:title\" content=\"El Dr. Federico Serra fue elegido como editor invitado de la revista \u201cEnergies\u201d - Facultad de Ingenier\u00eda y Ciencias Agropecuarias\" \/>\n<meta property=\"og:description\" content=\"La FICA informa que el docente investigador del Departamento de Ingenier\u00eda e investigador del CONICET, Dr. Federico Serra, ha sido elegido como editor invitado para&hellip;\" \/>\n<meta property=\"og:url\" content=\"https:\/\/www.fica.unsl.edu.ar\/index.php\/el-dr-federico-serra-fue-elegido-como-editor-invitado-de-la-revista-energies\/\" \/>\n<meta property=\"og:site_name\" content=\"Facultad de Ingenier\u00eda y Ciencias Agropecuarias\" \/>\n<meta property=\"article:publisher\" content=\"https:\/\/www.facebook.com\/FICA.UNSL\/\" \/>\n<meta property=\"article:published_time\" content=\"2022-05-04T14:47:38+00:00\" \/>\n<meta property=\"article:modified_time\" content=\"2022-05-13T11:22:02+00:00\" \/>\n<meta property=\"og:image\" content=\"https:\/\/www.fica.unsl.edu.ar\/wp-content\/uploads\/2022\/05\/Energies-front.jpg\" \/>\n\t<meta property=\"og:image:width\" content=\"1061\" \/>\n\t<meta property=\"og:image:height\" content=\"600\" \/>\n\t<meta property=\"og:image:type\" content=\"image\/jpeg\" \/>\n<meta name=\"author\" content=\"DATI\" \/>\n<meta name=\"twitter:card\" content=\"summary_large_image\" \/>\n<meta name=\"twitter:creator\" content=\"@FICAUNSL\" \/>\n<meta name=\"twitter:site\" content=\"@FICAUNSL\" \/>\n<meta name=\"twitter:label1\" content=\"Escrito por\" \/>\n\t<meta name=\"twitter:data1\" content=\"DATI\" \/>\n\t<meta name=\"twitter:label2\" content=\"Tiempo de lectura\" \/>\n\t<meta name=\"twitter:data2\" content=\"2 minutos\" \/>\n<script type=\"application\/ld+json\" class=\"yoast-schema-graph\">{\"@context\":\"https:\\\/\\\/schema.org\",\"@graph\":[{\"@type\":\"Article\",\"@id\":\"https:\\\/\\\/www.fica.unsl.edu.ar\\\/index.php\\\/el-dr-federico-serra-fue-elegido-como-editor-invitado-de-la-revista-energies\\\/#article\",\"isPartOf\":{\"@id\":\"https:\\\/\\\/www.fica.unsl.edu.ar\\\/index.php\\\/el-dr-federico-serra-fue-elegido-como-editor-invitado-de-la-revista-energies\\\/\"},\"author\":{\"name\":\"DATI\",\"@id\":\"https:\\\/\\\/www.fica.unsl.edu.ar\\\/#\\\/schema\\\/person\\\/6058f9c66301868d3a691b1f5d6c3544\"},\"headline\":\"El Dr. Federico Serra fue elegido como editor invitado de la revista \u201cEnergies\u201d\",\"datePublished\":\"2022-05-04T14:47:38+00:00\",\"dateModified\":\"2022-05-13T11:22:02+00:00\",\"mainEntityOfPage\":{\"@id\":\"https:\\\/\\\/www.fica.unsl.edu.ar\\\/index.php\\\/el-dr-federico-serra-fue-elegido-como-editor-invitado-de-la-revista-energies\\\/\"},\"wordCount\":327,\"publisher\":{\"@id\":\"https:\\\/\\\/www.fica.unsl.edu.ar\\\/#organization\"},\"image\":{\"@id\":\"https:\\\/\\\/www.fica.unsl.edu.ar\\\/index.php\\\/el-dr-federico-serra-fue-elegido-como-editor-invitado-de-la-revista-energies\\\/#primaryimage\"},\"thumbnailUrl\":\"https:\\\/\\\/www.fica.unsl.edu.ar\\\/wp-content\\\/uploads\\\/2022\\\/05\\\/Energies-front.jpg\",\"articleSection\":[\"Noticias\"],\"inLanguage\":\"es-AR\"},{\"@type\":\"WebPage\",\"@id\":\"https:\\\/\\\/www.fica.unsl.edu.ar\\\/index.php\\\/el-dr-federico-serra-fue-elegido-como-editor-invitado-de-la-revista-energies\\\/\",\"url\":\"https:\\\/\\\/www.fica.unsl.edu.ar\\\/index.php\\\/el-dr-federico-serra-fue-elegido-como-editor-invitado-de-la-revista-energies\\\/\",\"name\":\"El Dr. Federico Serra fue elegido como editor invitado de la revista \u201cEnergies\u201d - Facultad de Ingenier\u00eda y Ciencias Agropecuarias\",\"isPartOf\":{\"@id\":\"https:\\\/\\\/www.fica.unsl.edu.ar\\\/#website\"},\"primaryImageOfPage\":{\"@id\":\"https:\\\/\\\/www.fica.unsl.edu.ar\\\/index.php\\\/el-dr-federico-serra-fue-elegido-como-editor-invitado-de-la-revista-energies\\\/#primaryimage\"},\"image\":{\"@id\":\"https:\\\/\\\/www.fica.unsl.edu.ar\\\/index.php\\\/el-dr-federico-serra-fue-elegido-como-editor-invitado-de-la-revista-energies\\\/#primaryimage\"},\"thumbnailUrl\":\"https:\\\/\\\/www.fica.unsl.edu.ar\\\/wp-content\\\/uploads\\\/2022\\\/05\\\/Energies-front.jpg\",\"datePublished\":\"2022-05-04T14:47:38+00:00\",\"dateModified\":\"2022-05-13T11:22:02+00:00\",\"inLanguage\":\"es-AR\",\"potentialAction\":[{\"@type\":\"ReadAction\",\"target\":[\"https:\\\/\\\/www.fica.unsl.edu.ar\\\/index.php\\\/el-dr-federico-serra-fue-elegido-como-editor-invitado-de-la-revista-energies\\\/\"]}]},{\"@type\":\"ImageObject\",\"inLanguage\":\"es-AR\",\"@id\":\"https:\\\/\\\/www.fica.unsl.edu.ar\\\/index.php\\\/el-dr-federico-serra-fue-elegido-como-editor-invitado-de-la-revista-energies\\\/#primaryimage\",\"url\":\"https:\\\/\\\/www.fica.unsl.edu.ar\\\/wp-content\\\/uploads\\\/2022\\\/05\\\/Energies-front.jpg\",\"contentUrl\":\"https:\\\/\\\/www.fica.unsl.edu.ar\\\/wp-content\\\/uploads\\\/2022\\\/05\\\/Energies-front.jpg\",\"width\":1061,\"height\":600},{\"@type\":\"WebSite\",\"@id\":\"https:\\\/\\\/www.fica.unsl.edu.ar\\\/#website\",\"url\":\"https:\\\/\\\/www.fica.unsl.edu.ar\\\/\",\"name\":\"Facultad de Ingenier\u00eda y Ciencias Agropecuarias\",\"description\":\"\",\"publisher\":{\"@id\":\"https:\\\/\\\/www.fica.unsl.edu.ar\\\/#organization\"},\"potentialAction\":[{\"@type\":\"SearchAction\",\"target\":{\"@type\":\"EntryPoint\",\"urlTemplate\":\"https:\\\/\\\/www.fica.unsl.edu.ar\\\/?s={search_term_string}\"},\"query-input\":{\"@type\":\"PropertyValueSpecification\",\"valueRequired\":true,\"valueName\":\"search_term_string\"}}],\"inLanguage\":\"es-AR\"},{\"@type\":\"Organization\",\"@id\":\"https:\\\/\\\/www.fica.unsl.edu.ar\\\/#organization\",\"name\":\"Facultad de Ingenier\u00eda y Ciencias Agropecuarias\",\"url\":\"https:\\\/\\\/www.fica.unsl.edu.ar\\\/\",\"logo\":{\"@type\":\"ImageObject\",\"inLanguage\":\"es-AR\",\"@id\":\"https:\\\/\\\/www.fica.unsl.edu.ar\\\/#\\\/schema\\\/logo\\\/image\\\/\",\"url\":\"https:\\\/\\\/www.fica.unsl.edu.ar\\\/wp-content\\\/uploads\\\/2021\\\/03\\\/LOGO-1.jpg\",\"contentUrl\":\"https:\\\/\\\/www.fica.unsl.edu.ar\\\/wp-content\\\/uploads\\\/2021\\\/03\\\/LOGO-1.jpg\",\"width\":463,\"height\":145,\"caption\":\"Facultad de Ingenier\u00eda y Ciencias Agropecuarias\"},\"image\":{\"@id\":\"https:\\\/\\\/www.fica.unsl.edu.ar\\\/#\\\/schema\\\/logo\\\/image\\\/\"},\"sameAs\":[\"https:\\\/\\\/www.facebook.com\\\/FICA.UNSL\\\/\",\"https:\\\/\\\/x.com\\\/FICAUNSL\",\"https:\\\/\\\/www.instagram.com\\\/fica.unsl\\\/\",\"https:\\\/\\\/www.youtube.com\\\/channel\\\/UCs2MM53gb2PyBrMySdtWZDQ\"]},{\"@type\":\"Person\",\"@id\":\"https:\\\/\\\/www.fica.unsl.edu.ar\\\/#\\\/schema\\\/person\\\/6058f9c66301868d3a691b1f5d6c3544\",\"name\":\"DATI\"}]}<\/script>\n<!-- \/ Yoast SEO plugin. -->","yoast_head_json":{"title":"El Dr. Federico Serra fue elegido como editor invitado de la revista \u201cEnergies\u201d - Facultad de Ingenier\u00eda y Ciencias Agropecuarias","robots":{"index":"index","follow":"follow","max-snippet":"max-snippet:-1","max-image-preview":"max-image-preview:large","max-video-preview":"max-video-preview:-1"},"canonical":"https:\/\/www.fica.unsl.edu.ar\/index.php\/el-dr-federico-serra-fue-elegido-como-editor-invitado-de-la-revista-energies\/","og_locale":"es_ES","og_type":"article","og_title":"El Dr. Federico Serra fue elegido como editor invitado de la revista \u201cEnergies\u201d - Facultad de Ingenier\u00eda y Ciencias Agropecuarias","og_description":"La FICA informa que el docente investigador del Departamento de Ingenier\u00eda e investigador del CONICET, Dr. Federico Serra, ha sido elegido como editor invitado para&hellip;","og_url":"https:\/\/www.fica.unsl.edu.ar\/index.php\/el-dr-federico-serra-fue-elegido-como-editor-invitado-de-la-revista-energies\/","og_site_name":"Facultad de Ingenier\u00eda y Ciencias Agropecuarias","article_publisher":"https:\/\/www.facebook.com\/FICA.UNSL\/","article_published_time":"2022-05-04T14:47:38+00:00","article_modified_time":"2022-05-13T11:22:02+00:00","og_image":[{"width":1061,"height":600,"url":"https:\/\/www.fica.unsl.edu.ar\/wp-content\/uploads\/2022\/05\/Energies-front.jpg","type":"image\/jpeg"}],"author":"DATI","twitter_card":"summary_large_image","twitter_creator":"@FICAUNSL","twitter_site":"@FICAUNSL","twitter_misc":{"Escrito por":"DATI","Tiempo de lectura":"2 minutos"},"schema":{"@context":"https:\/\/schema.org","@graph":[{"@type":"Article","@id":"https:\/\/www.fica.unsl.edu.ar\/index.php\/el-dr-federico-serra-fue-elegido-como-editor-invitado-de-la-revista-energies\/#article","isPartOf":{"@id":"https:\/\/www.fica.unsl.edu.ar\/index.php\/el-dr-federico-serra-fue-elegido-como-editor-invitado-de-la-revista-energies\/"},"author":{"name":"DATI","@id":"https:\/\/www.fica.unsl.edu.ar\/#\/schema\/person\/6058f9c66301868d3a691b1f5d6c3544"},"headline":"El Dr. Federico Serra fue elegido como editor invitado de la revista \u201cEnergies\u201d","datePublished":"2022-05-04T14:47:38+00:00","dateModified":"2022-05-13T11:22:02+00:00","mainEntityOfPage":{"@id":"https:\/\/www.fica.unsl.edu.ar\/index.php\/el-dr-federico-serra-fue-elegido-como-editor-invitado-de-la-revista-energies\/"},"wordCount":327,"publisher":{"@id":"https:\/\/www.fica.unsl.edu.ar\/#organization"},"image":{"@id":"https:\/\/www.fica.unsl.edu.ar\/index.php\/el-dr-federico-serra-fue-elegido-como-editor-invitado-de-la-revista-energies\/#primaryimage"},"thumbnailUrl":"https:\/\/www.fica.unsl.edu.ar\/wp-content\/uploads\/2022\/05\/Energies-front.jpg","articleSection":["Noticias"],"inLanguage":"es-AR"},{"@type":"WebPage","@id":"https:\/\/www.fica.unsl.edu.ar\/index.php\/el-dr-federico-serra-fue-elegido-como-editor-invitado-de-la-revista-energies\/","url":"https:\/\/www.fica.unsl.edu.ar\/index.php\/el-dr-federico-serra-fue-elegido-como-editor-invitado-de-la-revista-energies\/","name":"El Dr. Federico Serra fue elegido como editor invitado de la revista \u201cEnergies\u201d - Facultad de Ingenier\u00eda y Ciencias Agropecuarias","isPartOf":{"@id":"https:\/\/www.fica.unsl.edu.ar\/#website"},"primaryImageOfPage":{"@id":"https:\/\/www.fica.unsl.edu.ar\/index.php\/el-dr-federico-serra-fue-elegido-como-editor-invitado-de-la-revista-energies\/#primaryimage"},"image":{"@id":"https:\/\/www.fica.unsl.edu.ar\/index.php\/el-dr-federico-serra-fue-elegido-como-editor-invitado-de-la-revista-energies\/#primaryimage"},"thumbnailUrl":"https:\/\/www.fica.unsl.edu.ar\/wp-content\/uploads\/2022\/05\/Energies-front.jpg","datePublished":"2022-05-04T14:47:38+00:00","dateModified":"2022-05-13T11:22:02+00:00","inLanguage":"es-AR","potentialAction":[{"@type":"ReadAction","target":["https:\/\/www.fica.unsl.edu.ar\/index.php\/el-dr-federico-serra-fue-elegido-como-editor-invitado-de-la-revista-energies\/"]}]},{"@type":"ImageObject","inLanguage":"es-AR","@id":"https:\/\/www.fica.unsl.edu.ar\/index.php\/el-dr-federico-serra-fue-elegido-como-editor-invitado-de-la-revista-energies\/#primaryimage","url":"https:\/\/www.fica.unsl.edu.ar\/wp-content\/uploads\/2022\/05\/Energies-front.jpg","contentUrl":"https:\/\/www.fica.unsl.edu.ar\/wp-content\/uploads\/2022\/05\/Energies-front.jpg","width":1061,"height":600},{"@type":"WebSite","@id":"https:\/\/www.fica.unsl.edu.ar\/#website","url":"https:\/\/www.fica.unsl.edu.ar\/","name":"Facultad de Ingenier\u00eda y Ciencias Agropecuarias","description":"","publisher":{"@id":"https:\/\/www.fica.unsl.edu.ar\/#organization"},"potentialAction":[{"@type":"SearchAction","target":{"@type":"EntryPoint","urlTemplate":"https:\/\/www.fica.unsl.edu.ar\/?s={search_term_string}"},"query-input":{"@type":"PropertyValueSpecification","valueRequired":true,"valueName":"search_term_string"}}],"inLanguage":"es-AR"},{"@type":"Organization","@id":"https:\/\/www.fica.unsl.edu.ar\/#organization","name":"Facultad de Ingenier\u00eda y Ciencias Agropecuarias","url":"https:\/\/www.fica.unsl.edu.ar\/","logo":{"@type":"ImageObject","inLanguage":"es-AR","@id":"https:\/\/www.fica.unsl.edu.ar\/#\/schema\/logo\/image\/","url":"https:\/\/www.fica.unsl.edu.ar\/wp-content\/uploads\/2021\/03\/LOGO-1.jpg","contentUrl":"https:\/\/www.fica.unsl.edu.ar\/wp-content\/uploads\/2021\/03\/LOGO-1.jpg","width":463,"height":145,"caption":"Facultad de Ingenier\u00eda y Ciencias Agropecuarias"},"image":{"@id":"https:\/\/www.fica.unsl.edu.ar\/#\/schema\/logo\/image\/"},"sameAs":["https:\/\/www.facebook.com\/FICA.UNSL\/","https:\/\/x.com\/FICAUNSL","https:\/\/www.instagram.com\/fica.unsl\/","https:\/\/www.youtube.com\/channel\/UCs2MM53gb2PyBrMySdtWZDQ"]},{"@type":"Person","@id":"https:\/\/www.fica.unsl.edu.ar\/#\/schema\/person\/6058f9c66301868d3a691b1f5d6c3544","name":"DATI"}]}},"_links":{"self":[{"href":"https:\/\/www.fica.unsl.edu.ar\/index.php\/wp-json\/wp\/v2\/posts\/9163","targetHints":{"allow":["GET"]}}],"collection":[{"href":"https:\/\/www.fica.unsl.edu.ar\/index.php\/wp-json\/wp\/v2\/posts"}],"about":[{"href":"https:\/\/www.fica.unsl.edu.ar\/index.php\/wp-json\/wp\/v2\/types\/post"}],"author":[{"embeddable":true,"href":"https:\/\/www.fica.unsl.edu.ar\/index.php\/wp-json\/wp\/v2\/users\/9"}],"replies":[{"embeddable":true,"href":"https:\/\/www.fica.unsl.edu.ar\/index.php\/wp-json\/wp\/v2\/comments?post=9163"}],"version-history":[{"count":3,"href":"https:\/\/www.fica.unsl.edu.ar\/index.php\/wp-json\/wp\/v2\/posts\/9163\/revisions"}],"predecessor-version":[{"id":9167,"href":"https:\/\/www.fica.unsl.edu.ar\/index.php\/wp-json\/wp\/v2\/posts\/9163\/revisions\/9167"}],"wp:featuredmedia":[{"embeddable":true,"href":"https:\/\/www.fica.unsl.edu.ar\/index.php\/wp-json\/wp\/v2\/media\/9164"}],"wp:attachment":[{"href":"https:\/\/www.fica.unsl.edu.ar\/index.php\/wp-json\/wp\/v2\/media?parent=9163"}],"wp:term":[{"taxonomy":"category","embeddable":true,"href":"https:\/\/www.fica.unsl.edu.ar\/index.php\/wp-json\/wp\/v2\/categories?post=9163"},{"taxonomy":"post_tag","embeddable":true,"href":"https:\/\/www.fica.unsl.edu.ar\/index.php\/wp-json\/wp\/v2\/tags?post=9163"}],"curies":[{"name":"wp","href":"https:\/\/api.w.org\/{rel}","templated":true}]}}