{"id":9168,"date":"2022-05-12T09:44:20","date_gmt":"2022-05-12T12:44:20","guid":{"rendered":"http:\/\/10.101.10.196\/www\/?p=9168"},"modified":"2022-05-12T09:44:20","modified_gmt":"2022-05-12T12:44:20","slug":"se-desarrollo-en-la-planta-piloto-la-jornada-de-extension-capacitacion-proceso-de-elaboracion-de-cerveza-artesanal","status":"publish","type":"post","link":"https:\/\/www.fica.unsl.edu.ar\/index.php\/se-desarrollo-en-la-planta-piloto-la-jornada-de-extension-capacitacion-proceso-de-elaboracion-de-cerveza-artesanal\/","title":{"rendered":"Se desarroll\u00f3 en la Planta Piloto la Jornada de Extensi\u00f3n-Capacitaci\u00f3n Proceso de Elaboraci\u00f3n de Cerveza Artesanal."},"content":{"rendered":"<p>La Coordinaci\u00f3n de Extensi\u00f3n, Vinculaci\u00f3n y Transferencia informa que durante la jornada del viernes 29 de abril 2022, se desarroll\u00f3 en la Planta Piloto la Jornada de Extensi\u00f3n-Capacitaci\u00f3n Proceso de Elaboraci\u00f3n de Cerveza Artesanal.<\/p>\n<p>A cargo del Dr. Gast\u00f3n Fern\u00e1ndez docente investigador de la FQByF- UNSL, este encuentro fue organizado por la Coordinaci\u00f3n Planta Piloto junto al Equipo docente de Microbiolog\u00eda de la FICA.<\/p>\n<p><img fetchpriority=\"high\" decoding=\"async\" class=\"aligncenter size-full wp-image-9170\" src=\"https:\/\/www.fica.unsl.edu.ar\/wp-content\/uploads\/2022\/05\/planta-cerveza-01.jpg\" alt=\"\" width=\"1336\" height=\"746\" srcset=\"https:\/\/www.fica.unsl.edu.ar\/wp-content\/uploads\/2022\/05\/planta-cerveza-01.jpg 1336w, https:\/\/www.fica.unsl.edu.ar\/wp-content\/uploads\/2022\/05\/planta-cerveza-01-300x168.jpg 300w, https:\/\/www.fica.unsl.edu.ar\/wp-content\/uploads\/2022\/05\/planta-cerveza-01-1024x572.jpg 1024w, https:\/\/www.fica.unsl.edu.ar\/wp-content\/uploads\/2022\/05\/planta-cerveza-01-768x429.jpg 768w\" sizes=\"(max-width: 1336px) 100vw, 1336px\" \/><\/p>\n<p>A lo largo del encuentro se present\u00f3 el Proyecto de Extensi\u00f3n aprobado por la Secretar\u00eda de Pol\u00edticas Universitarias (SPU) denominado \u201cFortalecimiento del Valor Agregado Regional en la Cerveza Artesanal de la provincia de San Luis\u201d, apuntado a dar soporte y asesoramiento en las buenas pr\u00e1cticas de manufactura y en los procedimientos operativos estandarizados, que pueden aplicar las cervecer\u00edas para tener un producto de calidad. Disertaron los doctores Jorge Gast\u00f3n Fern\u00e1ndez y Jimena Juri Ayub sobre \u201cElaboraci\u00f3n de cerveza\u201d, la Ing. Bernarda S\u00e1nchez Peterle sobre \u201cProceso Productivo\u201d; los doctores Yesica Lambrese y Gast\u00f3n Navarta sobre \u201cMateria Prima\u201d y los ingenieros Nahuel Ambroggio y Luciana Balmaceda sobre \u201cExperiencias en producci\u00f3n de cerveza artesanal a partir de amaranto\u201d.<\/p>\n<p>&nbsp;<\/p>\n","protected":false},"excerpt":{"rendered":"<p>La Coordinaci\u00f3n de Extensi\u00f3n, Vinculaci\u00f3n y Transferencia informa que durante la jornada del viernes 29 de abril 2022, se desarroll\u00f3 en la Planta Piloto la&hellip;<\/p>\n","protected":false},"author":9,"featured_media":9169,"comment_status":"closed","ping_status":"closed","sticky":false,"template":"","format":"standard","meta":{"_monsterinsights_skip_tracking":false,"_monsterinsights_sitenote_active":false,"_monsterinsights_sitenote_note":"","_monsterinsights_sitenote_category":0,"_joinchat":[],"footnotes":""},"categories":[19],"tags":[],"class_list":["post-9168","post","type-post","status-publish","format-standard","has-post-thumbnail","hentry","category-noticias"],"yoast_head":"<!-- This site is optimized with the Yoast SEO plugin v27.4 - https:\/\/yoast.com\/product\/yoast-seo-wordpress\/ -->\n<title>Se desarroll\u00f3 en la Planta Piloto la Jornada de Extensi\u00f3n-Capacitaci\u00f3n Proceso de Elaboraci\u00f3n de Cerveza Artesanal. - Facultad de Ingenier\u00eda y Ciencias Agropecuarias<\/title>\n<meta name=\"robots\" content=\"index, follow, max-snippet:-1, max-image-preview:large, max-video-preview:-1\" \/>\n<link rel=\"canonical\" href=\"https:\/\/www.fica.unsl.edu.ar\/index.php\/se-desarrollo-en-la-planta-piloto-la-jornada-de-extension-capacitacion-proceso-de-elaboracion-de-cerveza-artesanal\/\" \/>\n<meta property=\"og:locale\" content=\"es_ES\" \/>\n<meta property=\"og:type\" content=\"article\" \/>\n<meta property=\"og:title\" content=\"Se desarroll\u00f3 en la Planta Piloto la Jornada de Extensi\u00f3n-Capacitaci\u00f3n Proceso de Elaboraci\u00f3n de Cerveza Artesanal. - Facultad de Ingenier\u00eda y Ciencias Agropecuarias\" \/>\n<meta property=\"og:description\" content=\"La Coordinaci\u00f3n de Extensi\u00f3n, Vinculaci\u00f3n y Transferencia informa que durante la jornada del viernes 29 de abril 2022, se desarroll\u00f3 en la Planta Piloto la&hellip;\" \/>\n<meta property=\"og:url\" content=\"https:\/\/www.fica.unsl.edu.ar\/index.php\/se-desarrollo-en-la-planta-piloto-la-jornada-de-extension-capacitacion-proceso-de-elaboracion-de-cerveza-artesanal\/\" \/>\n<meta property=\"og:site_name\" content=\"Facultad de Ingenier\u00eda y Ciencias Agropecuarias\" \/>\n<meta property=\"article:publisher\" content=\"https:\/\/www.facebook.com\/FICA.UNSL\/\" \/>\n<meta property=\"article:published_time\" content=\"2022-05-12T12:44:20+00:00\" \/>\n<meta property=\"og:image\" content=\"https:\/\/www.fica.unsl.edu.ar\/wp-content\/uploads\/2022\/05\/jornada-cerveza.jpg\" \/>\n\t<meta property=\"og:image:width\" content=\"1061\" \/>\n\t<meta property=\"og:image:height\" content=\"600\" \/>\n\t<meta property=\"og:image:type\" content=\"image\/jpeg\" \/>\n<meta name=\"author\" content=\"DATI\" \/>\n<meta name=\"twitter:card\" content=\"summary_large_image\" \/>\n<meta name=\"twitter:creator\" content=\"@FICAUNSL\" \/>\n<meta name=\"twitter:site\" content=\"@FICAUNSL\" \/>\n<meta name=\"twitter:label1\" content=\"Escrito por\" \/>\n\t<meta name=\"twitter:data1\" content=\"DATI\" \/>\n\t<meta name=\"twitter:label2\" content=\"Tiempo de lectura\" \/>\n\t<meta name=\"twitter:data2\" content=\"1 minuto\" \/>\n<script type=\"application\/ld+json\" class=\"yoast-schema-graph\">{\"@context\":\"https:\\\/\\\/schema.org\",\"@graph\":[{\"@type\":\"Article\",\"@id\":\"https:\\\/\\\/www.fica.unsl.edu.ar\\\/index.php\\\/se-desarrollo-en-la-planta-piloto-la-jornada-de-extension-capacitacion-proceso-de-elaboracion-de-cerveza-artesanal\\\/#article\",\"isPartOf\":{\"@id\":\"https:\\\/\\\/www.fica.unsl.edu.ar\\\/index.php\\\/se-desarrollo-en-la-planta-piloto-la-jornada-de-extension-capacitacion-proceso-de-elaboracion-de-cerveza-artesanal\\\/\"},\"author\":{\"name\":\"DATI\",\"@id\":\"https:\\\/\\\/www.fica.unsl.edu.ar\\\/#\\\/schema\\\/person\\\/6058f9c66301868d3a691b1f5d6c3544\"},\"headline\":\"Se desarroll\u00f3 en la Planta Piloto la Jornada de Extensi\u00f3n-Capacitaci\u00f3n Proceso de Elaboraci\u00f3n de Cerveza Artesanal.\",\"datePublished\":\"2022-05-12T12:44:20+00:00\",\"mainEntityOfPage\":{\"@id\":\"https:\\\/\\\/www.fica.unsl.edu.ar\\\/index.php\\\/se-desarrollo-en-la-planta-piloto-la-jornada-de-extension-capacitacion-proceso-de-elaboracion-de-cerveza-artesanal\\\/\"},\"wordCount\":218,\"publisher\":{\"@id\":\"https:\\\/\\\/www.fica.unsl.edu.ar\\\/#organization\"},\"image\":{\"@id\":\"https:\\\/\\\/www.fica.unsl.edu.ar\\\/index.php\\\/se-desarrollo-en-la-planta-piloto-la-jornada-de-extension-capacitacion-proceso-de-elaboracion-de-cerveza-artesanal\\\/#primaryimage\"},\"thumbnailUrl\":\"https:\\\/\\\/www.fica.unsl.edu.ar\\\/wp-content\\\/uploads\\\/2022\\\/05\\\/jornada-cerveza.jpg\",\"articleSection\":[\"Noticias\"],\"inLanguage\":\"es-AR\"},{\"@type\":\"WebPage\",\"@id\":\"https:\\\/\\\/www.fica.unsl.edu.ar\\\/index.php\\\/se-desarrollo-en-la-planta-piloto-la-jornada-de-extension-capacitacion-proceso-de-elaboracion-de-cerveza-artesanal\\\/\",\"url\":\"https:\\\/\\\/www.fica.unsl.edu.ar\\\/index.php\\\/se-desarrollo-en-la-planta-piloto-la-jornada-de-extension-capacitacion-proceso-de-elaboracion-de-cerveza-artesanal\\\/\",\"name\":\"Se desarroll\u00f3 en la Planta Piloto la Jornada de Extensi\u00f3n-Capacitaci\u00f3n Proceso de Elaboraci\u00f3n de Cerveza Artesanal. - Facultad de Ingenier\u00eda y Ciencias Agropecuarias\",\"isPartOf\":{\"@id\":\"https:\\\/\\\/www.fica.unsl.edu.ar\\\/#website\"},\"primaryImageOfPage\":{\"@id\":\"https:\\\/\\\/www.fica.unsl.edu.ar\\\/index.php\\\/se-desarrollo-en-la-planta-piloto-la-jornada-de-extension-capacitacion-proceso-de-elaboracion-de-cerveza-artesanal\\\/#primaryimage\"},\"image\":{\"@id\":\"https:\\\/\\\/www.fica.unsl.edu.ar\\\/index.php\\\/se-desarrollo-en-la-planta-piloto-la-jornada-de-extension-capacitacion-proceso-de-elaboracion-de-cerveza-artesanal\\\/#primaryimage\"},\"thumbnailUrl\":\"https:\\\/\\\/www.fica.unsl.edu.ar\\\/wp-content\\\/uploads\\\/2022\\\/05\\\/jornada-cerveza.jpg\",\"datePublished\":\"2022-05-12T12:44:20+00:00\",\"inLanguage\":\"es-AR\",\"potentialAction\":[{\"@type\":\"ReadAction\",\"target\":[\"https:\\\/\\\/www.fica.unsl.edu.ar\\\/index.php\\\/se-desarrollo-en-la-planta-piloto-la-jornada-de-extension-capacitacion-proceso-de-elaboracion-de-cerveza-artesanal\\\/\"]}]},{\"@type\":\"ImageObject\",\"inLanguage\":\"es-AR\",\"@id\":\"https:\\\/\\\/www.fica.unsl.edu.ar\\\/index.php\\\/se-desarrollo-en-la-planta-piloto-la-jornada-de-extension-capacitacion-proceso-de-elaboracion-de-cerveza-artesanal\\\/#primaryimage\",\"url\":\"https:\\\/\\\/www.fica.unsl.edu.ar\\\/wp-content\\\/uploads\\\/2022\\\/05\\\/jornada-cerveza.jpg\",\"contentUrl\":\"https:\\\/\\\/www.fica.unsl.edu.ar\\\/wp-content\\\/uploads\\\/2022\\\/05\\\/jornada-cerveza.jpg\",\"width\":1061,\"height\":600},{\"@type\":\"WebSite\",\"@id\":\"https:\\\/\\\/www.fica.unsl.edu.ar\\\/#website\",\"url\":\"https:\\\/\\\/www.fica.unsl.edu.ar\\\/\",\"name\":\"Facultad de Ingenier\u00eda y Ciencias Agropecuarias\",\"description\":\"\",\"publisher\":{\"@id\":\"https:\\\/\\\/www.fica.unsl.edu.ar\\\/#organization\"},\"potentialAction\":[{\"@type\":\"SearchAction\",\"target\":{\"@type\":\"EntryPoint\",\"urlTemplate\":\"https:\\\/\\\/www.fica.unsl.edu.ar\\\/?s={search_term_string}\"},\"query-input\":{\"@type\":\"PropertyValueSpecification\",\"valueRequired\":true,\"valueName\":\"search_term_string\"}}],\"inLanguage\":\"es-AR\"},{\"@type\":\"Organization\",\"@id\":\"https:\\\/\\\/www.fica.unsl.edu.ar\\\/#organization\",\"name\":\"Facultad de Ingenier\u00eda y Ciencias Agropecuarias\",\"url\":\"https:\\\/\\\/www.fica.unsl.edu.ar\\\/\",\"logo\":{\"@type\":\"ImageObject\",\"inLanguage\":\"es-AR\",\"@id\":\"https:\\\/\\\/www.fica.unsl.edu.ar\\\/#\\\/schema\\\/logo\\\/image\\\/\",\"url\":\"https:\\\/\\\/www.fica.unsl.edu.ar\\\/wp-content\\\/uploads\\\/2021\\\/03\\\/LOGO-1.jpg\",\"contentUrl\":\"https:\\\/\\\/www.fica.unsl.edu.ar\\\/wp-content\\\/uploads\\\/2021\\\/03\\\/LOGO-1.jpg\",\"width\":463,\"height\":145,\"caption\":\"Facultad de Ingenier\u00eda y Ciencias Agropecuarias\"},\"image\":{\"@id\":\"https:\\\/\\\/www.fica.unsl.edu.ar\\\/#\\\/schema\\\/logo\\\/image\\\/\"},\"sameAs\":[\"https:\\\/\\\/www.facebook.com\\\/FICA.UNSL\\\/\",\"https:\\\/\\\/x.com\\\/FICAUNSL\",\"https:\\\/\\\/www.instagram.com\\\/fica.unsl\\\/\",\"https:\\\/\\\/www.youtube.com\\\/channel\\\/UCs2MM53gb2PyBrMySdtWZDQ\"]},{\"@type\":\"Person\",\"@id\":\"https:\\\/\\\/www.fica.unsl.edu.ar\\\/#\\\/schema\\\/person\\\/6058f9c66301868d3a691b1f5d6c3544\",\"name\":\"DATI\"}]}<\/script>\n<!-- \/ Yoast SEO plugin. -->","yoast_head_json":{"title":"Se desarroll\u00f3 en la Planta Piloto la Jornada de Extensi\u00f3n-Capacitaci\u00f3n Proceso de Elaboraci\u00f3n de Cerveza Artesanal. - Facultad de Ingenier\u00eda y Ciencias Agropecuarias","robots":{"index":"index","follow":"follow","max-snippet":"max-snippet:-1","max-image-preview":"max-image-preview:large","max-video-preview":"max-video-preview:-1"},"canonical":"https:\/\/www.fica.unsl.edu.ar\/index.php\/se-desarrollo-en-la-planta-piloto-la-jornada-de-extension-capacitacion-proceso-de-elaboracion-de-cerveza-artesanal\/","og_locale":"es_ES","og_type":"article","og_title":"Se desarroll\u00f3 en la Planta Piloto la Jornada de Extensi\u00f3n-Capacitaci\u00f3n Proceso de Elaboraci\u00f3n de Cerveza Artesanal. - Facultad de Ingenier\u00eda y Ciencias Agropecuarias","og_description":"La Coordinaci\u00f3n de Extensi\u00f3n, Vinculaci\u00f3n y Transferencia informa que durante la jornada del viernes 29 de abril 2022, se desarroll\u00f3 en la Planta Piloto la&hellip;","og_url":"https:\/\/www.fica.unsl.edu.ar\/index.php\/se-desarrollo-en-la-planta-piloto-la-jornada-de-extension-capacitacion-proceso-de-elaboracion-de-cerveza-artesanal\/","og_site_name":"Facultad de Ingenier\u00eda y Ciencias Agropecuarias","article_publisher":"https:\/\/www.facebook.com\/FICA.UNSL\/","article_published_time":"2022-05-12T12:44:20+00:00","og_image":[{"width":1061,"height":600,"url":"https:\/\/www.fica.unsl.edu.ar\/wp-content\/uploads\/2022\/05\/jornada-cerveza.jpg","type":"image\/jpeg"}],"author":"DATI","twitter_card":"summary_large_image","twitter_creator":"@FICAUNSL","twitter_site":"@FICAUNSL","twitter_misc":{"Escrito por":"DATI","Tiempo de lectura":"1 minuto"},"schema":{"@context":"https:\/\/schema.org","@graph":[{"@type":"Article","@id":"https:\/\/www.fica.unsl.edu.ar\/index.php\/se-desarrollo-en-la-planta-piloto-la-jornada-de-extension-capacitacion-proceso-de-elaboracion-de-cerveza-artesanal\/#article","isPartOf":{"@id":"https:\/\/www.fica.unsl.edu.ar\/index.php\/se-desarrollo-en-la-planta-piloto-la-jornada-de-extension-capacitacion-proceso-de-elaboracion-de-cerveza-artesanal\/"},"author":{"name":"DATI","@id":"https:\/\/www.fica.unsl.edu.ar\/#\/schema\/person\/6058f9c66301868d3a691b1f5d6c3544"},"headline":"Se desarroll\u00f3 en la Planta Piloto la Jornada de Extensi\u00f3n-Capacitaci\u00f3n Proceso de Elaboraci\u00f3n de Cerveza Artesanal.","datePublished":"2022-05-12T12:44:20+00:00","mainEntityOfPage":{"@id":"https:\/\/www.fica.unsl.edu.ar\/index.php\/se-desarrollo-en-la-planta-piloto-la-jornada-de-extension-capacitacion-proceso-de-elaboracion-de-cerveza-artesanal\/"},"wordCount":218,"publisher":{"@id":"https:\/\/www.fica.unsl.edu.ar\/#organization"},"image":{"@id":"https:\/\/www.fica.unsl.edu.ar\/index.php\/se-desarrollo-en-la-planta-piloto-la-jornada-de-extension-capacitacion-proceso-de-elaboracion-de-cerveza-artesanal\/#primaryimage"},"thumbnailUrl":"https:\/\/www.fica.unsl.edu.ar\/wp-content\/uploads\/2022\/05\/jornada-cerveza.jpg","articleSection":["Noticias"],"inLanguage":"es-AR"},{"@type":"WebPage","@id":"https:\/\/www.fica.unsl.edu.ar\/index.php\/se-desarrollo-en-la-planta-piloto-la-jornada-de-extension-capacitacion-proceso-de-elaboracion-de-cerveza-artesanal\/","url":"https:\/\/www.fica.unsl.edu.ar\/index.php\/se-desarrollo-en-la-planta-piloto-la-jornada-de-extension-capacitacion-proceso-de-elaboracion-de-cerveza-artesanal\/","name":"Se desarroll\u00f3 en la Planta Piloto la Jornada de Extensi\u00f3n-Capacitaci\u00f3n Proceso de Elaboraci\u00f3n de Cerveza Artesanal. - Facultad de Ingenier\u00eda y Ciencias Agropecuarias","isPartOf":{"@id":"https:\/\/www.fica.unsl.edu.ar\/#website"},"primaryImageOfPage":{"@id":"https:\/\/www.fica.unsl.edu.ar\/index.php\/se-desarrollo-en-la-planta-piloto-la-jornada-de-extension-capacitacion-proceso-de-elaboracion-de-cerveza-artesanal\/#primaryimage"},"image":{"@id":"https:\/\/www.fica.unsl.edu.ar\/index.php\/se-desarrollo-en-la-planta-piloto-la-jornada-de-extension-capacitacion-proceso-de-elaboracion-de-cerveza-artesanal\/#primaryimage"},"thumbnailUrl":"https:\/\/www.fica.unsl.edu.ar\/wp-content\/uploads\/2022\/05\/jornada-cerveza.jpg","datePublished":"2022-05-12T12:44:20+00:00","inLanguage":"es-AR","potentialAction":[{"@type":"ReadAction","target":["https:\/\/www.fica.unsl.edu.ar\/index.php\/se-desarrollo-en-la-planta-piloto-la-jornada-de-extension-capacitacion-proceso-de-elaboracion-de-cerveza-artesanal\/"]}]},{"@type":"ImageObject","inLanguage":"es-AR","@id":"https:\/\/www.fica.unsl.edu.ar\/index.php\/se-desarrollo-en-la-planta-piloto-la-jornada-de-extension-capacitacion-proceso-de-elaboracion-de-cerveza-artesanal\/#primaryimage","url":"https:\/\/www.fica.unsl.edu.ar\/wp-content\/uploads\/2022\/05\/jornada-cerveza.jpg","contentUrl":"https:\/\/www.fica.unsl.edu.ar\/wp-content\/uploads\/2022\/05\/jornada-cerveza.jpg","width":1061,"height":600},{"@type":"WebSite","@id":"https:\/\/www.fica.unsl.edu.ar\/#website","url":"https:\/\/www.fica.unsl.edu.ar\/","name":"Facultad de Ingenier\u00eda y Ciencias Agropecuarias","description":"","publisher":{"@id":"https:\/\/www.fica.unsl.edu.ar\/#organization"},"potentialAction":[{"@type":"SearchAction","target":{"@type":"EntryPoint","urlTemplate":"https:\/\/www.fica.unsl.edu.ar\/?s={search_term_string}"},"query-input":{"@type":"PropertyValueSpecification","valueRequired":true,"valueName":"search_term_string"}}],"inLanguage":"es-AR"},{"@type":"Organization","@id":"https:\/\/www.fica.unsl.edu.ar\/#organization","name":"Facultad de Ingenier\u00eda y Ciencias Agropecuarias","url":"https:\/\/www.fica.unsl.edu.ar\/","logo":{"@type":"ImageObject","inLanguage":"es-AR","@id":"https:\/\/www.fica.unsl.edu.ar\/#\/schema\/logo\/image\/","url":"https:\/\/www.fica.unsl.edu.ar\/wp-content\/uploads\/2021\/03\/LOGO-1.jpg","contentUrl":"https:\/\/www.fica.unsl.edu.ar\/wp-content\/uploads\/2021\/03\/LOGO-1.jpg","width":463,"height":145,"caption":"Facultad de Ingenier\u00eda y Ciencias Agropecuarias"},"image":{"@id":"https:\/\/www.fica.unsl.edu.ar\/#\/schema\/logo\/image\/"},"sameAs":["https:\/\/www.facebook.com\/FICA.UNSL\/","https:\/\/x.com\/FICAUNSL","https:\/\/www.instagram.com\/fica.unsl\/","https:\/\/www.youtube.com\/channel\/UCs2MM53gb2PyBrMySdtWZDQ"]},{"@type":"Person","@id":"https:\/\/www.fica.unsl.edu.ar\/#\/schema\/person\/6058f9c66301868d3a691b1f5d6c3544","name":"DATI"}]}},"_links":{"self":[{"href":"https:\/\/www.fica.unsl.edu.ar\/index.php\/wp-json\/wp\/v2\/posts\/9168","targetHints":{"allow":["GET"]}}],"collection":[{"href":"https:\/\/www.fica.unsl.edu.ar\/index.php\/wp-json\/wp\/v2\/posts"}],"about":[{"href":"https:\/\/www.fica.unsl.edu.ar\/index.php\/wp-json\/wp\/v2\/types\/post"}],"author":[{"embeddable":true,"href":"https:\/\/www.fica.unsl.edu.ar\/index.php\/wp-json\/wp\/v2\/users\/9"}],"replies":[{"embeddable":true,"href":"https:\/\/www.fica.unsl.edu.ar\/index.php\/wp-json\/wp\/v2\/comments?post=9168"}],"version-history":[{"count":1,"href":"https:\/\/www.fica.unsl.edu.ar\/index.php\/wp-json\/wp\/v2\/posts\/9168\/revisions"}],"predecessor-version":[{"id":9171,"href":"https:\/\/www.fica.unsl.edu.ar\/index.php\/wp-json\/wp\/v2\/posts\/9168\/revisions\/9171"}],"wp:featuredmedia":[{"embeddable":true,"href":"https:\/\/www.fica.unsl.edu.ar\/index.php\/wp-json\/wp\/v2\/media\/9169"}],"wp:attachment":[{"href":"https:\/\/www.fica.unsl.edu.ar\/index.php\/wp-json\/wp\/v2\/media?parent=9168"}],"wp:term":[{"taxonomy":"category","embeddable":true,"href":"https:\/\/www.fica.unsl.edu.ar\/index.php\/wp-json\/wp\/v2\/categories?post=9168"},{"taxonomy":"post_tag","embeddable":true,"href":"https:\/\/www.fica.unsl.edu.ar\/index.php\/wp-json\/wp\/v2\/tags?post=9168"}],"curies":[{"name":"wp","href":"https:\/\/api.w.org\/{rel}","templated":true}]}}