{"id":9202,"date":"2022-05-10T15:25:02","date_gmt":"2022-05-10T18:25:02","guid":{"rendered":"http:\/\/10.101.10.196\/www\/?p=9202"},"modified":"2022-05-13T11:43:03","modified_gmt":"2022-05-13T14:43:03","slug":"hoy-la-unsl-celebra-su-49o-aniversario-de-creacion","status":"publish","type":"post","link":"https:\/\/www.fica.unsl.edu.ar\/index.php\/hoy-la-unsl-celebra-su-49o-aniversario-de-creacion\/","title":{"rendered":"Hoy la UNSL celebra su 49\u00ba aniversario de creaci\u00f3n"},"content":{"rendered":"<p><strong>Un 10 de mayo de 1973 iniciaba la historia de la Universidad Nacional de San Luis (UNSL) como Instituci\u00f3n independiente, forjando sus propias huellas desde su autonom\u00eda. Hoy la Universidad celebra un nuevo aniversario. Lo festejar\u00e1 el jueves 12 de mayo con la distinci\u00f3n a sus trabajadores y entrega del premio\u00a0<em>Polo Godoy Rojo<\/em>.<\/strong><\/p>\n<p>La Universidad Nacional de San Luis (UNSL) se fund\u00f3 en 1973. Sus ra\u00edces se remontan al a\u00f1o 1939 con la creaci\u00f3n de la Universidad Nacional de Cuyo (UNCuyo) y con la incorporaci\u00f3n de la Escuela Normal a su dependencia. Fue as\u00ed como surge una necesidad de la comunidad sanluise\u00f1a de contar con estudios superiores en San Luis y, porque no, de una Universidad propia tomando como referencia la fuerte tradici\u00f3n normalista de la ciudad.<\/p>\n<p>Para el acontecimiento de la creaci\u00f3n de la UNSL fueron necesarias unas condiciones de posibilidad hist\u00f3rica como las que comenzaron a gestarse desde mediados de los a\u00f1os 70 cuando todav\u00eda se depend\u00eda acad\u00e9mica y administrativamente de la UNCuyo.<\/p>\n<figure class=\"wp-block-image\"><img decoding=\"async\" class=\"wp-image-68853\" src=\"https:\/\/www.noticias.unsl.edu.ar\/wp-content\/uploads\/2022\/05\/220217-Estudiantes-4-3.jpg\" sizes=\"(max-width: 1000px) 100vw, 1000px\" srcset=\"https:\/\/www.noticias.unsl.edu.ar\/wp-content\/uploads\/2022\/05\/220217-Estudiantes-4-3.jpg 1000w, https:\/\/www.noticias.unsl.edu.ar\/wp-content\/uploads\/2022\/05\/220217-Estudiantes-4-3-300x200.jpg 300w\" alt=\"\" \/><\/figure>\n<p>Por esos a\u00f1os, se hab\u00eda instalado la idea de que las instituciones universitarias y la ense\u00f1anza superior deb\u00edan ser congruentes y estar integradas con un nuevo proyecto de pa\u00eds y, m\u00e1s a\u00fan, ser baluarte del proceso de liberaci\u00f3n y reconstrucci\u00f3n nacional.<\/p>\n<p>Esta renovaci\u00f3n intent\u00f3 plasmarse en una nueva Ley Universitaria sancionada en 1974 cuyo esp\u00edritu reflejaba los aportes de intelectuales cercanos al peronismo desde fines de los 70 y, establec\u00eda, entre otras cosas, que la Universidad deb\u00eda contribuir a la construcci\u00f3n de la cultura y en particular aquella de car\u00e1cter aut\u00f3ctono, popular y nacional.<\/p>\n<p>En cuanto al escenario local, comienza a evidenciarse un estado de movilizaci\u00f3n permanente ante el anhelo por contar con una universidad propia expresado por diferentes sectores de la sociedad y la cultura. As\u00ed, los docentes y estudiantes de las distintas unidades acad\u00e9micas con sede en San Luis, el inter\u00e9s genuino de las autoridades provinciales, permitieron que ese deseo se hiciera realidad. A ello se suma la intensa lucha llevada a cabo por la comunidad villamercedina que condujo a la concreci\u00f3n de este proyecto ante la necesidad de contar con una o m\u00e1s facultades o unidades acad\u00e9micas en su localidad.<\/p>\n<figure class=\"wp-block-image\"><img decoding=\"async\" class=\"wp-image-68858\" src=\"https:\/\/www.noticias.unsl.edu.ar\/wp-content\/uploads\/2022\/05\/UNSL_-6-4.jpg\" sizes=\"(max-width: 1000px) 100vw, 1000px\" srcset=\"https:\/\/www.noticias.unsl.edu.ar\/wp-content\/uploads\/2022\/05\/UNSL_-6-4.jpg 1000w, https:\/\/www.noticias.unsl.edu.ar\/wp-content\/uploads\/2022\/05\/UNSL_-6-4-300x200.jpg 300w\" alt=\"\" \/><\/figure>\n<h4>UNSL recorriendo su historia<\/h4>\n<p>En 1940 se crea el\u00a0<strong>Instituto Nacional del Profesorado<\/strong>\u00a0que da inicio a la jerarquizaci\u00f3n y profesionalizaci\u00f3n del magisterio. Estaba dedicado a la ense\u00f1anza de las ciencias f\u00edsico-qu\u00edmicas y comprend\u00eda dos profesorados con sus doctorados, el de Matem\u00e1tica y F\u00edsica y Qu\u00edmica y Mineralog\u00eda. Posteriormente es reemplazado por el\u00a0<strong>Instituto Pedag\u00f3gico de San Luis<\/strong>\u00a0(1941), la formaci\u00f3n docente adquiere un nuevo rumbo marcando la emergencia de nuevos campos de saber, el de la pedagog\u00eda y el de la filosof\u00eda.<\/p>\n<p>En 1946, se eleva el Instituto Pedag\u00f3gico a la categor\u00eda de\u00a0<strong>Facultad de Ciencias de la Educaci\u00f3n<\/strong>, incorpor\u00e1ndose las Licenciaturas y los Doctorados, se acent\u00faa la tradici\u00f3n human\u00edstica y cient\u00edfica de los estudios superiores en San Luis. Se crea tambi\u00e9n un centro dedicado a la investigaci\u00f3n cient\u00edfica, el cual encontr\u00f3 su espacio de realizaci\u00f3n en el\u00a0<strong>Instituto de Investigaciones Pedag\u00f3gicas<\/strong>\u00a0(1948).<\/p>\n<p>Al crecimiento universitario se suma la creaci\u00f3n de la Escuela de Farmacia (1951), la consolidaci\u00f3n de diferentes \u00e1reas de conocimiento reunidas en departamentos, tales como, el de Matem\u00e1ticas y F\u00edsica, el Departamento de Ciencias Pedag\u00f3gicas y el Departamento de Qu\u00edmica y Minerolog\u00eda y, la incorporaci\u00f3n del Instituto de F\u00edsica\u00a0<em>Dr. Jos\u00e9 A. Balseiro<\/em>, con asiento en San Carlos de Bariloche (Rio Negro). Acciones que llevan al cambio de denominaci\u00f3n en 1958, de Facultad de Ciencias de la Educaci\u00f3n a\u00a0<strong>Facultad de Ciencias.<\/strong><\/p>\n<figure class=\"wp-block-image\"><img decoding=\"async\" class=\"wp-image-68855\" src=\"https:\/\/www.noticias.unsl.edu.ar\/wp-content\/uploads\/2022\/05\/220217-Estudiantes-12-9.jpg\" sizes=\"(max-width: 1000px) 100vw, 1000px\" srcset=\"https:\/\/www.noticias.unsl.edu.ar\/wp-content\/uploads\/2022\/05\/220217-Estudiantes-12-9.jpg 1000w, https:\/\/www.noticias.unsl.edu.ar\/wp-content\/uploads\/2022\/05\/220217-Estudiantes-12-9-300x200.jpg 300w\" alt=\"\" \/><\/figure>\n<p>Se establece una estructura integrada por\u00a0<em>Escuelas<\/em>\u00a0constituida por la de Matem\u00e1tica y F\u00edsica; de Qu\u00edmica, Bioqu\u00edmica y Farmacia; Pedagog\u00eda y Psicolog\u00eda y, por \u00faltimo, la Escuela de F\u00edsica At\u00f3mica de San Carlos de Bariloche. El cambio de nombre de la Facultad implic\u00f3 una transformaci\u00f3n que fortaleci\u00f3 el desarrollo de la investigaci\u00f3n cient\u00edfica, sin que desapareciera la antigua orientaci\u00f3n docente.<\/p>\n<p>En 1969 la Facultad de Ciencias se desdobla en Facultad de Pedagog\u00eda y Psicolog\u00eda y en Facultad F\u00edsico-Qu\u00edmico y Matem\u00e1ticas. En 1970 se establecieron nuevas Escuelas dependientes de dichas facultades; la Facultad de Ciencias F\u00edsico-Qu\u00edmico-Matem\u00e1tica queda constituida por la Escuela de Qu\u00edmica, Bioqu\u00edmica y Farmacia y la de Matem\u00e1tica y F\u00edsica. Mientras que, la Facultad de Pedagog\u00eda y Psicolog\u00eda queda integrada por dos Escuelas la de Pedagog\u00eda y la de Psicolog\u00eda.<\/p>\n<p>Con el Plan Nacional de Desarrollo (1971-1975 Ley 19.039), comienza el reordenamiento geogr\u00e1fico de la Universidad Nacional de Cuyo y con la Ley N\u00ba 20.365 finalmente se produce la creaci\u00f3n de la Universidad Nacional de San Luis, el 10\u00a0 de mayo de 1973, design\u00e1ndose como primer rector a Mauricio L\u00f3pez.<\/p>\n<figure class=\"wp-block-image\"><img decoding=\"async\" class=\"wp-image-68852\" src=\"https:\/\/www.noticias.unsl.edu.ar\/wp-content\/uploads\/2022\/05\/211028-Fachada-Rectorado-5-3.jpg\" sizes=\"(max-width: 1000px) 100vw, 1000px\" srcset=\"https:\/\/www.noticias.unsl.edu.ar\/wp-content\/uploads\/2022\/05\/211028-Fachada-Rectorado-5-3.jpg 1000w, https:\/\/www.noticias.unsl.edu.ar\/wp-content\/uploads\/2022\/05\/211028-Fachada-Rectorado-5-3-300x200.jpg 300w\" alt=\"\" \/><\/figure>\n<p>A partir de este momento, la Universidad se define abierta a la comunidad, participativa y pluralista. Entre su propuesta se destaca: la transformaci\u00f3n de las estructuras acad\u00e9micas en \u00e1reas de integraci\u00f3n curricular, la departamentalizaci\u00f3n, el estudio de la realidad nacional, una marcada pol\u00edtica extensionista, el servicio pedag\u00f3gico, la planta piloto de medicamentos, la comisi\u00f3n asesora regional, la Secretar\u00eda de Transferencia a la Comunidad. Tambi\u00e9n la concreci\u00f3n de dos (2) complejos universitarios, seg\u00fan la Ley Taiana N\u00b0 20.654, el de San Luis que qued\u00f3 constituido por los Departamentos de Matem\u00e1tica, Qu\u00edmica, F\u00edsica, Ciencias Naturales, Ciencias de la Educaci\u00f3n, Psicolog\u00eda y el de Villa Mercedes, por los Departamentos de Ciencias B\u00e1sicas, Tecnol\u00f3gico, de Relaciones Sociales y Administraci\u00f3n.<\/p>\n<p>Durante la dictadura se vuelve al r\u00e9gimen de Facultades para descentralizar el poder concentrado en los distintos cuerpos acad\u00e9micos, se cierran carreras, se modifican planes de estudio, se produce la cesant\u00eda de docentes, alumnos\/as, nodocentes y la desaparici\u00f3n f\u00edsica de nuestro primer Rector.<\/p>\n<p>Durante la reapertura democr\u00e1tica, el Consejo Superior Provisorio dict\u00f3 la Res. N\u00b0 220\/84, por la cual dispuso designar una comisi\u00f3n especial integrada por delegados docentes y alumnos\/as para que actuaran en la reincorporaci\u00f3n del personal dejado cesante. Que bajo la Ley N\u00b0 23.068 de Normalizaci\u00f3n Universitaria establec\u00eda en su Art. 10\u00b0 cada Universidad asegurar\u00e1 la existencia de su r\u00e9gimen de reincorporaciones.<\/p>\n<figure class=\"wp-block-image\"><img decoding=\"async\" class=\"wp-image-68851\" src=\"https:\/\/www.noticias.unsl.edu.ar\/wp-content\/uploads\/2022\/05\/191226-Im%C3%A1genes-Estudiantes7.jpg\" sizes=\"(max-width: 1000px) 100vw, 1000px\" srcset=\"https:\/\/www.noticias.unsl.edu.ar\/wp-content\/uploads\/2022\/05\/191226-Im\u00e1genes-Estudiantes7.jpg 1000w, https:\/\/www.noticias.unsl.edu.ar\/wp-content\/uploads\/2022\/05\/191226-Im\u00e1genes-Estudiantes7-300x200.jpg 300w\" alt=\"\" \/><\/figure>\n<p>En 1986 la Asamblea Universitaria defini\u00f3 el destino de la Universidad\u00a0 cuando se reuni\u00f3 para elegir nuevas autoridades, reform\u00f3 el Estatuto\u00a0 Universitario y modific\u00f3 el modo de elegir autoridades. Por primera vez en el a\u00f1o 2001 se concret\u00f3 el uso del sistema directo para elegir rector, decanos, directores departamentales y otros cargos.<\/p>\n<p>Durante la etapa democr\u00e1tica hasta la fecha la UNSL comienza a transitar diferentes etapas de crecimiento, desarrollo y proyecci\u00f3n en diferentes \u00e1reas de conocimiento abri\u00e9ndose desde una fuerte pol\u00edtica extensionista al medio social local, regional y latinoamericano. As\u00ed tambi\u00e9n, viene ejecutando diferentes acciones tendientes a poner en valor su rico patrimonio hist\u00f3rico que podemos constatar en la reciente ordenanza rectoral N\u00b0 3, en la cual se crea el\u00a0<em>Programa de Historia y Memoria de la UNSL<\/em>.<\/p>\n<p>Fuente: Programa Historia y Memoria UNSL \/ Aportes de la Dra. Sonia Riveros.<\/p>\n<div style=\"width: 640px;\" class=\"wp-video\"><video class=\"wp-video-shortcode\" id=\"video-9202-1\" width=\"640\" height=\"352\" preload=\"metadata\" controls=\"controls\"><source type=\"video\/mp4\" src=\"https:\/\/www.fica.unsl.edu.ar\/wp-content\/uploads\/2022\/05\/UNSL-camino-a-los-50-anos.mp4?_=1\" \/><a href=\"https:\/\/www.fica.unsl.edu.ar\/wp-content\/uploads\/2022\/05\/UNSL-camino-a-los-50-anos.mp4\">https:\/\/www.fica.unsl.edu.ar\/wp-content\/uploads\/2022\/05\/UNSL-camino-a-los-50-anos.mp4<\/a><\/video><\/div>\n","protected":false},"excerpt":{"rendered":"<p>Un 10 de mayo de 1973 iniciaba la historia de la Universidad Nacional de San Luis (UNSL) como Instituci\u00f3n independiente, forjando sus propias huellas desde&hellip;<\/p>\n","protected":false},"author":9,"featured_media":9014,"comment_status":"closed","ping_status":"closed","sticky":false,"template":"","format":"standard","meta":{"_monsterinsights_skip_tracking":false,"_monsterinsights_sitenote_active":false,"_monsterinsights_sitenote_note":"","_monsterinsights_sitenote_category":0,"_joinchat":[],"footnotes":""},"categories":[19],"tags":[],"class_list":["post-9202","post","type-post","status-publish","format-standard","has-post-thumbnail","hentry","category-noticias"],"yoast_head":"<!-- This site is optimized with the Yoast SEO plugin v27.4 - https:\/\/yoast.com\/product\/yoast-seo-wordpress\/ -->\n<title>Hoy la UNSL celebra su 49\u00ba aniversario de creaci\u00f3n - Facultad de Ingenier\u00eda y Ciencias Agropecuarias<\/title>\n<meta name=\"robots\" content=\"index, follow, max-snippet:-1, max-image-preview:large, max-video-preview:-1\" \/>\n<link rel=\"canonical\" href=\"https:\/\/www.fica.unsl.edu.ar\/index.php\/hoy-la-unsl-celebra-su-49o-aniversario-de-creacion\/\" \/>\n<meta property=\"og:locale\" content=\"es_ES\" \/>\n<meta property=\"og:type\" content=\"article\" \/>\n<meta property=\"og:title\" content=\"Hoy la UNSL celebra su 49\u00ba aniversario de creaci\u00f3n - Facultad de Ingenier\u00eda y Ciencias Agropecuarias\" \/>\n<meta property=\"og:description\" content=\"Un 10 de mayo de 1973 iniciaba la historia de la Universidad Nacional de San Luis (UNSL) como Instituci\u00f3n independiente, forjando sus propias huellas desde&hellip;\" \/>\n<meta property=\"og:url\" content=\"https:\/\/www.fica.unsl.edu.ar\/index.php\/hoy-la-unsl-celebra-su-49o-aniversario-de-creacion\/\" \/>\n<meta property=\"og:site_name\" content=\"Facultad de Ingenier\u00eda y Ciencias Agropecuarias\" \/>\n<meta property=\"article:publisher\" content=\"https:\/\/www.facebook.com\/FICA.UNSL\/\" \/>\n<meta property=\"article:published_time\" content=\"2022-05-10T18:25:02+00:00\" \/>\n<meta property=\"article:modified_time\" content=\"2022-05-13T14:43:03+00:00\" \/>\n<meta property=\"og:image\" content=\"https:\/\/www.fica.unsl.edu.ar\/wp-content\/uploads\/2022\/04\/211028-Fachada-Rectorado-2-1-1000x600-1.jpg\" \/>\n\t<meta property=\"og:image:width\" content=\"1000\" \/>\n\t<meta property=\"og:image:height\" content=\"600\" \/>\n\t<meta property=\"og:image:type\" content=\"image\/jpeg\" \/>\n<meta name=\"author\" content=\"DATI\" \/>\n<meta name=\"twitter:card\" content=\"summary_large_image\" \/>\n<meta name=\"twitter:creator\" content=\"@FICAUNSL\" \/>\n<meta name=\"twitter:site\" content=\"@FICAUNSL\" \/>\n<meta name=\"twitter:label1\" content=\"Escrito por\" \/>\n\t<meta name=\"twitter:data1\" content=\"DATI\" \/>\n\t<meta name=\"twitter:label2\" content=\"Tiempo de lectura\" \/>\n\t<meta name=\"twitter:data2\" content=\"7 minutos\" \/>\n<script type=\"application\/ld+json\" class=\"yoast-schema-graph\">{\"@context\":\"https:\\\/\\\/schema.org\",\"@graph\":[{\"@type\":\"Article\",\"@id\":\"https:\\\/\\\/www.fica.unsl.edu.ar\\\/index.php\\\/hoy-la-unsl-celebra-su-49o-aniversario-de-creacion\\\/#article\",\"isPartOf\":{\"@id\":\"https:\\\/\\\/www.fica.unsl.edu.ar\\\/index.php\\\/hoy-la-unsl-celebra-su-49o-aniversario-de-creacion\\\/\"},\"author\":{\"name\":\"DATI\",\"@id\":\"https:\\\/\\\/www.fica.unsl.edu.ar\\\/#\\\/schema\\\/person\\\/6058f9c66301868d3a691b1f5d6c3544\"},\"headline\":\"Hoy la UNSL celebra su 49\u00ba aniversario de creaci\u00f3n\",\"datePublished\":\"2022-05-10T18:25:02+00:00\",\"dateModified\":\"2022-05-13T14:43:03+00:00\",\"mainEntityOfPage\":{\"@id\":\"https:\\\/\\\/www.fica.unsl.edu.ar\\\/index.php\\\/hoy-la-unsl-celebra-su-49o-aniversario-de-creacion\\\/\"},\"wordCount\":1268,\"publisher\":{\"@id\":\"https:\\\/\\\/www.fica.unsl.edu.ar\\\/#organization\"},\"image\":{\"@id\":\"https:\\\/\\\/www.fica.unsl.edu.ar\\\/index.php\\\/hoy-la-unsl-celebra-su-49o-aniversario-de-creacion\\\/#primaryimage\"},\"thumbnailUrl\":\"https:\\\/\\\/www.fica.unsl.edu.ar\\\/wp-content\\\/uploads\\\/2022\\\/04\\\/211028-Fachada-Rectorado-2-1-1000x600-1.jpg\",\"articleSection\":[\"Noticias\"],\"inLanguage\":\"es-AR\"},{\"@type\":\"WebPage\",\"@id\":\"https:\\\/\\\/www.fica.unsl.edu.ar\\\/index.php\\\/hoy-la-unsl-celebra-su-49o-aniversario-de-creacion\\\/\",\"url\":\"https:\\\/\\\/www.fica.unsl.edu.ar\\\/index.php\\\/hoy-la-unsl-celebra-su-49o-aniversario-de-creacion\\\/\",\"name\":\"Hoy la UNSL celebra su 49\u00ba aniversario de creaci\u00f3n - Facultad de Ingenier\u00eda y Ciencias Agropecuarias\",\"isPartOf\":{\"@id\":\"https:\\\/\\\/www.fica.unsl.edu.ar\\\/#website\"},\"primaryImageOfPage\":{\"@id\":\"https:\\\/\\\/www.fica.unsl.edu.ar\\\/index.php\\\/hoy-la-unsl-celebra-su-49o-aniversario-de-creacion\\\/#primaryimage\"},\"image\":{\"@id\":\"https:\\\/\\\/www.fica.unsl.edu.ar\\\/index.php\\\/hoy-la-unsl-celebra-su-49o-aniversario-de-creacion\\\/#primaryimage\"},\"thumbnailUrl\":\"https:\\\/\\\/www.fica.unsl.edu.ar\\\/wp-content\\\/uploads\\\/2022\\\/04\\\/211028-Fachada-Rectorado-2-1-1000x600-1.jpg\",\"datePublished\":\"2022-05-10T18:25:02+00:00\",\"dateModified\":\"2022-05-13T14:43:03+00:00\",\"inLanguage\":\"es-AR\",\"potentialAction\":[{\"@type\":\"ReadAction\",\"target\":[\"https:\\\/\\\/www.fica.unsl.edu.ar\\\/index.php\\\/hoy-la-unsl-celebra-su-49o-aniversario-de-creacion\\\/\"]}]},{\"@type\":\"ImageObject\",\"inLanguage\":\"es-AR\",\"@id\":\"https:\\\/\\\/www.fica.unsl.edu.ar\\\/index.php\\\/hoy-la-unsl-celebra-su-49o-aniversario-de-creacion\\\/#primaryimage\",\"url\":\"https:\\\/\\\/www.fica.unsl.edu.ar\\\/wp-content\\\/uploads\\\/2022\\\/04\\\/211028-Fachada-Rectorado-2-1-1000x600-1.jpg\",\"contentUrl\":\"https:\\\/\\\/www.fica.unsl.edu.ar\\\/wp-content\\\/uploads\\\/2022\\\/04\\\/211028-Fachada-Rectorado-2-1-1000x600-1.jpg\",\"width\":1000,\"height\":600},{\"@type\":\"WebSite\",\"@id\":\"https:\\\/\\\/www.fica.unsl.edu.ar\\\/#website\",\"url\":\"https:\\\/\\\/www.fica.unsl.edu.ar\\\/\",\"name\":\"Facultad de Ingenier\u00eda y Ciencias Agropecuarias\",\"description\":\"\",\"publisher\":{\"@id\":\"https:\\\/\\\/www.fica.unsl.edu.ar\\\/#organization\"},\"potentialAction\":[{\"@type\":\"SearchAction\",\"target\":{\"@type\":\"EntryPoint\",\"urlTemplate\":\"https:\\\/\\\/www.fica.unsl.edu.ar\\\/?s={search_term_string}\"},\"query-input\":{\"@type\":\"PropertyValueSpecification\",\"valueRequired\":true,\"valueName\":\"search_term_string\"}}],\"inLanguage\":\"es-AR\"},{\"@type\":\"Organization\",\"@id\":\"https:\\\/\\\/www.fica.unsl.edu.ar\\\/#organization\",\"name\":\"Facultad de Ingenier\u00eda y Ciencias Agropecuarias\",\"url\":\"https:\\\/\\\/www.fica.unsl.edu.ar\\\/\",\"logo\":{\"@type\":\"ImageObject\",\"inLanguage\":\"es-AR\",\"@id\":\"https:\\\/\\\/www.fica.unsl.edu.ar\\\/#\\\/schema\\\/logo\\\/image\\\/\",\"url\":\"https:\\\/\\\/www.fica.unsl.edu.ar\\\/wp-content\\\/uploads\\\/2021\\\/03\\\/LOGO-1.jpg\",\"contentUrl\":\"https:\\\/\\\/www.fica.unsl.edu.ar\\\/wp-content\\\/uploads\\\/2021\\\/03\\\/LOGO-1.jpg\",\"width\":463,\"height\":145,\"caption\":\"Facultad de Ingenier\u00eda y Ciencias Agropecuarias\"},\"image\":{\"@id\":\"https:\\\/\\\/www.fica.unsl.edu.ar\\\/#\\\/schema\\\/logo\\\/image\\\/\"},\"sameAs\":[\"https:\\\/\\\/www.facebook.com\\\/FICA.UNSL\\\/\",\"https:\\\/\\\/x.com\\\/FICAUNSL\",\"https:\\\/\\\/www.instagram.com\\\/fica.unsl\\\/\",\"https:\\\/\\\/www.youtube.com\\\/channel\\\/UCs2MM53gb2PyBrMySdtWZDQ\"]},{\"@type\":\"Person\",\"@id\":\"https:\\\/\\\/www.fica.unsl.edu.ar\\\/#\\\/schema\\\/person\\\/6058f9c66301868d3a691b1f5d6c3544\",\"name\":\"DATI\"}]}<\/script>\n<!-- \/ Yoast SEO plugin. -->","yoast_head_json":{"title":"Hoy la UNSL celebra su 49\u00ba aniversario de creaci\u00f3n - Facultad de Ingenier\u00eda y Ciencias Agropecuarias","robots":{"index":"index","follow":"follow","max-snippet":"max-snippet:-1","max-image-preview":"max-image-preview:large","max-video-preview":"max-video-preview:-1"},"canonical":"https:\/\/www.fica.unsl.edu.ar\/index.php\/hoy-la-unsl-celebra-su-49o-aniversario-de-creacion\/","og_locale":"es_ES","og_type":"article","og_title":"Hoy la UNSL celebra su 49\u00ba aniversario de creaci\u00f3n - Facultad de Ingenier\u00eda y Ciencias Agropecuarias","og_description":"Un 10 de mayo de 1973 iniciaba la historia de la Universidad Nacional de San Luis (UNSL) como Instituci\u00f3n independiente, forjando sus propias huellas desde&hellip;","og_url":"https:\/\/www.fica.unsl.edu.ar\/index.php\/hoy-la-unsl-celebra-su-49o-aniversario-de-creacion\/","og_site_name":"Facultad de Ingenier\u00eda y Ciencias Agropecuarias","article_publisher":"https:\/\/www.facebook.com\/FICA.UNSL\/","article_published_time":"2022-05-10T18:25:02+00:00","article_modified_time":"2022-05-13T14:43:03+00:00","og_image":[{"width":1000,"height":600,"url":"https:\/\/www.fica.unsl.edu.ar\/wp-content\/uploads\/2022\/04\/211028-Fachada-Rectorado-2-1-1000x600-1.jpg","type":"image\/jpeg"}],"author":"DATI","twitter_card":"summary_large_image","twitter_creator":"@FICAUNSL","twitter_site":"@FICAUNSL","twitter_misc":{"Escrito por":"DATI","Tiempo de lectura":"7 minutos"},"schema":{"@context":"https:\/\/schema.org","@graph":[{"@type":"Article","@id":"https:\/\/www.fica.unsl.edu.ar\/index.php\/hoy-la-unsl-celebra-su-49o-aniversario-de-creacion\/#article","isPartOf":{"@id":"https:\/\/www.fica.unsl.edu.ar\/index.php\/hoy-la-unsl-celebra-su-49o-aniversario-de-creacion\/"},"author":{"name":"DATI","@id":"https:\/\/www.fica.unsl.edu.ar\/#\/schema\/person\/6058f9c66301868d3a691b1f5d6c3544"},"headline":"Hoy la UNSL celebra su 49\u00ba aniversario de creaci\u00f3n","datePublished":"2022-05-10T18:25:02+00:00","dateModified":"2022-05-13T14:43:03+00:00","mainEntityOfPage":{"@id":"https:\/\/www.fica.unsl.edu.ar\/index.php\/hoy-la-unsl-celebra-su-49o-aniversario-de-creacion\/"},"wordCount":1268,"publisher":{"@id":"https:\/\/www.fica.unsl.edu.ar\/#organization"},"image":{"@id":"https:\/\/www.fica.unsl.edu.ar\/index.php\/hoy-la-unsl-celebra-su-49o-aniversario-de-creacion\/#primaryimage"},"thumbnailUrl":"https:\/\/www.fica.unsl.edu.ar\/wp-content\/uploads\/2022\/04\/211028-Fachada-Rectorado-2-1-1000x600-1.jpg","articleSection":["Noticias"],"inLanguage":"es-AR"},{"@type":"WebPage","@id":"https:\/\/www.fica.unsl.edu.ar\/index.php\/hoy-la-unsl-celebra-su-49o-aniversario-de-creacion\/","url":"https:\/\/www.fica.unsl.edu.ar\/index.php\/hoy-la-unsl-celebra-su-49o-aniversario-de-creacion\/","name":"Hoy la UNSL celebra su 49\u00ba aniversario de creaci\u00f3n - Facultad de Ingenier\u00eda y Ciencias Agropecuarias","isPartOf":{"@id":"https:\/\/www.fica.unsl.edu.ar\/#website"},"primaryImageOfPage":{"@id":"https:\/\/www.fica.unsl.edu.ar\/index.php\/hoy-la-unsl-celebra-su-49o-aniversario-de-creacion\/#primaryimage"},"image":{"@id":"https:\/\/www.fica.unsl.edu.ar\/index.php\/hoy-la-unsl-celebra-su-49o-aniversario-de-creacion\/#primaryimage"},"thumbnailUrl":"https:\/\/www.fica.unsl.edu.ar\/wp-content\/uploads\/2022\/04\/211028-Fachada-Rectorado-2-1-1000x600-1.jpg","datePublished":"2022-05-10T18:25:02+00:00","dateModified":"2022-05-13T14:43:03+00:00","inLanguage":"es-AR","potentialAction":[{"@type":"ReadAction","target":["https:\/\/www.fica.unsl.edu.ar\/index.php\/hoy-la-unsl-celebra-su-49o-aniversario-de-creacion\/"]}]},{"@type":"ImageObject","inLanguage":"es-AR","@id":"https:\/\/www.fica.unsl.edu.ar\/index.php\/hoy-la-unsl-celebra-su-49o-aniversario-de-creacion\/#primaryimage","url":"https:\/\/www.fica.unsl.edu.ar\/wp-content\/uploads\/2022\/04\/211028-Fachada-Rectorado-2-1-1000x600-1.jpg","contentUrl":"https:\/\/www.fica.unsl.edu.ar\/wp-content\/uploads\/2022\/04\/211028-Fachada-Rectorado-2-1-1000x600-1.jpg","width":1000,"height":600},{"@type":"WebSite","@id":"https:\/\/www.fica.unsl.edu.ar\/#website","url":"https:\/\/www.fica.unsl.edu.ar\/","name":"Facultad de Ingenier\u00eda y Ciencias Agropecuarias","description":"","publisher":{"@id":"https:\/\/www.fica.unsl.edu.ar\/#organization"},"potentialAction":[{"@type":"SearchAction","target":{"@type":"EntryPoint","urlTemplate":"https:\/\/www.fica.unsl.edu.ar\/?s={search_term_string}"},"query-input":{"@type":"PropertyValueSpecification","valueRequired":true,"valueName":"search_term_string"}}],"inLanguage":"es-AR"},{"@type":"Organization","@id":"https:\/\/www.fica.unsl.edu.ar\/#organization","name":"Facultad de Ingenier\u00eda y Ciencias Agropecuarias","url":"https:\/\/www.fica.unsl.edu.ar\/","logo":{"@type":"ImageObject","inLanguage":"es-AR","@id":"https:\/\/www.fica.unsl.edu.ar\/#\/schema\/logo\/image\/","url":"https:\/\/www.fica.unsl.edu.ar\/wp-content\/uploads\/2021\/03\/LOGO-1.jpg","contentUrl":"https:\/\/www.fica.unsl.edu.ar\/wp-content\/uploads\/2021\/03\/LOGO-1.jpg","width":463,"height":145,"caption":"Facultad de Ingenier\u00eda y Ciencias Agropecuarias"},"image":{"@id":"https:\/\/www.fica.unsl.edu.ar\/#\/schema\/logo\/image\/"},"sameAs":["https:\/\/www.facebook.com\/FICA.UNSL\/","https:\/\/x.com\/FICAUNSL","https:\/\/www.instagram.com\/fica.unsl\/","https:\/\/www.youtube.com\/channel\/UCs2MM53gb2PyBrMySdtWZDQ"]},{"@type":"Person","@id":"https:\/\/www.fica.unsl.edu.ar\/#\/schema\/person\/6058f9c66301868d3a691b1f5d6c3544","name":"DATI"}]}},"_links":{"self":[{"href":"https:\/\/www.fica.unsl.edu.ar\/index.php\/wp-json\/wp\/v2\/posts\/9202","targetHints":{"allow":["GET"]}}],"collection":[{"href":"https:\/\/www.fica.unsl.edu.ar\/index.php\/wp-json\/wp\/v2\/posts"}],"about":[{"href":"https:\/\/www.fica.unsl.edu.ar\/index.php\/wp-json\/wp\/v2\/types\/post"}],"author":[{"embeddable":true,"href":"https:\/\/www.fica.unsl.edu.ar\/index.php\/wp-json\/wp\/v2\/users\/9"}],"replies":[{"embeddable":true,"href":"https:\/\/www.fica.unsl.edu.ar\/index.php\/wp-json\/wp\/v2\/comments?post=9202"}],"version-history":[{"count":2,"href":"https:\/\/www.fica.unsl.edu.ar\/index.php\/wp-json\/wp\/v2\/posts\/9202\/revisions"}],"predecessor-version":[{"id":9290,"href":"https:\/\/www.fica.unsl.edu.ar\/index.php\/wp-json\/wp\/v2\/posts\/9202\/revisions\/9290"}],"wp:featuredmedia":[{"embeddable":true,"href":"https:\/\/www.fica.unsl.edu.ar\/index.php\/wp-json\/wp\/v2\/media\/9014"}],"wp:attachment":[{"href":"https:\/\/www.fica.unsl.edu.ar\/index.php\/wp-json\/wp\/v2\/media?parent=9202"}],"wp:term":[{"taxonomy":"category","embeddable":true,"href":"https:\/\/www.fica.unsl.edu.ar\/index.php\/wp-json\/wp\/v2\/categories?post=9202"},{"taxonomy":"post_tag","embeddable":true,"href":"https:\/\/www.fica.unsl.edu.ar\/index.php\/wp-json\/wp\/v2\/tags?post=9202"}],"curies":[{"name":"wp","href":"https:\/\/api.w.org\/{rel}","templated":true}]}}