{"id":9209,"date":"2022-05-11T09:15:33","date_gmt":"2022-05-11T12:15:33","guid":{"rendered":"http:\/\/10.101.10.196\/www\/?p=9209"},"modified":"2022-05-11T12:03:03","modified_gmt":"2022-05-11T15:03:03","slug":"docente-de-la-fica-expone-en-el-workshop-de-energias-renovables-ener-2022-chile","status":"publish","type":"post","link":"https:\/\/www.fica.unsl.edu.ar\/index.php\/docente-de-la-fica-expone-en-el-workshop-de-energias-renovables-ener-2022-chile\/","title":{"rendered":"Docente de la FICA expone en el Workshop de Energ\u00edas Renovables ENER 2022 -Chile"},"content":{"rendered":"<p>La L\u00ednea de Electrificaci\u00f3n Aislada Sostenible (LEAS) del Laboratorio de Control Autom\u00e1tico invita a toda la comunidad a participar del Workshop de Energ\u00edas Renovables ENER 2022, evento virtual y presencial organizado por el Centro Tecnol\u00f3gico de Conversi\u00f3n de Energ\u00eda (CTCE) y el Laboratorio de Conversi\u00f3n de Energ\u00edas y Electr\u00f3nica de Potencia (LCEEP) de la Facultad de Ingenier\u00eda de la Universidad de Talca (Chile).<\/p>\n<p>Bajo el lema &#8220;Mitigando el Cambio Clim\u00e1tico y la Vulnerabilidad Energ\u00e9tica a trav\u00e9s de Tecnolog\u00edas Inteligentes&#8221;, este evento re\u00fane a investigadores, estudiantes y acad\u00e9micos, con organismos, empresas y profesionales provenientes del mundo p\u00fablico y privado, tanto de Chile como del extranjero, para discutir acerca de las nuevas tendencias en el campo de las energ\u00edas renovables.<\/p>\n<p>La actividad se realizar\u00e1 el d\u00eda 12 de mayo, a partir de las 9 horas de Chile, en el Auditorio de la Facultad de Ingenier\u00eda de la Universidad de Talca ubicada en el Km.1 Camino a Los Niches, Curic\u00f3, pero tambi\u00e9n estar\u00e1 disponible en modalidad online. A partir de las 12.15 horas, expondr\u00e1 el docente de la FICA, Dr. Guillermo Catugno sobre \u201c\u00bfCu\u00e1les son los Desaf\u00edos y Proyecciones del Cambio Clim\u00e1tico y la Vulnerabilidad Energ\u00e9tica?: Caso Argentina\u201d.<\/p>\n<p>En esta presentaci\u00f3n se plantear\u00e1 la pobreza energ\u00e9tica de comunidades rurales en Argentina, donde la tecnolog\u00eda abierta puede ser una posible soluci\u00f3n a la vulnerabilidad de estas comunidades y la mitigaci\u00f3n del cambio clim\u00e1tico. Se expondr\u00e1n casos de estudio y lineamientos de pol\u00edticas p\u00fablicas ante esta problem\u00e1tica de la electrificaci\u00f3n rural en el territorio.<\/p>\n<p>Aquellos interesados en asistir al Workshop deben registrarse en el siguiente link:\u00a0<a href=\"https:\/\/forms.gle\/vhA8TfonhfSzTDXCA\" data-saferedirecturl=\"https:\/\/www.google.com\/url?q=https:\/\/forms.gle\/vhA8TfonhfSzTDXCA&amp;source=gmail&amp;ust=1652353807993000&amp;usg=AOvVaw0F1c5l163mtoEAz9PjMiD-\">https:\/\/forms.gle\/vhA8TfonhfSzTDXCA<\/a><\/p>\n<p>Ante cualquier consulta pueden escribir a\u00a0<a href=\"mailto:marcoriv@utalca.cl\">marcoriv@utalca.cl<\/a>\u00a0o visitar el sitio web\u00a0<a href=\"https:\/\/lceep.cl\/wener22\/\" data-saferedirecturl=\"https:\/\/www.google.com\/url?q=https:\/\/lceep.cl\/wener22\/&amp;source=gmail&amp;ust=1652353807994000&amp;usg=AOvVaw1KDJD264fpP62tT39Ga9Hl\">https:\/\/lceep.cl\/wener22\/<\/a><\/p>\n","protected":false},"excerpt":{"rendered":"<p>La L\u00ednea de Electrificaci\u00f3n Aislada Sostenible (LEAS) del Laboratorio de Control Autom\u00e1tico invita a toda la comunidad a participar del Workshop de Energ\u00edas Renovables ENER&hellip;<\/p>\n","protected":false},"author":9,"featured_media":9210,"comment_status":"closed","ping_status":"closed","sticky":false,"template":"","format":"standard","meta":{"_monsterinsights_skip_tracking":false,"_monsterinsights_sitenote_active":false,"_monsterinsights_sitenote_note":"","_monsterinsights_sitenote_category":0,"_joinchat":[],"footnotes":""},"categories":[19],"tags":[],"class_list":["post-9209","post","type-post","status-publish","format-standard","has-post-thumbnail","hentry","category-noticias"],"yoast_head":"<!-- This site is optimized with the Yoast SEO plugin v27.4 - https:\/\/yoast.com\/product\/yoast-seo-wordpress\/ -->\n<title>Docente de la FICA expone en el Workshop de Energ\u00edas Renovables ENER 2022 -Chile - Facultad de Ingenier\u00eda y Ciencias Agropecuarias<\/title>\n<meta name=\"robots\" content=\"index, follow, max-snippet:-1, max-image-preview:large, max-video-preview:-1\" \/>\n<link rel=\"canonical\" href=\"https:\/\/www.fica.unsl.edu.ar\/index.php\/docente-de-la-fica-expone-en-el-workshop-de-energias-renovables-ener-2022-chile\/\" \/>\n<meta property=\"og:locale\" content=\"es_ES\" \/>\n<meta property=\"og:type\" content=\"article\" \/>\n<meta property=\"og:title\" content=\"Docente de la FICA expone en el Workshop de Energ\u00edas Renovables ENER 2022 -Chile - Facultad de Ingenier\u00eda y Ciencias Agropecuarias\" \/>\n<meta property=\"og:description\" content=\"La L\u00ednea de Electrificaci\u00f3n Aislada Sostenible (LEAS) del Laboratorio de Control Autom\u00e1tico invita a toda la comunidad a participar del Workshop de Energ\u00edas Renovables ENER&hellip;\" \/>\n<meta property=\"og:url\" content=\"https:\/\/www.fica.unsl.edu.ar\/index.php\/docente-de-la-fica-expone-en-el-workshop-de-energias-renovables-ener-2022-chile\/\" \/>\n<meta property=\"og:site_name\" content=\"Facultad de Ingenier\u00eda y Ciencias Agropecuarias\" \/>\n<meta property=\"article:publisher\" content=\"https:\/\/www.facebook.com\/FICA.UNSL\/\" \/>\n<meta property=\"article:published_time\" content=\"2022-05-11T12:15:33+00:00\" \/>\n<meta property=\"article:modified_time\" content=\"2022-05-11T15:03:03+00:00\" \/>\n<meta property=\"og:image\" content=\"https:\/\/www.fica.unsl.edu.ar\/wp-content\/uploads\/2022\/05\/WORKSHOP-CHILE.jpg\" \/>\n\t<meta property=\"og:image:width\" content=\"1061\" \/>\n\t<meta property=\"og:image:height\" content=\"600\" \/>\n\t<meta property=\"og:image:type\" content=\"image\/jpeg\" \/>\n<meta name=\"author\" content=\"DATI\" \/>\n<meta name=\"twitter:card\" content=\"summary_large_image\" \/>\n<meta name=\"twitter:creator\" content=\"@FICAUNSL\" \/>\n<meta name=\"twitter:site\" content=\"@FICAUNSL\" \/>\n<meta name=\"twitter:label1\" content=\"Escrito por\" \/>\n\t<meta name=\"twitter:data1\" content=\"DATI\" \/>\n\t<meta name=\"twitter:label2\" content=\"Tiempo de lectura\" \/>\n\t<meta name=\"twitter:data2\" content=\"2 minutos\" \/>\n<script type=\"application\/ld+json\" class=\"yoast-schema-graph\">{\"@context\":\"https:\\\/\\\/schema.org\",\"@graph\":[{\"@type\":\"Article\",\"@id\":\"https:\\\/\\\/www.fica.unsl.edu.ar\\\/index.php\\\/docente-de-la-fica-expone-en-el-workshop-de-energias-renovables-ener-2022-chile\\\/#article\",\"isPartOf\":{\"@id\":\"https:\\\/\\\/www.fica.unsl.edu.ar\\\/index.php\\\/docente-de-la-fica-expone-en-el-workshop-de-energias-renovables-ener-2022-chile\\\/\"},\"author\":{\"name\":\"DATI\",\"@id\":\"https:\\\/\\\/www.fica.unsl.edu.ar\\\/#\\\/schema\\\/person\\\/6058f9c66301868d3a691b1f5d6c3544\"},\"headline\":\"Docente de la FICA expone en el Workshop de Energ\u00edas Renovables ENER 2022 -Chile\",\"datePublished\":\"2022-05-11T12:15:33+00:00\",\"dateModified\":\"2022-05-11T15:03:03+00:00\",\"mainEntityOfPage\":{\"@id\":\"https:\\\/\\\/www.fica.unsl.edu.ar\\\/index.php\\\/docente-de-la-fica-expone-en-el-workshop-de-energias-renovables-ener-2022-chile\\\/\"},\"wordCount\":331,\"publisher\":{\"@id\":\"https:\\\/\\\/www.fica.unsl.edu.ar\\\/#organization\"},\"image\":{\"@id\":\"https:\\\/\\\/www.fica.unsl.edu.ar\\\/index.php\\\/docente-de-la-fica-expone-en-el-workshop-de-energias-renovables-ener-2022-chile\\\/#primaryimage\"},\"thumbnailUrl\":\"https:\\\/\\\/www.fica.unsl.edu.ar\\\/wp-content\\\/uploads\\\/2022\\\/05\\\/WORKSHOP-CHILE.jpg\",\"articleSection\":[\"Noticias\"],\"inLanguage\":\"es-AR\"},{\"@type\":\"WebPage\",\"@id\":\"https:\\\/\\\/www.fica.unsl.edu.ar\\\/index.php\\\/docente-de-la-fica-expone-en-el-workshop-de-energias-renovables-ener-2022-chile\\\/\",\"url\":\"https:\\\/\\\/www.fica.unsl.edu.ar\\\/index.php\\\/docente-de-la-fica-expone-en-el-workshop-de-energias-renovables-ener-2022-chile\\\/\",\"name\":\"Docente de la FICA expone en el Workshop de Energ\u00edas Renovables ENER 2022 -Chile - Facultad de Ingenier\u00eda y Ciencias Agropecuarias\",\"isPartOf\":{\"@id\":\"https:\\\/\\\/www.fica.unsl.edu.ar\\\/#website\"},\"primaryImageOfPage\":{\"@id\":\"https:\\\/\\\/www.fica.unsl.edu.ar\\\/index.php\\\/docente-de-la-fica-expone-en-el-workshop-de-energias-renovables-ener-2022-chile\\\/#primaryimage\"},\"image\":{\"@id\":\"https:\\\/\\\/www.fica.unsl.edu.ar\\\/index.php\\\/docente-de-la-fica-expone-en-el-workshop-de-energias-renovables-ener-2022-chile\\\/#primaryimage\"},\"thumbnailUrl\":\"https:\\\/\\\/www.fica.unsl.edu.ar\\\/wp-content\\\/uploads\\\/2022\\\/05\\\/WORKSHOP-CHILE.jpg\",\"datePublished\":\"2022-05-11T12:15:33+00:00\",\"dateModified\":\"2022-05-11T15:03:03+00:00\",\"inLanguage\":\"es-AR\",\"potentialAction\":[{\"@type\":\"ReadAction\",\"target\":[\"https:\\\/\\\/www.fica.unsl.edu.ar\\\/index.php\\\/docente-de-la-fica-expone-en-el-workshop-de-energias-renovables-ener-2022-chile\\\/\"]}]},{\"@type\":\"ImageObject\",\"inLanguage\":\"es-AR\",\"@id\":\"https:\\\/\\\/www.fica.unsl.edu.ar\\\/index.php\\\/docente-de-la-fica-expone-en-el-workshop-de-energias-renovables-ener-2022-chile\\\/#primaryimage\",\"url\":\"https:\\\/\\\/www.fica.unsl.edu.ar\\\/wp-content\\\/uploads\\\/2022\\\/05\\\/WORKSHOP-CHILE.jpg\",\"contentUrl\":\"https:\\\/\\\/www.fica.unsl.edu.ar\\\/wp-content\\\/uploads\\\/2022\\\/05\\\/WORKSHOP-CHILE.jpg\",\"width\":1061,\"height\":600},{\"@type\":\"WebSite\",\"@id\":\"https:\\\/\\\/www.fica.unsl.edu.ar\\\/#website\",\"url\":\"https:\\\/\\\/www.fica.unsl.edu.ar\\\/\",\"name\":\"Facultad de Ingenier\u00eda y Ciencias Agropecuarias\",\"description\":\"\",\"publisher\":{\"@id\":\"https:\\\/\\\/www.fica.unsl.edu.ar\\\/#organization\"},\"potentialAction\":[{\"@type\":\"SearchAction\",\"target\":{\"@type\":\"EntryPoint\",\"urlTemplate\":\"https:\\\/\\\/www.fica.unsl.edu.ar\\\/?s={search_term_string}\"},\"query-input\":{\"@type\":\"PropertyValueSpecification\",\"valueRequired\":true,\"valueName\":\"search_term_string\"}}],\"inLanguage\":\"es-AR\"},{\"@type\":\"Organization\",\"@id\":\"https:\\\/\\\/www.fica.unsl.edu.ar\\\/#organization\",\"name\":\"Facultad de Ingenier\u00eda y Ciencias Agropecuarias\",\"url\":\"https:\\\/\\\/www.fica.unsl.edu.ar\\\/\",\"logo\":{\"@type\":\"ImageObject\",\"inLanguage\":\"es-AR\",\"@id\":\"https:\\\/\\\/www.fica.unsl.edu.ar\\\/#\\\/schema\\\/logo\\\/image\\\/\",\"url\":\"https:\\\/\\\/www.fica.unsl.edu.ar\\\/wp-content\\\/uploads\\\/2021\\\/03\\\/LOGO-1.jpg\",\"contentUrl\":\"https:\\\/\\\/www.fica.unsl.edu.ar\\\/wp-content\\\/uploads\\\/2021\\\/03\\\/LOGO-1.jpg\",\"width\":463,\"height\":145,\"caption\":\"Facultad de Ingenier\u00eda y Ciencias Agropecuarias\"},\"image\":{\"@id\":\"https:\\\/\\\/www.fica.unsl.edu.ar\\\/#\\\/schema\\\/logo\\\/image\\\/\"},\"sameAs\":[\"https:\\\/\\\/www.facebook.com\\\/FICA.UNSL\\\/\",\"https:\\\/\\\/x.com\\\/FICAUNSL\",\"https:\\\/\\\/www.instagram.com\\\/fica.unsl\\\/\",\"https:\\\/\\\/www.youtube.com\\\/channel\\\/UCs2MM53gb2PyBrMySdtWZDQ\"]},{\"@type\":\"Person\",\"@id\":\"https:\\\/\\\/www.fica.unsl.edu.ar\\\/#\\\/schema\\\/person\\\/6058f9c66301868d3a691b1f5d6c3544\",\"name\":\"DATI\"}]}<\/script>\n<!-- \/ Yoast SEO plugin. -->","yoast_head_json":{"title":"Docente de la FICA expone en el Workshop de Energ\u00edas Renovables ENER 2022 -Chile - Facultad de Ingenier\u00eda y Ciencias Agropecuarias","robots":{"index":"index","follow":"follow","max-snippet":"max-snippet:-1","max-image-preview":"max-image-preview:large","max-video-preview":"max-video-preview:-1"},"canonical":"https:\/\/www.fica.unsl.edu.ar\/index.php\/docente-de-la-fica-expone-en-el-workshop-de-energias-renovables-ener-2022-chile\/","og_locale":"es_ES","og_type":"article","og_title":"Docente de la FICA expone en el Workshop de Energ\u00edas Renovables ENER 2022 -Chile - Facultad de Ingenier\u00eda y Ciencias Agropecuarias","og_description":"La L\u00ednea de Electrificaci\u00f3n Aislada Sostenible (LEAS) del Laboratorio de Control Autom\u00e1tico invita a toda la comunidad a participar del Workshop de Energ\u00edas Renovables ENER&hellip;","og_url":"https:\/\/www.fica.unsl.edu.ar\/index.php\/docente-de-la-fica-expone-en-el-workshop-de-energias-renovables-ener-2022-chile\/","og_site_name":"Facultad de Ingenier\u00eda y Ciencias Agropecuarias","article_publisher":"https:\/\/www.facebook.com\/FICA.UNSL\/","article_published_time":"2022-05-11T12:15:33+00:00","article_modified_time":"2022-05-11T15:03:03+00:00","og_image":[{"width":1061,"height":600,"url":"https:\/\/www.fica.unsl.edu.ar\/wp-content\/uploads\/2022\/05\/WORKSHOP-CHILE.jpg","type":"image\/jpeg"}],"author":"DATI","twitter_card":"summary_large_image","twitter_creator":"@FICAUNSL","twitter_site":"@FICAUNSL","twitter_misc":{"Escrito por":"DATI","Tiempo de lectura":"2 minutos"},"schema":{"@context":"https:\/\/schema.org","@graph":[{"@type":"Article","@id":"https:\/\/www.fica.unsl.edu.ar\/index.php\/docente-de-la-fica-expone-en-el-workshop-de-energias-renovables-ener-2022-chile\/#article","isPartOf":{"@id":"https:\/\/www.fica.unsl.edu.ar\/index.php\/docente-de-la-fica-expone-en-el-workshop-de-energias-renovables-ener-2022-chile\/"},"author":{"name":"DATI","@id":"https:\/\/www.fica.unsl.edu.ar\/#\/schema\/person\/6058f9c66301868d3a691b1f5d6c3544"},"headline":"Docente de la FICA expone en el Workshop de Energ\u00edas Renovables ENER 2022 -Chile","datePublished":"2022-05-11T12:15:33+00:00","dateModified":"2022-05-11T15:03:03+00:00","mainEntityOfPage":{"@id":"https:\/\/www.fica.unsl.edu.ar\/index.php\/docente-de-la-fica-expone-en-el-workshop-de-energias-renovables-ener-2022-chile\/"},"wordCount":331,"publisher":{"@id":"https:\/\/www.fica.unsl.edu.ar\/#organization"},"image":{"@id":"https:\/\/www.fica.unsl.edu.ar\/index.php\/docente-de-la-fica-expone-en-el-workshop-de-energias-renovables-ener-2022-chile\/#primaryimage"},"thumbnailUrl":"https:\/\/www.fica.unsl.edu.ar\/wp-content\/uploads\/2022\/05\/WORKSHOP-CHILE.jpg","articleSection":["Noticias"],"inLanguage":"es-AR"},{"@type":"WebPage","@id":"https:\/\/www.fica.unsl.edu.ar\/index.php\/docente-de-la-fica-expone-en-el-workshop-de-energias-renovables-ener-2022-chile\/","url":"https:\/\/www.fica.unsl.edu.ar\/index.php\/docente-de-la-fica-expone-en-el-workshop-de-energias-renovables-ener-2022-chile\/","name":"Docente de la FICA expone en el Workshop de Energ\u00edas Renovables ENER 2022 -Chile - Facultad de Ingenier\u00eda y Ciencias Agropecuarias","isPartOf":{"@id":"https:\/\/www.fica.unsl.edu.ar\/#website"},"primaryImageOfPage":{"@id":"https:\/\/www.fica.unsl.edu.ar\/index.php\/docente-de-la-fica-expone-en-el-workshop-de-energias-renovables-ener-2022-chile\/#primaryimage"},"image":{"@id":"https:\/\/www.fica.unsl.edu.ar\/index.php\/docente-de-la-fica-expone-en-el-workshop-de-energias-renovables-ener-2022-chile\/#primaryimage"},"thumbnailUrl":"https:\/\/www.fica.unsl.edu.ar\/wp-content\/uploads\/2022\/05\/WORKSHOP-CHILE.jpg","datePublished":"2022-05-11T12:15:33+00:00","dateModified":"2022-05-11T15:03:03+00:00","inLanguage":"es-AR","potentialAction":[{"@type":"ReadAction","target":["https:\/\/www.fica.unsl.edu.ar\/index.php\/docente-de-la-fica-expone-en-el-workshop-de-energias-renovables-ener-2022-chile\/"]}]},{"@type":"ImageObject","inLanguage":"es-AR","@id":"https:\/\/www.fica.unsl.edu.ar\/index.php\/docente-de-la-fica-expone-en-el-workshop-de-energias-renovables-ener-2022-chile\/#primaryimage","url":"https:\/\/www.fica.unsl.edu.ar\/wp-content\/uploads\/2022\/05\/WORKSHOP-CHILE.jpg","contentUrl":"https:\/\/www.fica.unsl.edu.ar\/wp-content\/uploads\/2022\/05\/WORKSHOP-CHILE.jpg","width":1061,"height":600},{"@type":"WebSite","@id":"https:\/\/www.fica.unsl.edu.ar\/#website","url":"https:\/\/www.fica.unsl.edu.ar\/","name":"Facultad de Ingenier\u00eda y Ciencias Agropecuarias","description":"","publisher":{"@id":"https:\/\/www.fica.unsl.edu.ar\/#organization"},"potentialAction":[{"@type":"SearchAction","target":{"@type":"EntryPoint","urlTemplate":"https:\/\/www.fica.unsl.edu.ar\/?s={search_term_string}"},"query-input":{"@type":"PropertyValueSpecification","valueRequired":true,"valueName":"search_term_string"}}],"inLanguage":"es-AR"},{"@type":"Organization","@id":"https:\/\/www.fica.unsl.edu.ar\/#organization","name":"Facultad de Ingenier\u00eda y Ciencias Agropecuarias","url":"https:\/\/www.fica.unsl.edu.ar\/","logo":{"@type":"ImageObject","inLanguage":"es-AR","@id":"https:\/\/www.fica.unsl.edu.ar\/#\/schema\/logo\/image\/","url":"https:\/\/www.fica.unsl.edu.ar\/wp-content\/uploads\/2021\/03\/LOGO-1.jpg","contentUrl":"https:\/\/www.fica.unsl.edu.ar\/wp-content\/uploads\/2021\/03\/LOGO-1.jpg","width":463,"height":145,"caption":"Facultad de Ingenier\u00eda y Ciencias Agropecuarias"},"image":{"@id":"https:\/\/www.fica.unsl.edu.ar\/#\/schema\/logo\/image\/"},"sameAs":["https:\/\/www.facebook.com\/FICA.UNSL\/","https:\/\/x.com\/FICAUNSL","https:\/\/www.instagram.com\/fica.unsl\/","https:\/\/www.youtube.com\/channel\/UCs2MM53gb2PyBrMySdtWZDQ"]},{"@type":"Person","@id":"https:\/\/www.fica.unsl.edu.ar\/#\/schema\/person\/6058f9c66301868d3a691b1f5d6c3544","name":"DATI"}]}},"_links":{"self":[{"href":"https:\/\/www.fica.unsl.edu.ar\/index.php\/wp-json\/wp\/v2\/posts\/9209","targetHints":{"allow":["GET"]}}],"collection":[{"href":"https:\/\/www.fica.unsl.edu.ar\/index.php\/wp-json\/wp\/v2\/posts"}],"about":[{"href":"https:\/\/www.fica.unsl.edu.ar\/index.php\/wp-json\/wp\/v2\/types\/post"}],"author":[{"embeddable":true,"href":"https:\/\/www.fica.unsl.edu.ar\/index.php\/wp-json\/wp\/v2\/users\/9"}],"replies":[{"embeddable":true,"href":"https:\/\/www.fica.unsl.edu.ar\/index.php\/wp-json\/wp\/v2\/comments?post=9209"}],"version-history":[{"count":1,"href":"https:\/\/www.fica.unsl.edu.ar\/index.php\/wp-json\/wp\/v2\/posts\/9209\/revisions"}],"predecessor-version":[{"id":9211,"href":"https:\/\/www.fica.unsl.edu.ar\/index.php\/wp-json\/wp\/v2\/posts\/9209\/revisions\/9211"}],"wp:featuredmedia":[{"embeddable":true,"href":"https:\/\/www.fica.unsl.edu.ar\/index.php\/wp-json\/wp\/v2\/media\/9210"}],"wp:attachment":[{"href":"https:\/\/www.fica.unsl.edu.ar\/index.php\/wp-json\/wp\/v2\/media?parent=9209"}],"wp:term":[{"taxonomy":"category","embeddable":true,"href":"https:\/\/www.fica.unsl.edu.ar\/index.php\/wp-json\/wp\/v2\/categories?post=9209"},{"taxonomy":"post_tag","embeddable":true,"href":"https:\/\/www.fica.unsl.edu.ar\/index.php\/wp-json\/wp\/v2\/tags?post=9209"}],"curies":[{"name":"wp","href":"https:\/\/api.w.org\/{rel}","templated":true}]}}