{"id":9229,"date":"2022-05-12T12:08:15","date_gmt":"2022-05-12T15:08:15","guid":{"rendered":"http:\/\/10.101.10.196\/www\/?p=9229"},"modified":"2022-05-13T11:15:22","modified_gmt":"2022-05-13T14:15:22","slug":"victor-morinigo-reelecto-a-rector-de-la-universidad-nacional-de-san-luis","status":"publish","type":"post","link":"https:\/\/www.fica.unsl.edu.ar\/index.php\/victor-morinigo-reelecto-a-rector-de-la-universidad-nacional-de-san-luis\/","title":{"rendered":"V\u00edctor Mori\u00f1igo reelecto a Rector de la Universidad Nacional de San Luis"},"content":{"rendered":"<p>La Universidad vivi\u00f3 sus elecciones para la renovaci\u00f3n de autoridades unipersonales y cuerpos colegiados. El 11 de mayo de 2022 la f\u00f3rmula V\u00edctor Mori\u00f1igo y H\u00e9ctor Flores fue reelecta para conducir la UNSL por los pr\u00f3ximos tres (3) a\u00f1os con un amplio apoyo de alrededor del 80% de los votos de la comunidad universitaria en las elecciones generales 2022.<\/p>\n<p>Mientras que, en el Centro Universitario Villa Mercedes, fueron electas las f\u00f3rmulas de Sergio Ribotta y Federico Serra para ser las m\u00e1ximas autoridades de la FICA, y la formula de Roxanna Camiletti e Hilda Maggi para la conducci\u00f3n de la FCEJS.<\/p>\n<p>Los comicios abrieron a las 9:00 y finalizaron a las 19:00 horas. Alrededor de las 21:00 el rector C.P.N. V\u00edctor Mori\u00f1igo anunci\u00f3 su victoria junto al vicerrector Mgtr. H\u00e9ctor Flores, desde Villa Mercedes, por videoconferencia. El escenario en San Luis fue el Comedor Universitario y en Villa Mercedes, el Campus.<img fetchpriority=\"high\" decoding=\"async\" class=\"aligncenter size-full wp-image-7918\" src=\"https:\/\/www.fcejs.unsl.edu.ar\/wp-content\/uploads\/2022\/05\/220511-Elecciones-UNSL-Cierre-21-21-1000x600-1.jpg\" alt=\"\" width=\"1000\" height=\"600\" \/><\/p>\n<p>Ambas autoridades estuvieron acompa\u00f1adas por los representantes a decanos\/as y vicedecanos\/as que fueron electos\/as en cada facultad que apoyaron a la lista N\u00b0 1 Gesti\u00f3n y Compromiso Universitario. El acto eleccionario tanto en San Luis, Villa Mercedes y Villa de Merlo transcurri\u00f3 con tranquilidad, compromiso y participaci\u00f3n democr\u00e1tica por parte de los cuatro (4) claustros que componen la comunidad universitaria.<\/p>\n<p>En sus palabras V\u00edctor Mori\u00f1igo expres\u00f3: \u00absiento de manera especial esta elecci\u00f3n porque como dije y pocos me creen, es la \u00faltima elecci\u00f3n en la Universidad en la cual voy a participar. Desde hace muchos a\u00f1os uno anda en esto y creo que hay que darle lugar a las nuevas generaciones que se est\u00e1n viniendo en la Universidad, en las cuales seguramente van a hacer una mejor Universidad (\u2026) Quiero decir gracias a todas las personas que han ayudado, realmente esto es bien colectivo. Quiero agradecer profundamente a todas las personas que confiaron en m\u00ed, en la Universidad. Quiero agradecer tambi\u00e9n a mi familia\u00bb.<\/p>\n<p><img decoding=\"async\" class=\"aligncenter wp-image-7921 size-full\" src=\"https:\/\/www.fcejs.unsl.edu.ar\/wp-content\/uploads\/2022\/05\/elecciones-flores-02.jpg\" alt=\"\" width=\"1061\" height=\"600\" \/><\/p>\n<p>H\u00e9ctor Flores sostuvo que se vivi\u00f3 un d\u00eda inesperado. Resalt\u00f3 que la victoria se obtuvo gracias a un amplio apoyo de la comunidad universitaria. \u00abHoy lo que estaba en juego es lo que hicimos estos tres (3) a\u00f1os y el resultado ha sido realmente apabullante, las urnas han hablado y esto nos exige mucha m\u00e1s responsabilidad, compromiso y trabajo\u00bb, dijo y agreg\u00f3: \u00abMi agradecimiento enorme a vos V\u00edctor porque en su momento armamos un equipo y hemos podido funcionar en estos tres (3) a\u00f1os y hacer muchas cosas m\u00e1s de las que ten\u00edamos imaginadas (\u2026) gracias a vos, gracias a todos\/as y a la gente de Villa Mercedes. Ha sido una elecci\u00f3n tranquila con una asistencia realmente muy notoria porque los padrones de los\/as docentes y nodocentes han votado de manera \u00edntegra\u00bb, resalt\u00f3.<\/p>\n<p>Por su parte, el Ing. Sergio Ribotta destac\u00f3 que este tipo de encuentro es nueva costumbre que ha dejado la pandemia, de la estar transmitiendo en vivo desde Villa Mercedes y tener la posibilidad de agradecer a todos por esta una jornada magn\u00edfica, sin problemas. \u201cVamos a seguir trabajando desde ma\u00f1ana con el equipo, pensando en cada uno de los departamentos en la continuidad en la gesti\u00f3n. Felicitaciones a todos los que han hecho posible que pudi\u00e9ramos tener estos resultados\u201d, puntualiz\u00f3 Ribotta.<\/p>\n<p><img decoding=\"async\" class=\"aligncenter size-full wp-image-9230\" src=\"https:\/\/www.fica.unsl.edu.ar\/wp-content\/uploads\/2022\/05\/elecciones-fica-02.jpg\" alt=\"\" width=\"1061\" height=\"600\" srcset=\"https:\/\/www.fica.unsl.edu.ar\/wp-content\/uploads\/2022\/05\/elecciones-fica-02.jpg 1061w, https:\/\/www.fica.unsl.edu.ar\/wp-content\/uploads\/2022\/05\/elecciones-fica-02-300x170.jpg 300w, https:\/\/www.fica.unsl.edu.ar\/wp-content\/uploads\/2022\/05\/elecciones-fica-02-1024x579.jpg 1024w, https:\/\/www.fica.unsl.edu.ar\/wp-content\/uploads\/2022\/05\/elecciones-fica-02-768x434.jpg 768w\" sizes=\"(max-width: 1061px) 100vw, 1061px\" \/><\/p>\n<p>En sus palabras, Roxanna Camiletti, enfatiz\u00f3 que la comunidad universitaria villamercedina vivi\u00f3 un d\u00eda electoral y democr\u00e1tico. \u201cHemos logrado un triunfo muy importante. Ahora pondremos todas nuestras energ\u00edas para iniciar con este nuevo compromiso de gesti\u00f3n en septiembre. Gracias a todos los que est\u00e1n ac\u00e1 y los que han confiado en nosotros\u201d, expres\u00f3 Camiletti.<\/p>\n<p>&nbsp;<\/p>\n","protected":false},"excerpt":{"rendered":"<p>La Universidad vivi\u00f3 sus elecciones para la renovaci\u00f3n de autoridades unipersonales y cuerpos colegiados. El 11 de mayo de 2022 la f\u00f3rmula V\u00edctor Mori\u00f1igo y&hellip;<\/p>\n","protected":false},"author":9,"featured_media":9231,"comment_status":"closed","ping_status":"closed","sticky":false,"template":"","format":"standard","meta":{"_monsterinsights_skip_tracking":false,"_monsterinsights_sitenote_active":false,"_monsterinsights_sitenote_note":"","_monsterinsights_sitenote_category":0,"_joinchat":[],"footnotes":""},"categories":[19],"tags":[],"class_list":["post-9229","post","type-post","status-publish","format-standard","has-post-thumbnail","hentry","category-noticias"],"yoast_head":"<!-- This site is optimized with the Yoast SEO plugin v27.4 - https:\/\/yoast.com\/product\/yoast-seo-wordpress\/ -->\n<title>V\u00edctor Mori\u00f1igo reelecto a Rector de la Universidad Nacional de San Luis - Facultad de Ingenier\u00eda y Ciencias Agropecuarias<\/title>\n<meta name=\"robots\" content=\"index, follow, max-snippet:-1, max-image-preview:large, max-video-preview:-1\" \/>\n<link rel=\"canonical\" href=\"https:\/\/www.fica.unsl.edu.ar\/index.php\/victor-morinigo-reelecto-a-rector-de-la-universidad-nacional-de-san-luis\/\" \/>\n<meta property=\"og:locale\" content=\"es_ES\" \/>\n<meta property=\"og:type\" content=\"article\" \/>\n<meta property=\"og:title\" content=\"V\u00edctor Mori\u00f1igo reelecto a Rector de la Universidad Nacional de San Luis - Facultad de Ingenier\u00eda y Ciencias Agropecuarias\" \/>\n<meta property=\"og:description\" content=\"La Universidad vivi\u00f3 sus elecciones para la renovaci\u00f3n de autoridades unipersonales y cuerpos colegiados. El 11 de mayo de 2022 la f\u00f3rmula V\u00edctor Mori\u00f1igo y&hellip;\" \/>\n<meta property=\"og:url\" content=\"https:\/\/www.fica.unsl.edu.ar\/index.php\/victor-morinigo-reelecto-a-rector-de-la-universidad-nacional-de-san-luis\/\" \/>\n<meta property=\"og:site_name\" content=\"Facultad de Ingenier\u00eda y Ciencias Agropecuarias\" \/>\n<meta property=\"article:publisher\" content=\"https:\/\/www.facebook.com\/FICA.UNSL\/\" \/>\n<meta property=\"article:published_time\" content=\"2022-05-12T15:08:15+00:00\" \/>\n<meta property=\"article:modified_time\" content=\"2022-05-13T14:15:22+00:00\" \/>\n<meta property=\"og:image\" content=\"https:\/\/www.fica.unsl.edu.ar\/wp-content\/uploads\/2022\/05\/elecciones-fica.jpg\" \/>\n\t<meta property=\"og:image:width\" content=\"1061\" \/>\n\t<meta property=\"og:image:height\" content=\"600\" \/>\n\t<meta property=\"og:image:type\" content=\"image\/jpeg\" \/>\n<meta name=\"author\" content=\"DATI\" \/>\n<meta name=\"twitter:card\" content=\"summary_large_image\" \/>\n<meta name=\"twitter:creator\" content=\"@FICAUNSL\" \/>\n<meta name=\"twitter:site\" content=\"@FICAUNSL\" \/>\n<meta name=\"twitter:label1\" content=\"Escrito por\" \/>\n\t<meta name=\"twitter:data1\" content=\"DATI\" \/>\n\t<meta name=\"twitter:label2\" content=\"Tiempo de lectura\" \/>\n\t<meta name=\"twitter:data2\" content=\"4 minutos\" \/>\n<script type=\"application\/ld+json\" class=\"yoast-schema-graph\">{\"@context\":\"https:\\\/\\\/schema.org\",\"@graph\":[{\"@type\":\"Article\",\"@id\":\"https:\\\/\\\/www.fica.unsl.edu.ar\\\/index.php\\\/victor-morinigo-reelecto-a-rector-de-la-universidad-nacional-de-san-luis\\\/#article\",\"isPartOf\":{\"@id\":\"https:\\\/\\\/www.fica.unsl.edu.ar\\\/index.php\\\/victor-morinigo-reelecto-a-rector-de-la-universidad-nacional-de-san-luis\\\/\"},\"author\":{\"name\":\"DATI\",\"@id\":\"https:\\\/\\\/www.fica.unsl.edu.ar\\\/#\\\/schema\\\/person\\\/6058f9c66301868d3a691b1f5d6c3544\"},\"headline\":\"V\u00edctor Mori\u00f1igo reelecto a Rector de la Universidad Nacional de San Luis\",\"datePublished\":\"2022-05-12T15:08:15+00:00\",\"dateModified\":\"2022-05-13T14:15:22+00:00\",\"mainEntityOfPage\":{\"@id\":\"https:\\\/\\\/www.fica.unsl.edu.ar\\\/index.php\\\/victor-morinigo-reelecto-a-rector-de-la-universidad-nacional-de-san-luis\\\/\"},\"wordCount\":633,\"publisher\":{\"@id\":\"https:\\\/\\\/www.fica.unsl.edu.ar\\\/#organization\"},\"image\":{\"@id\":\"https:\\\/\\\/www.fica.unsl.edu.ar\\\/index.php\\\/victor-morinigo-reelecto-a-rector-de-la-universidad-nacional-de-san-luis\\\/#primaryimage\"},\"thumbnailUrl\":\"https:\\\/\\\/www.fica.unsl.edu.ar\\\/wp-content\\\/uploads\\\/2022\\\/05\\\/elecciones-fica.jpg\",\"articleSection\":[\"Noticias\"],\"inLanguage\":\"es-AR\"},{\"@type\":\"WebPage\",\"@id\":\"https:\\\/\\\/www.fica.unsl.edu.ar\\\/index.php\\\/victor-morinigo-reelecto-a-rector-de-la-universidad-nacional-de-san-luis\\\/\",\"url\":\"https:\\\/\\\/www.fica.unsl.edu.ar\\\/index.php\\\/victor-morinigo-reelecto-a-rector-de-la-universidad-nacional-de-san-luis\\\/\",\"name\":\"V\u00edctor Mori\u00f1igo reelecto a Rector de la Universidad Nacional de San Luis - Facultad de Ingenier\u00eda y Ciencias Agropecuarias\",\"isPartOf\":{\"@id\":\"https:\\\/\\\/www.fica.unsl.edu.ar\\\/#website\"},\"primaryImageOfPage\":{\"@id\":\"https:\\\/\\\/www.fica.unsl.edu.ar\\\/index.php\\\/victor-morinigo-reelecto-a-rector-de-la-universidad-nacional-de-san-luis\\\/#primaryimage\"},\"image\":{\"@id\":\"https:\\\/\\\/www.fica.unsl.edu.ar\\\/index.php\\\/victor-morinigo-reelecto-a-rector-de-la-universidad-nacional-de-san-luis\\\/#primaryimage\"},\"thumbnailUrl\":\"https:\\\/\\\/www.fica.unsl.edu.ar\\\/wp-content\\\/uploads\\\/2022\\\/05\\\/elecciones-fica.jpg\",\"datePublished\":\"2022-05-12T15:08:15+00:00\",\"dateModified\":\"2022-05-13T14:15:22+00:00\",\"inLanguage\":\"es-AR\",\"potentialAction\":[{\"@type\":\"ReadAction\",\"target\":[\"https:\\\/\\\/www.fica.unsl.edu.ar\\\/index.php\\\/victor-morinigo-reelecto-a-rector-de-la-universidad-nacional-de-san-luis\\\/\"]}]},{\"@type\":\"ImageObject\",\"inLanguage\":\"es-AR\",\"@id\":\"https:\\\/\\\/www.fica.unsl.edu.ar\\\/index.php\\\/victor-morinigo-reelecto-a-rector-de-la-universidad-nacional-de-san-luis\\\/#primaryimage\",\"url\":\"https:\\\/\\\/www.fica.unsl.edu.ar\\\/wp-content\\\/uploads\\\/2022\\\/05\\\/elecciones-fica.jpg\",\"contentUrl\":\"https:\\\/\\\/www.fica.unsl.edu.ar\\\/wp-content\\\/uploads\\\/2022\\\/05\\\/elecciones-fica.jpg\",\"width\":1061,\"height\":600},{\"@type\":\"WebSite\",\"@id\":\"https:\\\/\\\/www.fica.unsl.edu.ar\\\/#website\",\"url\":\"https:\\\/\\\/www.fica.unsl.edu.ar\\\/\",\"name\":\"Facultad de Ingenier\u00eda y Ciencias Agropecuarias\",\"description\":\"\",\"publisher\":{\"@id\":\"https:\\\/\\\/www.fica.unsl.edu.ar\\\/#organization\"},\"potentialAction\":[{\"@type\":\"SearchAction\",\"target\":{\"@type\":\"EntryPoint\",\"urlTemplate\":\"https:\\\/\\\/www.fica.unsl.edu.ar\\\/?s={search_term_string}\"},\"query-input\":{\"@type\":\"PropertyValueSpecification\",\"valueRequired\":true,\"valueName\":\"search_term_string\"}}],\"inLanguage\":\"es-AR\"},{\"@type\":\"Organization\",\"@id\":\"https:\\\/\\\/www.fica.unsl.edu.ar\\\/#organization\",\"name\":\"Facultad de Ingenier\u00eda y Ciencias Agropecuarias\",\"url\":\"https:\\\/\\\/www.fica.unsl.edu.ar\\\/\",\"logo\":{\"@type\":\"ImageObject\",\"inLanguage\":\"es-AR\",\"@id\":\"https:\\\/\\\/www.fica.unsl.edu.ar\\\/#\\\/schema\\\/logo\\\/image\\\/\",\"url\":\"https:\\\/\\\/www.fica.unsl.edu.ar\\\/wp-content\\\/uploads\\\/2021\\\/03\\\/LOGO-1.jpg\",\"contentUrl\":\"https:\\\/\\\/www.fica.unsl.edu.ar\\\/wp-content\\\/uploads\\\/2021\\\/03\\\/LOGO-1.jpg\",\"width\":463,\"height\":145,\"caption\":\"Facultad de Ingenier\u00eda y Ciencias Agropecuarias\"},\"image\":{\"@id\":\"https:\\\/\\\/www.fica.unsl.edu.ar\\\/#\\\/schema\\\/logo\\\/image\\\/\"},\"sameAs\":[\"https:\\\/\\\/www.facebook.com\\\/FICA.UNSL\\\/\",\"https:\\\/\\\/x.com\\\/FICAUNSL\",\"https:\\\/\\\/www.instagram.com\\\/fica.unsl\\\/\",\"https:\\\/\\\/www.youtube.com\\\/channel\\\/UCs2MM53gb2PyBrMySdtWZDQ\"]},{\"@type\":\"Person\",\"@id\":\"https:\\\/\\\/www.fica.unsl.edu.ar\\\/#\\\/schema\\\/person\\\/6058f9c66301868d3a691b1f5d6c3544\",\"name\":\"DATI\"}]}<\/script>\n<!-- \/ Yoast SEO plugin. -->","yoast_head_json":{"title":"V\u00edctor Mori\u00f1igo reelecto a Rector de la Universidad Nacional de San Luis - Facultad de Ingenier\u00eda y Ciencias Agropecuarias","robots":{"index":"index","follow":"follow","max-snippet":"max-snippet:-1","max-image-preview":"max-image-preview:large","max-video-preview":"max-video-preview:-1"},"canonical":"https:\/\/www.fica.unsl.edu.ar\/index.php\/victor-morinigo-reelecto-a-rector-de-la-universidad-nacional-de-san-luis\/","og_locale":"es_ES","og_type":"article","og_title":"V\u00edctor Mori\u00f1igo reelecto a Rector de la Universidad Nacional de San Luis - Facultad de Ingenier\u00eda y Ciencias Agropecuarias","og_description":"La Universidad vivi\u00f3 sus elecciones para la renovaci\u00f3n de autoridades unipersonales y cuerpos colegiados. El 11 de mayo de 2022 la f\u00f3rmula V\u00edctor Mori\u00f1igo y&hellip;","og_url":"https:\/\/www.fica.unsl.edu.ar\/index.php\/victor-morinigo-reelecto-a-rector-de-la-universidad-nacional-de-san-luis\/","og_site_name":"Facultad de Ingenier\u00eda y Ciencias Agropecuarias","article_publisher":"https:\/\/www.facebook.com\/FICA.UNSL\/","article_published_time":"2022-05-12T15:08:15+00:00","article_modified_time":"2022-05-13T14:15:22+00:00","og_image":[{"width":1061,"height":600,"url":"https:\/\/www.fica.unsl.edu.ar\/wp-content\/uploads\/2022\/05\/elecciones-fica.jpg","type":"image\/jpeg"}],"author":"DATI","twitter_card":"summary_large_image","twitter_creator":"@FICAUNSL","twitter_site":"@FICAUNSL","twitter_misc":{"Escrito por":"DATI","Tiempo de lectura":"4 minutos"},"schema":{"@context":"https:\/\/schema.org","@graph":[{"@type":"Article","@id":"https:\/\/www.fica.unsl.edu.ar\/index.php\/victor-morinigo-reelecto-a-rector-de-la-universidad-nacional-de-san-luis\/#article","isPartOf":{"@id":"https:\/\/www.fica.unsl.edu.ar\/index.php\/victor-morinigo-reelecto-a-rector-de-la-universidad-nacional-de-san-luis\/"},"author":{"name":"DATI","@id":"https:\/\/www.fica.unsl.edu.ar\/#\/schema\/person\/6058f9c66301868d3a691b1f5d6c3544"},"headline":"V\u00edctor Mori\u00f1igo reelecto a Rector de la Universidad Nacional de San Luis","datePublished":"2022-05-12T15:08:15+00:00","dateModified":"2022-05-13T14:15:22+00:00","mainEntityOfPage":{"@id":"https:\/\/www.fica.unsl.edu.ar\/index.php\/victor-morinigo-reelecto-a-rector-de-la-universidad-nacional-de-san-luis\/"},"wordCount":633,"publisher":{"@id":"https:\/\/www.fica.unsl.edu.ar\/#organization"},"image":{"@id":"https:\/\/www.fica.unsl.edu.ar\/index.php\/victor-morinigo-reelecto-a-rector-de-la-universidad-nacional-de-san-luis\/#primaryimage"},"thumbnailUrl":"https:\/\/www.fica.unsl.edu.ar\/wp-content\/uploads\/2022\/05\/elecciones-fica.jpg","articleSection":["Noticias"],"inLanguage":"es-AR"},{"@type":"WebPage","@id":"https:\/\/www.fica.unsl.edu.ar\/index.php\/victor-morinigo-reelecto-a-rector-de-la-universidad-nacional-de-san-luis\/","url":"https:\/\/www.fica.unsl.edu.ar\/index.php\/victor-morinigo-reelecto-a-rector-de-la-universidad-nacional-de-san-luis\/","name":"V\u00edctor Mori\u00f1igo reelecto a Rector de la Universidad Nacional de San Luis - Facultad de Ingenier\u00eda y Ciencias Agropecuarias","isPartOf":{"@id":"https:\/\/www.fica.unsl.edu.ar\/#website"},"primaryImageOfPage":{"@id":"https:\/\/www.fica.unsl.edu.ar\/index.php\/victor-morinigo-reelecto-a-rector-de-la-universidad-nacional-de-san-luis\/#primaryimage"},"image":{"@id":"https:\/\/www.fica.unsl.edu.ar\/index.php\/victor-morinigo-reelecto-a-rector-de-la-universidad-nacional-de-san-luis\/#primaryimage"},"thumbnailUrl":"https:\/\/www.fica.unsl.edu.ar\/wp-content\/uploads\/2022\/05\/elecciones-fica.jpg","datePublished":"2022-05-12T15:08:15+00:00","dateModified":"2022-05-13T14:15:22+00:00","inLanguage":"es-AR","potentialAction":[{"@type":"ReadAction","target":["https:\/\/www.fica.unsl.edu.ar\/index.php\/victor-morinigo-reelecto-a-rector-de-la-universidad-nacional-de-san-luis\/"]}]},{"@type":"ImageObject","inLanguage":"es-AR","@id":"https:\/\/www.fica.unsl.edu.ar\/index.php\/victor-morinigo-reelecto-a-rector-de-la-universidad-nacional-de-san-luis\/#primaryimage","url":"https:\/\/www.fica.unsl.edu.ar\/wp-content\/uploads\/2022\/05\/elecciones-fica.jpg","contentUrl":"https:\/\/www.fica.unsl.edu.ar\/wp-content\/uploads\/2022\/05\/elecciones-fica.jpg","width":1061,"height":600},{"@type":"WebSite","@id":"https:\/\/www.fica.unsl.edu.ar\/#website","url":"https:\/\/www.fica.unsl.edu.ar\/","name":"Facultad de Ingenier\u00eda y Ciencias Agropecuarias","description":"","publisher":{"@id":"https:\/\/www.fica.unsl.edu.ar\/#organization"},"potentialAction":[{"@type":"SearchAction","target":{"@type":"EntryPoint","urlTemplate":"https:\/\/www.fica.unsl.edu.ar\/?s={search_term_string}"},"query-input":{"@type":"PropertyValueSpecification","valueRequired":true,"valueName":"search_term_string"}}],"inLanguage":"es-AR"},{"@type":"Organization","@id":"https:\/\/www.fica.unsl.edu.ar\/#organization","name":"Facultad de Ingenier\u00eda y Ciencias Agropecuarias","url":"https:\/\/www.fica.unsl.edu.ar\/","logo":{"@type":"ImageObject","inLanguage":"es-AR","@id":"https:\/\/www.fica.unsl.edu.ar\/#\/schema\/logo\/image\/","url":"https:\/\/www.fica.unsl.edu.ar\/wp-content\/uploads\/2021\/03\/LOGO-1.jpg","contentUrl":"https:\/\/www.fica.unsl.edu.ar\/wp-content\/uploads\/2021\/03\/LOGO-1.jpg","width":463,"height":145,"caption":"Facultad de Ingenier\u00eda y Ciencias Agropecuarias"},"image":{"@id":"https:\/\/www.fica.unsl.edu.ar\/#\/schema\/logo\/image\/"},"sameAs":["https:\/\/www.facebook.com\/FICA.UNSL\/","https:\/\/x.com\/FICAUNSL","https:\/\/www.instagram.com\/fica.unsl\/","https:\/\/www.youtube.com\/channel\/UCs2MM53gb2PyBrMySdtWZDQ"]},{"@type":"Person","@id":"https:\/\/www.fica.unsl.edu.ar\/#\/schema\/person\/6058f9c66301868d3a691b1f5d6c3544","name":"DATI"}]}},"_links":{"self":[{"href":"https:\/\/www.fica.unsl.edu.ar\/index.php\/wp-json\/wp\/v2\/posts\/9229","targetHints":{"allow":["GET"]}}],"collection":[{"href":"https:\/\/www.fica.unsl.edu.ar\/index.php\/wp-json\/wp\/v2\/posts"}],"about":[{"href":"https:\/\/www.fica.unsl.edu.ar\/index.php\/wp-json\/wp\/v2\/types\/post"}],"author":[{"embeddable":true,"href":"https:\/\/www.fica.unsl.edu.ar\/index.php\/wp-json\/wp\/v2\/users\/9"}],"replies":[{"embeddable":true,"href":"https:\/\/www.fica.unsl.edu.ar\/index.php\/wp-json\/wp\/v2\/comments?post=9229"}],"version-history":[{"count":4,"href":"https:\/\/www.fica.unsl.edu.ar\/index.php\/wp-json\/wp\/v2\/posts\/9229\/revisions"}],"predecessor-version":[{"id":9276,"href":"https:\/\/www.fica.unsl.edu.ar\/index.php\/wp-json\/wp\/v2\/posts\/9229\/revisions\/9276"}],"wp:featuredmedia":[{"embeddable":true,"href":"https:\/\/www.fica.unsl.edu.ar\/index.php\/wp-json\/wp\/v2\/media\/9231"}],"wp:attachment":[{"href":"https:\/\/www.fica.unsl.edu.ar\/index.php\/wp-json\/wp\/v2\/media?parent=9229"}],"wp:term":[{"taxonomy":"category","embeddable":true,"href":"https:\/\/www.fica.unsl.edu.ar\/index.php\/wp-json\/wp\/v2\/categories?post=9229"},{"taxonomy":"post_tag","embeddable":true,"href":"https:\/\/www.fica.unsl.edu.ar\/index.php\/wp-json\/wp\/v2\/tags?post=9229"}],"curies":[{"name":"wp","href":"https:\/\/api.w.org\/{rel}","templated":true}]}}