{"id":9239,"date":"2022-05-12T12:43:09","date_gmt":"2022-05-12T15:43:09","guid":{"rendered":"http:\/\/10.101.10.196\/www\/?p=9239"},"modified":"2022-05-12T12:43:09","modified_gmt":"2022-05-12T15:43:09","slug":"morinigo-preside-criscos-una-red-de-universidades-de-sudamerica","status":"publish","type":"post","link":"https:\/\/www.fica.unsl.edu.ar\/index.php\/morinigo-preside-criscos-una-red-de-universidades-de-sudamerica\/","title":{"rendered":"Mori\u00f1igo preside CRISCOS, una red de universidades de Sudam\u00e9rica"},"content":{"rendered":"<p><strong>Desde este 11 de mayo el rector de la UNSL C.P.N. V\u00edctor Mori\u00f1igo presidir\u00e1 el Consejo de Rectores por la Integraci\u00f3n de la Subregi\u00f3n Centro Oeste de Sudam\u00e9rica (CRISCOS). La designaci\u00f3n se realiz\u00f3 el 10 de mayo en reuni\u00f3n virtual del Consejo Directivo de la Asociaci\u00f3n.<\/strong><\/p>\n<p>CRISCOS es una red de universidades de Argentina, Bolivia, Chile, Ecuador, Paraguay, Per\u00fa y Colombia que profundiza el camino de la integraci\u00f3n de los pueblos de Sudam\u00e9rica y, en particular, de la subregi\u00f3n Centro Oeste, con el prop\u00f3sito de ampliar las bases de cooperaci\u00f3n acad\u00e9micas, cient\u00edficas, tecnol\u00f3gicas y culturales entre las instituciones.<\/p>\n<p>El Rector fue designado ayer, en el d\u00eda aniversario de la Universidad Nacional de San Luis (UNSL). Su designaci\u00f3n constituye una visibilizaci\u00f3n de la Universidad en el marco regional y mundial como nunca antes hab\u00eda tenido y la coloca en el centro de los escenarios de discusi\u00f3n de pol\u00edticas de defensa de la educaci\u00f3n p\u00fablica y generaci\u00f3n de estrategias de vinculaci\u00f3n regional.<\/p>\n<p>Del encuentro virtual en el que participaron los\/as integrantes de CRISCOS particip\u00f3 el secretario de Relaciones Interinstitucionales de la UNSL, Dr. F\u00e9lix Nieto Quintas, quien sostuvo que la UNSL tiene una pol\u00edtica de vinculaci\u00f3n especial con las universidades de Am\u00e9rica Latina, principalmente con las del Cono Sur.<\/p>\n<p><em>\u00abCRISCOS hab\u00eda elegido hace varios meses como presidente de su organizaci\u00f3n al rector de la Universidad Nacional de Salta, C.P.N. V\u00edctor Hugo Claros. Salta llam\u00f3 a elecciones en abril y el rector Claros perdi\u00f3 la elecci\u00f3n y hoy asume el nuevo rector (\u2026) El estatuto de CRISCOS establece que cuando un presidente no puede continuar permanentemente en el ejercicio de la presidencia, asume la presidencia el rector que ejerce la vicepresidencia por el pa\u00eds, que en este caso es el Rector de la UNSL\u00bb<\/em>, dijo Nieto Quintas quien agreg\u00f3 que en el t\u00e9rmino de 60 y\/o 90 d\u00edas habr\u00e1 una asamblea de CRISCOS donde se elegir\u00e1 nuevamente la presidencia.<\/p>\n<p>El C.P.N. V\u00edctor Mori\u00f1igo expres\u00f3 que se continuar\u00e1 con las acciones que tiene el Consejo de CRISCOS vinculadas a extensi\u00f3n, ciencia y tecnolog\u00eda. Tambi\u00e9n sostuvo que se intentar\u00e1 el ingreso de CRISCOS al Espacio Latinoamericano y Caribe\u00f1o de Educaci\u00f3n Superior (ENLACES),\u00a0<em>\u00abeso es muy importante\u00bb<\/em>, dijo.<\/p>\n<p><em>\u00abEn estos 90 d\u00edas vamos a tener que llamar a Asamblea de nuevo y volver a elegir un presidente donde seguramente volver\u00e1 a recaer en Argentina (\u2026) Nosotros en este momento estamos haciendo las consultas con los rectores argentinos que componen CRISCOS para establecer un nuevo orden de presidente y vicepresidente (\u2026) Nuestro compromiso institucional es sostener el d\u00eda a d\u00eda de esta Asociaci\u00f3n tan prestigiosa de universidades del oeste de nuestra Latinoam\u00e9rica\u00bb,<\/em>\u00a0exclam\u00f3.<\/p>\n<p>Respecto al alcance internacional de la UNSL, el Rector expres\u00f3 que existe una mayor notoriedad de la UNSL y que actualmente es un punto de referencia en el mapa de la Argentina, Am\u00e9rica Latina y del mundo. \u00abEso nos distingue en la regi\u00f3n de una manera particular, nos pone a codearnos con las mejores universidades latinoamericanas y eso tiene que tener un derrame en nuestros investigadores, en la formaci\u00f3n de posgrado, eso nos traer\u00e1 ventajas comparativas respecto a otras instituciones de educaci\u00f3n superior\u00bb, concluy\u00f3.<\/p>\n","protected":false},"excerpt":{"rendered":"<p>Desde este 11 de mayo el rector de la UNSL C.P.N. V\u00edctor Mori\u00f1igo presidir\u00e1 el Consejo de Rectores por la Integraci\u00f3n de la Subregi\u00f3n Centro&hellip;<\/p>\n","protected":false},"author":9,"featured_media":9240,"comment_status":"closed","ping_status":"closed","sticky":false,"template":"","format":"standard","meta":{"_monsterinsights_skip_tracking":false,"_monsterinsights_sitenote_active":false,"_monsterinsights_sitenote_note":"","_monsterinsights_sitenote_category":0,"_joinchat":[],"footnotes":""},"categories":[19],"tags":[],"class_list":["post-9239","post","type-post","status-publish","format-standard","has-post-thumbnail","hentry","category-noticias"],"yoast_head":"<!-- This site is optimized with the Yoast SEO plugin v27.4 - https:\/\/yoast.com\/product\/yoast-seo-wordpress\/ -->\n<title>Mori\u00f1igo preside CRISCOS, una red de universidades de Sudam\u00e9rica - Facultad de Ingenier\u00eda y Ciencias Agropecuarias<\/title>\n<meta name=\"robots\" content=\"index, follow, max-snippet:-1, max-image-preview:large, max-video-preview:-1\" \/>\n<link rel=\"canonical\" href=\"https:\/\/www.fica.unsl.edu.ar\/index.php\/morinigo-preside-criscos-una-red-de-universidades-de-sudamerica\/\" \/>\n<meta property=\"og:locale\" content=\"es_ES\" \/>\n<meta property=\"og:type\" content=\"article\" \/>\n<meta property=\"og:title\" content=\"Mori\u00f1igo preside CRISCOS, una red de universidades de Sudam\u00e9rica - Facultad de Ingenier\u00eda y Ciencias Agropecuarias\" \/>\n<meta property=\"og:description\" content=\"Desde este 11 de mayo el rector de la UNSL C.P.N. V\u00edctor Mori\u00f1igo presidir\u00e1 el Consejo de Rectores por la Integraci\u00f3n de la Subregi\u00f3n Centro&hellip;\" \/>\n<meta property=\"og:url\" content=\"https:\/\/www.fica.unsl.edu.ar\/index.php\/morinigo-preside-criscos-una-red-de-universidades-de-sudamerica\/\" \/>\n<meta property=\"og:site_name\" content=\"Facultad de Ingenier\u00eda y Ciencias Agropecuarias\" \/>\n<meta property=\"article:publisher\" content=\"https:\/\/www.facebook.com\/FICA.UNSL\/\" \/>\n<meta property=\"article:published_time\" content=\"2022-05-12T15:43:09+00:00\" \/>\n<meta property=\"og:image\" content=\"https:\/\/www.fica.unsl.edu.ar\/wp-content\/uploads\/2022\/05\/Morinigo.jpg\" \/>\n\t<meta property=\"og:image:width\" content=\"1000\" \/>\n\t<meta property=\"og:image:height\" content=\"600\" \/>\n\t<meta property=\"og:image:type\" content=\"image\/jpeg\" \/>\n<meta name=\"author\" content=\"DATI\" \/>\n<meta name=\"twitter:card\" content=\"summary_large_image\" \/>\n<meta name=\"twitter:creator\" content=\"@FICAUNSL\" \/>\n<meta name=\"twitter:site\" content=\"@FICAUNSL\" \/>\n<meta name=\"twitter:label1\" content=\"Escrito por\" \/>\n\t<meta name=\"twitter:data1\" content=\"DATI\" \/>\n\t<meta name=\"twitter:label2\" content=\"Tiempo de lectura\" \/>\n\t<meta name=\"twitter:data2\" content=\"3 minutos\" \/>\n<script type=\"application\/ld+json\" class=\"yoast-schema-graph\">{\"@context\":\"https:\\\/\\\/schema.org\",\"@graph\":[{\"@type\":\"Article\",\"@id\":\"https:\\\/\\\/www.fica.unsl.edu.ar\\\/index.php\\\/morinigo-preside-criscos-una-red-de-universidades-de-sudamerica\\\/#article\",\"isPartOf\":{\"@id\":\"https:\\\/\\\/www.fica.unsl.edu.ar\\\/index.php\\\/morinigo-preside-criscos-una-red-de-universidades-de-sudamerica\\\/\"},\"author\":{\"name\":\"DATI\",\"@id\":\"https:\\\/\\\/www.fica.unsl.edu.ar\\\/#\\\/schema\\\/person\\\/6058f9c66301868d3a691b1f5d6c3544\"},\"headline\":\"Mori\u00f1igo preside CRISCOS, una red de universidades de Sudam\u00e9rica\",\"datePublished\":\"2022-05-12T15:43:09+00:00\",\"mainEntityOfPage\":{\"@id\":\"https:\\\/\\\/www.fica.unsl.edu.ar\\\/index.php\\\/morinigo-preside-criscos-una-red-de-universidades-de-sudamerica\\\/\"},\"wordCount\":584,\"publisher\":{\"@id\":\"https:\\\/\\\/www.fica.unsl.edu.ar\\\/#organization\"},\"image\":{\"@id\":\"https:\\\/\\\/www.fica.unsl.edu.ar\\\/index.php\\\/morinigo-preside-criscos-una-red-de-universidades-de-sudamerica\\\/#primaryimage\"},\"thumbnailUrl\":\"https:\\\/\\\/www.fica.unsl.edu.ar\\\/wp-content\\\/uploads\\\/2022\\\/05\\\/Morinigo.jpg\",\"articleSection\":[\"Noticias\"],\"inLanguage\":\"es-AR\"},{\"@type\":\"WebPage\",\"@id\":\"https:\\\/\\\/www.fica.unsl.edu.ar\\\/index.php\\\/morinigo-preside-criscos-una-red-de-universidades-de-sudamerica\\\/\",\"url\":\"https:\\\/\\\/www.fica.unsl.edu.ar\\\/index.php\\\/morinigo-preside-criscos-una-red-de-universidades-de-sudamerica\\\/\",\"name\":\"Mori\u00f1igo preside CRISCOS, una red de universidades de Sudam\u00e9rica - Facultad de Ingenier\u00eda y Ciencias Agropecuarias\",\"isPartOf\":{\"@id\":\"https:\\\/\\\/www.fica.unsl.edu.ar\\\/#website\"},\"primaryImageOfPage\":{\"@id\":\"https:\\\/\\\/www.fica.unsl.edu.ar\\\/index.php\\\/morinigo-preside-criscos-una-red-de-universidades-de-sudamerica\\\/#primaryimage\"},\"image\":{\"@id\":\"https:\\\/\\\/www.fica.unsl.edu.ar\\\/index.php\\\/morinigo-preside-criscos-una-red-de-universidades-de-sudamerica\\\/#primaryimage\"},\"thumbnailUrl\":\"https:\\\/\\\/www.fica.unsl.edu.ar\\\/wp-content\\\/uploads\\\/2022\\\/05\\\/Morinigo.jpg\",\"datePublished\":\"2022-05-12T15:43:09+00:00\",\"inLanguage\":\"es-AR\",\"potentialAction\":[{\"@type\":\"ReadAction\",\"target\":[\"https:\\\/\\\/www.fica.unsl.edu.ar\\\/index.php\\\/morinigo-preside-criscos-una-red-de-universidades-de-sudamerica\\\/\"]}]},{\"@type\":\"ImageObject\",\"inLanguage\":\"es-AR\",\"@id\":\"https:\\\/\\\/www.fica.unsl.edu.ar\\\/index.php\\\/morinigo-preside-criscos-una-red-de-universidades-de-sudamerica\\\/#primaryimage\",\"url\":\"https:\\\/\\\/www.fica.unsl.edu.ar\\\/wp-content\\\/uploads\\\/2022\\\/05\\\/Morinigo.jpg\",\"contentUrl\":\"https:\\\/\\\/www.fica.unsl.edu.ar\\\/wp-content\\\/uploads\\\/2022\\\/05\\\/Morinigo.jpg\",\"width\":1000,\"height\":600},{\"@type\":\"WebSite\",\"@id\":\"https:\\\/\\\/www.fica.unsl.edu.ar\\\/#website\",\"url\":\"https:\\\/\\\/www.fica.unsl.edu.ar\\\/\",\"name\":\"Facultad de Ingenier\u00eda y Ciencias Agropecuarias\",\"description\":\"\",\"publisher\":{\"@id\":\"https:\\\/\\\/www.fica.unsl.edu.ar\\\/#organization\"},\"potentialAction\":[{\"@type\":\"SearchAction\",\"target\":{\"@type\":\"EntryPoint\",\"urlTemplate\":\"https:\\\/\\\/www.fica.unsl.edu.ar\\\/?s={search_term_string}\"},\"query-input\":{\"@type\":\"PropertyValueSpecification\",\"valueRequired\":true,\"valueName\":\"search_term_string\"}}],\"inLanguage\":\"es-AR\"},{\"@type\":\"Organization\",\"@id\":\"https:\\\/\\\/www.fica.unsl.edu.ar\\\/#organization\",\"name\":\"Facultad de Ingenier\u00eda y Ciencias Agropecuarias\",\"url\":\"https:\\\/\\\/www.fica.unsl.edu.ar\\\/\",\"logo\":{\"@type\":\"ImageObject\",\"inLanguage\":\"es-AR\",\"@id\":\"https:\\\/\\\/www.fica.unsl.edu.ar\\\/#\\\/schema\\\/logo\\\/image\\\/\",\"url\":\"https:\\\/\\\/www.fica.unsl.edu.ar\\\/wp-content\\\/uploads\\\/2021\\\/03\\\/LOGO-1.jpg\",\"contentUrl\":\"https:\\\/\\\/www.fica.unsl.edu.ar\\\/wp-content\\\/uploads\\\/2021\\\/03\\\/LOGO-1.jpg\",\"width\":463,\"height\":145,\"caption\":\"Facultad de Ingenier\u00eda y Ciencias Agropecuarias\"},\"image\":{\"@id\":\"https:\\\/\\\/www.fica.unsl.edu.ar\\\/#\\\/schema\\\/logo\\\/image\\\/\"},\"sameAs\":[\"https:\\\/\\\/www.facebook.com\\\/FICA.UNSL\\\/\",\"https:\\\/\\\/x.com\\\/FICAUNSL\",\"https:\\\/\\\/www.instagram.com\\\/fica.unsl\\\/\",\"https:\\\/\\\/www.youtube.com\\\/channel\\\/UCs2MM53gb2PyBrMySdtWZDQ\"]},{\"@type\":\"Person\",\"@id\":\"https:\\\/\\\/www.fica.unsl.edu.ar\\\/#\\\/schema\\\/person\\\/6058f9c66301868d3a691b1f5d6c3544\",\"name\":\"DATI\"}]}<\/script>\n<!-- \/ Yoast SEO plugin. -->","yoast_head_json":{"title":"Mori\u00f1igo preside CRISCOS, una red de universidades de Sudam\u00e9rica - Facultad de Ingenier\u00eda y Ciencias Agropecuarias","robots":{"index":"index","follow":"follow","max-snippet":"max-snippet:-1","max-image-preview":"max-image-preview:large","max-video-preview":"max-video-preview:-1"},"canonical":"https:\/\/www.fica.unsl.edu.ar\/index.php\/morinigo-preside-criscos-una-red-de-universidades-de-sudamerica\/","og_locale":"es_ES","og_type":"article","og_title":"Mori\u00f1igo preside CRISCOS, una red de universidades de Sudam\u00e9rica - Facultad de Ingenier\u00eda y Ciencias Agropecuarias","og_description":"Desde este 11 de mayo el rector de la UNSL C.P.N. V\u00edctor Mori\u00f1igo presidir\u00e1 el Consejo de Rectores por la Integraci\u00f3n de la Subregi\u00f3n Centro&hellip;","og_url":"https:\/\/www.fica.unsl.edu.ar\/index.php\/morinigo-preside-criscos-una-red-de-universidades-de-sudamerica\/","og_site_name":"Facultad de Ingenier\u00eda y Ciencias Agropecuarias","article_publisher":"https:\/\/www.facebook.com\/FICA.UNSL\/","article_published_time":"2022-05-12T15:43:09+00:00","og_image":[{"width":1000,"height":600,"url":"https:\/\/www.fica.unsl.edu.ar\/wp-content\/uploads\/2022\/05\/Morinigo.jpg","type":"image\/jpeg"}],"author":"DATI","twitter_card":"summary_large_image","twitter_creator":"@FICAUNSL","twitter_site":"@FICAUNSL","twitter_misc":{"Escrito por":"DATI","Tiempo de lectura":"3 minutos"},"schema":{"@context":"https:\/\/schema.org","@graph":[{"@type":"Article","@id":"https:\/\/www.fica.unsl.edu.ar\/index.php\/morinigo-preside-criscos-una-red-de-universidades-de-sudamerica\/#article","isPartOf":{"@id":"https:\/\/www.fica.unsl.edu.ar\/index.php\/morinigo-preside-criscos-una-red-de-universidades-de-sudamerica\/"},"author":{"name":"DATI","@id":"https:\/\/www.fica.unsl.edu.ar\/#\/schema\/person\/6058f9c66301868d3a691b1f5d6c3544"},"headline":"Mori\u00f1igo preside CRISCOS, una red de universidades de Sudam\u00e9rica","datePublished":"2022-05-12T15:43:09+00:00","mainEntityOfPage":{"@id":"https:\/\/www.fica.unsl.edu.ar\/index.php\/morinigo-preside-criscos-una-red-de-universidades-de-sudamerica\/"},"wordCount":584,"publisher":{"@id":"https:\/\/www.fica.unsl.edu.ar\/#organization"},"image":{"@id":"https:\/\/www.fica.unsl.edu.ar\/index.php\/morinigo-preside-criscos-una-red-de-universidades-de-sudamerica\/#primaryimage"},"thumbnailUrl":"https:\/\/www.fica.unsl.edu.ar\/wp-content\/uploads\/2022\/05\/Morinigo.jpg","articleSection":["Noticias"],"inLanguage":"es-AR"},{"@type":"WebPage","@id":"https:\/\/www.fica.unsl.edu.ar\/index.php\/morinigo-preside-criscos-una-red-de-universidades-de-sudamerica\/","url":"https:\/\/www.fica.unsl.edu.ar\/index.php\/morinigo-preside-criscos-una-red-de-universidades-de-sudamerica\/","name":"Mori\u00f1igo preside CRISCOS, una red de universidades de Sudam\u00e9rica - Facultad de Ingenier\u00eda y Ciencias Agropecuarias","isPartOf":{"@id":"https:\/\/www.fica.unsl.edu.ar\/#website"},"primaryImageOfPage":{"@id":"https:\/\/www.fica.unsl.edu.ar\/index.php\/morinigo-preside-criscos-una-red-de-universidades-de-sudamerica\/#primaryimage"},"image":{"@id":"https:\/\/www.fica.unsl.edu.ar\/index.php\/morinigo-preside-criscos-una-red-de-universidades-de-sudamerica\/#primaryimage"},"thumbnailUrl":"https:\/\/www.fica.unsl.edu.ar\/wp-content\/uploads\/2022\/05\/Morinigo.jpg","datePublished":"2022-05-12T15:43:09+00:00","inLanguage":"es-AR","potentialAction":[{"@type":"ReadAction","target":["https:\/\/www.fica.unsl.edu.ar\/index.php\/morinigo-preside-criscos-una-red-de-universidades-de-sudamerica\/"]}]},{"@type":"ImageObject","inLanguage":"es-AR","@id":"https:\/\/www.fica.unsl.edu.ar\/index.php\/morinigo-preside-criscos-una-red-de-universidades-de-sudamerica\/#primaryimage","url":"https:\/\/www.fica.unsl.edu.ar\/wp-content\/uploads\/2022\/05\/Morinigo.jpg","contentUrl":"https:\/\/www.fica.unsl.edu.ar\/wp-content\/uploads\/2022\/05\/Morinigo.jpg","width":1000,"height":600},{"@type":"WebSite","@id":"https:\/\/www.fica.unsl.edu.ar\/#website","url":"https:\/\/www.fica.unsl.edu.ar\/","name":"Facultad de Ingenier\u00eda y Ciencias Agropecuarias","description":"","publisher":{"@id":"https:\/\/www.fica.unsl.edu.ar\/#organization"},"potentialAction":[{"@type":"SearchAction","target":{"@type":"EntryPoint","urlTemplate":"https:\/\/www.fica.unsl.edu.ar\/?s={search_term_string}"},"query-input":{"@type":"PropertyValueSpecification","valueRequired":true,"valueName":"search_term_string"}}],"inLanguage":"es-AR"},{"@type":"Organization","@id":"https:\/\/www.fica.unsl.edu.ar\/#organization","name":"Facultad de Ingenier\u00eda y Ciencias Agropecuarias","url":"https:\/\/www.fica.unsl.edu.ar\/","logo":{"@type":"ImageObject","inLanguage":"es-AR","@id":"https:\/\/www.fica.unsl.edu.ar\/#\/schema\/logo\/image\/","url":"https:\/\/www.fica.unsl.edu.ar\/wp-content\/uploads\/2021\/03\/LOGO-1.jpg","contentUrl":"https:\/\/www.fica.unsl.edu.ar\/wp-content\/uploads\/2021\/03\/LOGO-1.jpg","width":463,"height":145,"caption":"Facultad de Ingenier\u00eda y Ciencias Agropecuarias"},"image":{"@id":"https:\/\/www.fica.unsl.edu.ar\/#\/schema\/logo\/image\/"},"sameAs":["https:\/\/www.facebook.com\/FICA.UNSL\/","https:\/\/x.com\/FICAUNSL","https:\/\/www.instagram.com\/fica.unsl\/","https:\/\/www.youtube.com\/channel\/UCs2MM53gb2PyBrMySdtWZDQ"]},{"@type":"Person","@id":"https:\/\/www.fica.unsl.edu.ar\/#\/schema\/person\/6058f9c66301868d3a691b1f5d6c3544","name":"DATI"}]}},"_links":{"self":[{"href":"https:\/\/www.fica.unsl.edu.ar\/index.php\/wp-json\/wp\/v2\/posts\/9239","targetHints":{"allow":["GET"]}}],"collection":[{"href":"https:\/\/www.fica.unsl.edu.ar\/index.php\/wp-json\/wp\/v2\/posts"}],"about":[{"href":"https:\/\/www.fica.unsl.edu.ar\/index.php\/wp-json\/wp\/v2\/types\/post"}],"author":[{"embeddable":true,"href":"https:\/\/www.fica.unsl.edu.ar\/index.php\/wp-json\/wp\/v2\/users\/9"}],"replies":[{"embeddable":true,"href":"https:\/\/www.fica.unsl.edu.ar\/index.php\/wp-json\/wp\/v2\/comments?post=9239"}],"version-history":[{"count":1,"href":"https:\/\/www.fica.unsl.edu.ar\/index.php\/wp-json\/wp\/v2\/posts\/9239\/revisions"}],"predecessor-version":[{"id":9241,"href":"https:\/\/www.fica.unsl.edu.ar\/index.php\/wp-json\/wp\/v2\/posts\/9239\/revisions\/9241"}],"wp:featuredmedia":[{"embeddable":true,"href":"https:\/\/www.fica.unsl.edu.ar\/index.php\/wp-json\/wp\/v2\/media\/9240"}],"wp:attachment":[{"href":"https:\/\/www.fica.unsl.edu.ar\/index.php\/wp-json\/wp\/v2\/media?parent=9239"}],"wp:term":[{"taxonomy":"category","embeddable":true,"href":"https:\/\/www.fica.unsl.edu.ar\/index.php\/wp-json\/wp\/v2\/categories?post=9239"},{"taxonomy":"post_tag","embeddable":true,"href":"https:\/\/www.fica.unsl.edu.ar\/index.php\/wp-json\/wp\/v2\/tags?post=9239"}],"curies":[{"name":"wp","href":"https:\/\/api.w.org\/{rel}","templated":true}]}}