{"id":9331,"date":"2022-05-24T12:30:11","date_gmt":"2022-05-24T15:30:11","guid":{"rendered":"http:\/\/10.101.10.196\/www\/?p=9331"},"modified":"2022-05-31T13:18:07","modified_gmt":"2022-05-31T16:18:07","slug":"lunes-30-de-mayo-primera-colacion-de-grados-2022-en-villa-mercedes","status":"publish","type":"post","link":"https:\/\/www.fica.unsl.edu.ar\/index.php\/lunes-30-de-mayo-primera-colacion-de-grados-2022-en-villa-mercedes\/","title":{"rendered":"Lunes 30 de mayo: Primera Colaci\u00f3n de Grados 2022 en Villa Mercedes"},"content":{"rendered":"<p>La Subsecretar\u00eda de Comunicaci\u00f3n, Ceremonial y Protocolo informa que, el lunes 30 de mayo de 2022 a las 17 horas, se llevar\u00e1 a cabo el Acto Acad\u00e9mico de la Primera Colaci\u00f3n de Grados 2022 de la Facultad de Ingenier\u00eda y Ciencias Agropecuarias y de la Facultad de Ciencias Econ\u00f3micas, Jur\u00eddicas y Sociales.<\/p>\n<p>La ceremonia se realizar\u00e1 en el Teatro \u201cEl Viejo Mercado\u201d de la Casa de la Cultura (Pedernera 553). Los egresados podr\u00e1n concurrir con un n\u00famero limitado de familiares y deber\u00e1n respetar un estricto protocolo de presencialidad adaptada establecido por la UNSL.<\/p>\n<p>La ceremonia ser\u00e1 emitida por el canal de YouTube de la UNSL.<\/p>\n<p><iframe title=\"Acto de colaci\u00f3n FCEJS y FICA Mayo 2022\" width=\"843\" height=\"632\" src=\"https:\/\/www.youtube.com\/embed\/mqIoZzn8zQE?feature=oembed\" frameborder=\"0\" allow=\"accelerometer; autoplay; clipboard-write; encrypted-media; gyroscope; picture-in-picture\" allowfullscreen><\/iframe><\/p>\n<h3><span style=\"color: #808080;\">FACULTAD DE INGENIER\u00cdA Y CIENCIAS AGROPECUARIAS<\/span><\/h3>\n<p><strong>BROMATOLOG\u00cdA<\/strong><\/p>\n<ul>\n<li>Hidalgo, Marlene Yasmin<\/li>\n<li>Moreno, Berenice Lucia<\/li>\n<\/ul>\n<p><strong>TECNICATURA UNIVERSITARIA EN AUTOMATIZACI\u00d3N INDUSTRIAL -ORIENTACI\u00d3N INFORM\u00c1TICA-<\/strong><\/p>\n<ul>\n<li>Ostellino, Lautaro Emanuel<\/li>\n<li>P\u00e9rez, Franco Andr\u00e9s<\/li>\n<\/ul>\n<p><strong>TECNICATURA UNIVERSITARIA EN MANTENIMIENTO INDUSTRIAL<\/strong><\/p>\n<ul>\n<li>G\u00f3mez Ricarte, Iv\u00e1n Nahuel<\/li>\n<\/ul>\n<p><strong>INGENIER\u00cdA AGRON\u00d3MICA<\/strong><\/p>\n<ul>\n<li>P\u00e9rez, Dar\u00edo Javier<\/li>\n<\/ul>\n<p><strong>INGENIER\u00cdA ELECTROMEC\u00c1NICA<\/strong><\/p>\n<ul>\n<li>Bulgra, Federico Nicol\u00e1s<\/li>\n<li>Caruso, Iv\u00e1n Norberto<\/li>\n<li>Chillemi, Felipe<\/li>\n<li>Crespo, Gerardo Rub\u00e9n<\/li>\n<li>Denna, Facundo Ariel<\/li>\n<li>Pisani, Marcelo Jos\u00e9<\/li>\n<li>Zabala Aguilera, Pablo Ezequiel<\/li>\n<\/ul>\n<p><strong>INGENIER\u00cdA ELECTR\u00d3NICA<\/strong><\/p>\n<ul>\n<li>Griotti, Alfredo Alejandro<\/li>\n<\/ul>\n<p><strong>INGENIER\u00cdA INDUSTRIAL<\/strong><\/p>\n<ul>\n<li>L\u00f3pez, Julio Cesar<\/li>\n<li>Salcedo, Ignacio Benjam\u00edn<\/li>\n<\/ul>\n<p><strong>INGENIER\u00cdA MECATR\u00d3NICA<\/strong><\/p>\n<ul>\n<li>Medina, Santiago Isa\u00edas<\/li>\n<\/ul>\n<p><strong>INGENIER\u00cdA QU\u00cdMICA<\/strong><\/p>\n<ul>\n<li>Colombo, Micaela<\/li>\n<li>Ferrero Concetti, Carla Agostina<\/li>\n<li>Flores, Nicol\u00e1s Mat\u00edas<\/li>\n<\/ul>\n<p><strong>MAESTR\u00cdA EN CIENCIA Y TECNOLOG\u00cdA DE AGROALIMENTOS<\/strong><\/p>\n<ul>\n<li>Alaniz, Gabriela Isabel<\/li>\n<\/ul>\n<hr \/>\n<h3><span style=\"color: #800080;\"><br \/>\nFACULTAD DE CIENCIAS ECON\u00d3MICAS, JUR\u00cdDICAS Y SOCIALES<\/span><\/h3>\n<p><strong>MARTILLERO Y CORREDOR P\u00daBLICO<\/strong><\/p>\n<ul>\n<li>Porcel, Hebe Alejandra<\/li>\n<li>Yuvero, Elisa Isabel Anah\u00ed<\/li>\n<\/ul>\n<p><strong>PROCURADOR<\/strong><\/p>\n<ul>\n<li>Lucero, Jes\u00fas Ram\u00f3n<\/li>\n<li>Olgu\u00edn, Mariana Soledad<\/li>\n<li>Puebla, Mar\u00eda Agustina<\/li>\n<\/ul>\n<p><strong>TECNICATURA UNIVERSITARIA EN ASISTENCIA JUR\u00cdDICA<\/strong><\/p>\n<ul>\n<li>Iglesias, Rodrigo Nicol\u00e1s<\/li>\n<li>Olgu\u00edn, Mariana Soledad<\/li>\n<li>Romano, Aldana Florencia<\/li>\n<li>Videla, Joaqu\u00edn Iv\u00e1n<\/li>\n<\/ul>\n<p><strong>TECNICATURA UNIVERSITARIA EN GESTI\u00d3N FINANCIERA<\/strong><\/p>\n<ul>\n<li>Illanez, Yesica Mariana<\/li>\n<li>Mu\u00f1oz Miranda, Nora Magdalena<\/li>\n<li>Maciel, Mar\u00eda Jos\u00e9<\/li>\n<li>Gim\u00e9nez, Franco Dami\u00e1n<\/li>\n<\/ul>\n<p><strong>TECNICATURA UNIVERSITARIA EN ACOMPA\u00d1AMIENTO TERAP\u00c9UTICO<\/strong><\/p>\n<ul>\n<li>Asensio, Karina Alejandra<\/li>\n<li>Delia Anderson, Mar\u00eda Bel\u00e9n<\/li>\n<li>Lujan, Tamara Elizabeth<\/li>\n<li>Palacios, Ariadna Yanet<\/li>\n<li>Casale, Eliana Edith<\/li>\n<li>Ib\u00e1\u00f1ez Vargas, Melina Celeste<\/li>\n<li>Maldonado, Nadia Camila<\/li>\n<li>Medina, Mariela Florencia<\/li>\n<li>Piliu, Anal\u00eda Karina<\/li>\n<li>Richard, Andrea Jazm\u00edn<\/li>\n<li>S\u00e1nchez, Marcela In\u00e9s<\/li>\n<li>Suarez, Fernanda Cecilia<\/li>\n<li>Lucero, N\u00e9lida Noem\u00ed<\/li>\n<\/ul>\n<p><strong>ABOGAC\u00cdA<\/strong><\/p>\n<ul>\n<li>G\u00f3mez Orosco, Sof\u00eda Valentina<\/li>\n<li>Leyes, Roc\u00edo Ayel\u00e9n<\/li>\n<li>Ojeda Gonz\u00e1lez, Mar\u00eda Agustina<\/li>\n<li>Puebla, Mar\u00eda Agustina<\/li>\n<li>Re, Valentina<\/li>\n<li>Tomasi, Micaela Janet<\/li>\n<li>Baraybar, Mar\u00eda Victoria<\/li>\n<li>Echevarria Mar\u00eda, I\u00f1aki<\/li>\n<li>Pereira Alonso, Lucio Agust\u00edn<\/li>\n<\/ul>\n<p><strong>CONTADOR P\u00daBLICO NACIONAL<\/strong><\/p>\n<ul>\n<li>Abramo, Mar\u00eda Lourdes<\/li>\n<li>Garro Cavallaro, Marcos Agust\u00edn<\/li>\n<li>Godoy, Pamela Soledad<\/li>\n<li>Lucero, Paola Anabel<\/li>\n<li>Lunardi del Bosco, Fiorella Liliana<\/li>\n<li>Mu\u00f1oz, Johana Macarena<\/li>\n<li>Peirone, Victoria Mar\u00eda<\/li>\n<li>Sombra, Alexis Martin<\/li>\n<li>Zaccaria Cavanay, Mar\u00eda Bel\u00e9n<\/li>\n<\/ul>\n<p><strong>LICENCIATURA EN TRABAJO SOCIAL<\/strong><\/p>\n<ul>\n<li>Moyano, Yanira Damaris<\/li>\n<li>Bern\u00e9s Delgado, Mitzi Araceli<\/li>\n<li>Trinidad, Nadia Janet<\/li>\n<\/ul>\n<p><strong>LICENCIATURA EN ADMINISTRACI\u00d3N<\/strong><\/p>\n<ul>\n<li>N\u00fa\u00f1ez, Mara Elizabeth<\/li>\n<li>Prospero, Samantha Luar<\/li>\n<\/ul>\n<p><strong>ESPECIALISTA EN INTERVENCIONES SOCIALES CON NI\u00d1OS\/AS, ADOLESCENTES Y J\u00d3VENES<\/strong><\/p>\n<ul>\n<li>Pereira, Mirta Gladys<\/li>\n<li>Prado, Anal\u00eda Liliana<\/li>\n<li>Quiroga, Graciela Teresa<\/li>\n<\/ul>\n<p><strong>MAESTR\u00cdA EN ECONOM\u00cdA Y NEGOCIOS<\/strong><\/p>\n<ul>\n<li>Gatica, Mat\u00edas Eduardo<\/li>\n<\/ul>\n<p><strong>MAESTR\u00cdA EN SOCIEDAD E INSTITUCIONES<\/strong><\/p>\n<ul>\n<li>Sosnowki, Angela Catalina<\/li>\n<\/ul>\n","protected":false},"excerpt":{"rendered":"<p>La Subsecretar\u00eda de Comunicaci\u00f3n, Ceremonial y Protocolo informa que, el lunes 30 de mayo de 2022 a las 17 horas, se llevar\u00e1 a cabo el&hellip;<\/p>\n","protected":false},"author":9,"featured_media":7564,"comment_status":"closed","ping_status":"closed","sticky":false,"template":"","format":"standard","meta":{"_monsterinsights_skip_tracking":false,"_monsterinsights_sitenote_active":false,"_monsterinsights_sitenote_note":"","_monsterinsights_sitenote_category":0,"_joinchat":[],"footnotes":""},"categories":[19],"tags":[],"class_list":["post-9331","post","type-post","status-publish","format-standard","has-post-thumbnail","hentry","category-noticias"],"yoast_head":"<!-- This site is optimized with the Yoast SEO plugin v27.4 - https:\/\/yoast.com\/product\/yoast-seo-wordpress\/ -->\n<title>Lunes 30 de mayo: Primera Colaci\u00f3n de Grados 2022 en Villa Mercedes - Facultad de Ingenier\u00eda y Ciencias Agropecuarias<\/title>\n<meta name=\"robots\" content=\"index, follow, max-snippet:-1, max-image-preview:large, max-video-preview:-1\" \/>\n<link rel=\"canonical\" href=\"https:\/\/www.fica.unsl.edu.ar\/index.php\/lunes-30-de-mayo-primera-colacion-de-grados-2022-en-villa-mercedes\/\" \/>\n<meta property=\"og:locale\" content=\"es_ES\" \/>\n<meta property=\"og:type\" content=\"article\" \/>\n<meta property=\"og:title\" content=\"Lunes 30 de mayo: Primera Colaci\u00f3n de Grados 2022 en Villa Mercedes - Facultad de Ingenier\u00eda y Ciencias Agropecuarias\" \/>\n<meta property=\"og:description\" content=\"La Subsecretar\u00eda de Comunicaci\u00f3n, Ceremonial y Protocolo informa que, el lunes 30 de mayo de 2022 a las 17 horas, se llevar\u00e1 a cabo el&hellip;\" \/>\n<meta property=\"og:url\" content=\"https:\/\/www.fica.unsl.edu.ar\/index.php\/lunes-30-de-mayo-primera-colacion-de-grados-2022-en-villa-mercedes\/\" \/>\n<meta property=\"og:site_name\" content=\"Facultad de Ingenier\u00eda y Ciencias Agropecuarias\" \/>\n<meta property=\"article:publisher\" content=\"https:\/\/www.facebook.com\/FICA.UNSL\/\" \/>\n<meta property=\"article:published_time\" content=\"2022-05-24T15:30:11+00:00\" \/>\n<meta property=\"article:modified_time\" content=\"2022-05-31T16:18:07+00:00\" \/>\n<meta property=\"og:image\" content=\"https:\/\/www.fica.unsl.edu.ar\/wp-content\/uploads\/2021\/11\/colacion-grados-fica.jpg\" \/>\n\t<meta property=\"og:image:width\" content=\"1061\" \/>\n\t<meta property=\"og:image:height\" content=\"600\" \/>\n\t<meta property=\"og:image:type\" content=\"image\/jpeg\" \/>\n<meta name=\"author\" content=\"DATI\" \/>\n<meta name=\"twitter:card\" content=\"summary_large_image\" \/>\n<meta name=\"twitter:creator\" content=\"@FICAUNSL\" \/>\n<meta name=\"twitter:site\" content=\"@FICAUNSL\" \/>\n<meta name=\"twitter:label1\" content=\"Escrito por\" \/>\n\t<meta name=\"twitter:data1\" content=\"DATI\" \/>\n\t<meta name=\"twitter:label2\" content=\"Tiempo de lectura\" \/>\n\t<meta name=\"twitter:data2\" content=\"2 minutos\" \/>\n<script type=\"application\/ld+json\" class=\"yoast-schema-graph\">{\"@context\":\"https:\\\/\\\/schema.org\",\"@graph\":[{\"@type\":\"Article\",\"@id\":\"https:\\\/\\\/www.fica.unsl.edu.ar\\\/index.php\\\/lunes-30-de-mayo-primera-colacion-de-grados-2022-en-villa-mercedes\\\/#article\",\"isPartOf\":{\"@id\":\"https:\\\/\\\/www.fica.unsl.edu.ar\\\/index.php\\\/lunes-30-de-mayo-primera-colacion-de-grados-2022-en-villa-mercedes\\\/\"},\"author\":{\"name\":\"DATI\",\"@id\":\"https:\\\/\\\/www.fica.unsl.edu.ar\\\/#\\\/schema\\\/person\\\/6058f9c66301868d3a691b1f5d6c3544\"},\"headline\":\"Lunes 30 de mayo: Primera Colaci\u00f3n de Grados 2022 en Villa Mercedes\",\"datePublished\":\"2022-05-24T15:30:11+00:00\",\"dateModified\":\"2022-05-31T16:18:07+00:00\",\"mainEntityOfPage\":{\"@id\":\"https:\\\/\\\/www.fica.unsl.edu.ar\\\/index.php\\\/lunes-30-de-mayo-primera-colacion-de-grados-2022-en-villa-mercedes\\\/\"},\"wordCount\":549,\"publisher\":{\"@id\":\"https:\\\/\\\/www.fica.unsl.edu.ar\\\/#organization\"},\"image\":{\"@id\":\"https:\\\/\\\/www.fica.unsl.edu.ar\\\/index.php\\\/lunes-30-de-mayo-primera-colacion-de-grados-2022-en-villa-mercedes\\\/#primaryimage\"},\"thumbnailUrl\":\"https:\\\/\\\/www.fica.unsl.edu.ar\\\/wp-content\\\/uploads\\\/2021\\\/11\\\/colacion-grados-fica.jpg\",\"articleSection\":[\"Noticias\"],\"inLanguage\":\"es-AR\"},{\"@type\":\"WebPage\",\"@id\":\"https:\\\/\\\/www.fica.unsl.edu.ar\\\/index.php\\\/lunes-30-de-mayo-primera-colacion-de-grados-2022-en-villa-mercedes\\\/\",\"url\":\"https:\\\/\\\/www.fica.unsl.edu.ar\\\/index.php\\\/lunes-30-de-mayo-primera-colacion-de-grados-2022-en-villa-mercedes\\\/\",\"name\":\"Lunes 30 de mayo: Primera Colaci\u00f3n de Grados 2022 en Villa Mercedes - Facultad de Ingenier\u00eda y Ciencias Agropecuarias\",\"isPartOf\":{\"@id\":\"https:\\\/\\\/www.fica.unsl.edu.ar\\\/#website\"},\"primaryImageOfPage\":{\"@id\":\"https:\\\/\\\/www.fica.unsl.edu.ar\\\/index.php\\\/lunes-30-de-mayo-primera-colacion-de-grados-2022-en-villa-mercedes\\\/#primaryimage\"},\"image\":{\"@id\":\"https:\\\/\\\/www.fica.unsl.edu.ar\\\/index.php\\\/lunes-30-de-mayo-primera-colacion-de-grados-2022-en-villa-mercedes\\\/#primaryimage\"},\"thumbnailUrl\":\"https:\\\/\\\/www.fica.unsl.edu.ar\\\/wp-content\\\/uploads\\\/2021\\\/11\\\/colacion-grados-fica.jpg\",\"datePublished\":\"2022-05-24T15:30:11+00:00\",\"dateModified\":\"2022-05-31T16:18:07+00:00\",\"inLanguage\":\"es-AR\",\"potentialAction\":[{\"@type\":\"ReadAction\",\"target\":[\"https:\\\/\\\/www.fica.unsl.edu.ar\\\/index.php\\\/lunes-30-de-mayo-primera-colacion-de-grados-2022-en-villa-mercedes\\\/\"]}]},{\"@type\":\"ImageObject\",\"inLanguage\":\"es-AR\",\"@id\":\"https:\\\/\\\/www.fica.unsl.edu.ar\\\/index.php\\\/lunes-30-de-mayo-primera-colacion-de-grados-2022-en-villa-mercedes\\\/#primaryimage\",\"url\":\"https:\\\/\\\/www.fica.unsl.edu.ar\\\/wp-content\\\/uploads\\\/2021\\\/11\\\/colacion-grados-fica.jpg\",\"contentUrl\":\"https:\\\/\\\/www.fica.unsl.edu.ar\\\/wp-content\\\/uploads\\\/2021\\\/11\\\/colacion-grados-fica.jpg\",\"width\":1061,\"height\":600},{\"@type\":\"WebSite\",\"@id\":\"https:\\\/\\\/www.fica.unsl.edu.ar\\\/#website\",\"url\":\"https:\\\/\\\/www.fica.unsl.edu.ar\\\/\",\"name\":\"Facultad de Ingenier\u00eda y Ciencias Agropecuarias\",\"description\":\"\",\"publisher\":{\"@id\":\"https:\\\/\\\/www.fica.unsl.edu.ar\\\/#organization\"},\"potentialAction\":[{\"@type\":\"SearchAction\",\"target\":{\"@type\":\"EntryPoint\",\"urlTemplate\":\"https:\\\/\\\/www.fica.unsl.edu.ar\\\/?s={search_term_string}\"},\"query-input\":{\"@type\":\"PropertyValueSpecification\",\"valueRequired\":true,\"valueName\":\"search_term_string\"}}],\"inLanguage\":\"es-AR\"},{\"@type\":\"Organization\",\"@id\":\"https:\\\/\\\/www.fica.unsl.edu.ar\\\/#organization\",\"name\":\"Facultad de Ingenier\u00eda y Ciencias Agropecuarias\",\"url\":\"https:\\\/\\\/www.fica.unsl.edu.ar\\\/\",\"logo\":{\"@type\":\"ImageObject\",\"inLanguage\":\"es-AR\",\"@id\":\"https:\\\/\\\/www.fica.unsl.edu.ar\\\/#\\\/schema\\\/logo\\\/image\\\/\",\"url\":\"https:\\\/\\\/www.fica.unsl.edu.ar\\\/wp-content\\\/uploads\\\/2021\\\/03\\\/LOGO-1.jpg\",\"contentUrl\":\"https:\\\/\\\/www.fica.unsl.edu.ar\\\/wp-content\\\/uploads\\\/2021\\\/03\\\/LOGO-1.jpg\",\"width\":463,\"height\":145,\"caption\":\"Facultad de Ingenier\u00eda y Ciencias Agropecuarias\"},\"image\":{\"@id\":\"https:\\\/\\\/www.fica.unsl.edu.ar\\\/#\\\/schema\\\/logo\\\/image\\\/\"},\"sameAs\":[\"https:\\\/\\\/www.facebook.com\\\/FICA.UNSL\\\/\",\"https:\\\/\\\/x.com\\\/FICAUNSL\",\"https:\\\/\\\/www.instagram.com\\\/fica.unsl\\\/\",\"https:\\\/\\\/www.youtube.com\\\/channel\\\/UCs2MM53gb2PyBrMySdtWZDQ\"]},{\"@type\":\"Person\",\"@id\":\"https:\\\/\\\/www.fica.unsl.edu.ar\\\/#\\\/schema\\\/person\\\/6058f9c66301868d3a691b1f5d6c3544\",\"name\":\"DATI\"}]}<\/script>\n<!-- \/ Yoast SEO plugin. -->","yoast_head_json":{"title":"Lunes 30 de mayo: Primera Colaci\u00f3n de Grados 2022 en Villa Mercedes - Facultad de Ingenier\u00eda y Ciencias Agropecuarias","robots":{"index":"index","follow":"follow","max-snippet":"max-snippet:-1","max-image-preview":"max-image-preview:large","max-video-preview":"max-video-preview:-1"},"canonical":"https:\/\/www.fica.unsl.edu.ar\/index.php\/lunes-30-de-mayo-primera-colacion-de-grados-2022-en-villa-mercedes\/","og_locale":"es_ES","og_type":"article","og_title":"Lunes 30 de mayo: Primera Colaci\u00f3n de Grados 2022 en Villa Mercedes - Facultad de Ingenier\u00eda y Ciencias Agropecuarias","og_description":"La Subsecretar\u00eda de Comunicaci\u00f3n, Ceremonial y Protocolo informa que, el lunes 30 de mayo de 2022 a las 17 horas, se llevar\u00e1 a cabo el&hellip;","og_url":"https:\/\/www.fica.unsl.edu.ar\/index.php\/lunes-30-de-mayo-primera-colacion-de-grados-2022-en-villa-mercedes\/","og_site_name":"Facultad de Ingenier\u00eda y Ciencias Agropecuarias","article_publisher":"https:\/\/www.facebook.com\/FICA.UNSL\/","article_published_time":"2022-05-24T15:30:11+00:00","article_modified_time":"2022-05-31T16:18:07+00:00","og_image":[{"width":1061,"height":600,"url":"https:\/\/www.fica.unsl.edu.ar\/wp-content\/uploads\/2021\/11\/colacion-grados-fica.jpg","type":"image\/jpeg"}],"author":"DATI","twitter_card":"summary_large_image","twitter_creator":"@FICAUNSL","twitter_site":"@FICAUNSL","twitter_misc":{"Escrito por":"DATI","Tiempo de lectura":"2 minutos"},"schema":{"@context":"https:\/\/schema.org","@graph":[{"@type":"Article","@id":"https:\/\/www.fica.unsl.edu.ar\/index.php\/lunes-30-de-mayo-primera-colacion-de-grados-2022-en-villa-mercedes\/#article","isPartOf":{"@id":"https:\/\/www.fica.unsl.edu.ar\/index.php\/lunes-30-de-mayo-primera-colacion-de-grados-2022-en-villa-mercedes\/"},"author":{"name":"DATI","@id":"https:\/\/www.fica.unsl.edu.ar\/#\/schema\/person\/6058f9c66301868d3a691b1f5d6c3544"},"headline":"Lunes 30 de mayo: Primera Colaci\u00f3n de Grados 2022 en Villa Mercedes","datePublished":"2022-05-24T15:30:11+00:00","dateModified":"2022-05-31T16:18:07+00:00","mainEntityOfPage":{"@id":"https:\/\/www.fica.unsl.edu.ar\/index.php\/lunes-30-de-mayo-primera-colacion-de-grados-2022-en-villa-mercedes\/"},"wordCount":549,"publisher":{"@id":"https:\/\/www.fica.unsl.edu.ar\/#organization"},"image":{"@id":"https:\/\/www.fica.unsl.edu.ar\/index.php\/lunes-30-de-mayo-primera-colacion-de-grados-2022-en-villa-mercedes\/#primaryimage"},"thumbnailUrl":"https:\/\/www.fica.unsl.edu.ar\/wp-content\/uploads\/2021\/11\/colacion-grados-fica.jpg","articleSection":["Noticias"],"inLanguage":"es-AR"},{"@type":"WebPage","@id":"https:\/\/www.fica.unsl.edu.ar\/index.php\/lunes-30-de-mayo-primera-colacion-de-grados-2022-en-villa-mercedes\/","url":"https:\/\/www.fica.unsl.edu.ar\/index.php\/lunes-30-de-mayo-primera-colacion-de-grados-2022-en-villa-mercedes\/","name":"Lunes 30 de mayo: Primera Colaci\u00f3n de Grados 2022 en Villa Mercedes - Facultad de Ingenier\u00eda y Ciencias Agropecuarias","isPartOf":{"@id":"https:\/\/www.fica.unsl.edu.ar\/#website"},"primaryImageOfPage":{"@id":"https:\/\/www.fica.unsl.edu.ar\/index.php\/lunes-30-de-mayo-primera-colacion-de-grados-2022-en-villa-mercedes\/#primaryimage"},"image":{"@id":"https:\/\/www.fica.unsl.edu.ar\/index.php\/lunes-30-de-mayo-primera-colacion-de-grados-2022-en-villa-mercedes\/#primaryimage"},"thumbnailUrl":"https:\/\/www.fica.unsl.edu.ar\/wp-content\/uploads\/2021\/11\/colacion-grados-fica.jpg","datePublished":"2022-05-24T15:30:11+00:00","dateModified":"2022-05-31T16:18:07+00:00","inLanguage":"es-AR","potentialAction":[{"@type":"ReadAction","target":["https:\/\/www.fica.unsl.edu.ar\/index.php\/lunes-30-de-mayo-primera-colacion-de-grados-2022-en-villa-mercedes\/"]}]},{"@type":"ImageObject","inLanguage":"es-AR","@id":"https:\/\/www.fica.unsl.edu.ar\/index.php\/lunes-30-de-mayo-primera-colacion-de-grados-2022-en-villa-mercedes\/#primaryimage","url":"https:\/\/www.fica.unsl.edu.ar\/wp-content\/uploads\/2021\/11\/colacion-grados-fica.jpg","contentUrl":"https:\/\/www.fica.unsl.edu.ar\/wp-content\/uploads\/2021\/11\/colacion-grados-fica.jpg","width":1061,"height":600},{"@type":"WebSite","@id":"https:\/\/www.fica.unsl.edu.ar\/#website","url":"https:\/\/www.fica.unsl.edu.ar\/","name":"Facultad de Ingenier\u00eda y Ciencias Agropecuarias","description":"","publisher":{"@id":"https:\/\/www.fica.unsl.edu.ar\/#organization"},"potentialAction":[{"@type":"SearchAction","target":{"@type":"EntryPoint","urlTemplate":"https:\/\/www.fica.unsl.edu.ar\/?s={search_term_string}"},"query-input":{"@type":"PropertyValueSpecification","valueRequired":true,"valueName":"search_term_string"}}],"inLanguage":"es-AR"},{"@type":"Organization","@id":"https:\/\/www.fica.unsl.edu.ar\/#organization","name":"Facultad de Ingenier\u00eda y Ciencias Agropecuarias","url":"https:\/\/www.fica.unsl.edu.ar\/","logo":{"@type":"ImageObject","inLanguage":"es-AR","@id":"https:\/\/www.fica.unsl.edu.ar\/#\/schema\/logo\/image\/","url":"https:\/\/www.fica.unsl.edu.ar\/wp-content\/uploads\/2021\/03\/LOGO-1.jpg","contentUrl":"https:\/\/www.fica.unsl.edu.ar\/wp-content\/uploads\/2021\/03\/LOGO-1.jpg","width":463,"height":145,"caption":"Facultad de Ingenier\u00eda y Ciencias Agropecuarias"},"image":{"@id":"https:\/\/www.fica.unsl.edu.ar\/#\/schema\/logo\/image\/"},"sameAs":["https:\/\/www.facebook.com\/FICA.UNSL\/","https:\/\/x.com\/FICAUNSL","https:\/\/www.instagram.com\/fica.unsl\/","https:\/\/www.youtube.com\/channel\/UCs2MM53gb2PyBrMySdtWZDQ"]},{"@type":"Person","@id":"https:\/\/www.fica.unsl.edu.ar\/#\/schema\/person\/6058f9c66301868d3a691b1f5d6c3544","name":"DATI"}]}},"_links":{"self":[{"href":"https:\/\/www.fica.unsl.edu.ar\/index.php\/wp-json\/wp\/v2\/posts\/9331","targetHints":{"allow":["GET"]}}],"collection":[{"href":"https:\/\/www.fica.unsl.edu.ar\/index.php\/wp-json\/wp\/v2\/posts"}],"about":[{"href":"https:\/\/www.fica.unsl.edu.ar\/index.php\/wp-json\/wp\/v2\/types\/post"}],"author":[{"embeddable":true,"href":"https:\/\/www.fica.unsl.edu.ar\/index.php\/wp-json\/wp\/v2\/users\/9"}],"replies":[{"embeddable":true,"href":"https:\/\/www.fica.unsl.edu.ar\/index.php\/wp-json\/wp\/v2\/comments?post=9331"}],"version-history":[{"count":13,"href":"https:\/\/www.fica.unsl.edu.ar\/index.php\/wp-json\/wp\/v2\/posts\/9331\/revisions"}],"predecessor-version":[{"id":9437,"href":"https:\/\/www.fica.unsl.edu.ar\/index.php\/wp-json\/wp\/v2\/posts\/9331\/revisions\/9437"}],"wp:featuredmedia":[{"embeddable":true,"href":"https:\/\/www.fica.unsl.edu.ar\/index.php\/wp-json\/wp\/v2\/media\/7564"}],"wp:attachment":[{"href":"https:\/\/www.fica.unsl.edu.ar\/index.php\/wp-json\/wp\/v2\/media?parent=9331"}],"wp:term":[{"taxonomy":"category","embeddable":true,"href":"https:\/\/www.fica.unsl.edu.ar\/index.php\/wp-json\/wp\/v2\/categories?post=9331"},{"taxonomy":"post_tag","embeddable":true,"href":"https:\/\/www.fica.unsl.edu.ar\/index.php\/wp-json\/wp\/v2\/tags?post=9331"}],"curies":[{"name":"wp","href":"https:\/\/api.w.org\/{rel}","templated":true}]}}