{"id":9429,"date":"2022-05-24T00:17:42","date_gmt":"2022-05-24T03:17:42","guid":{"rendered":"http:\/\/10.101.10.196\/www\/?p=9429"},"modified":"2022-06-08T12:50:56","modified_gmt":"2022-06-08T15:50:56","slug":"llamada-bilateral-argentina-espana-para-la-financiacion-de-proyectos-empresariales-de-investigacion-y-desarrollo","status":"publish","type":"post","link":"https:\/\/www.fica.unsl.edu.ar\/index.php\/llamada-bilateral-argentina-espana-para-la-financiacion-de-proyectos-empresariales-de-investigacion-y-desarrollo\/","title":{"rendered":"Llamada Bilateral Argentina-Espa\u00f1a para la financiaci\u00f3n de Proyectos Empresariales de Investigaci\u00f3n y Desarrollo"},"content":{"rendered":"<p>El Ministerio de Ciencia, Tecnolog\u00eda e Innovaci\u00f3n de la Naci\u00f3n invita\u00a0a presentar propuestas de proyectos en el marco de la \u201cLlamada de Colaboraci\u00f3n Tecnol\u00f3gica Empresarial Argentina-Espa\u00f1a 2022\u201d.<\/p>\n<p>La llamada\/ convocatoria se desarrollar\u00e1 en dos Fases:<\/p>\n<p><strong>Fase I<\/strong>: presentaci\u00f3n de los perfiles de proyectos de I+D empresarial junto con un diagrama de Gantt (carta Gantt) valorizado en d\u00f3lares (USA) con las actividades a realizar en conjunto por los socios del proyecto y un acuerdo de consorcio suscrito por los socios participantes en el proyecto. Adem\u00e1s de la documentaci\u00f3n anterior, en Argentina los participantes deber\u00e1n presentar tambi\u00e9n un presupuesto estimado para cada una de las empresas argentinas participantes (en pesos argentinos). Esta documentaci\u00f3n ser\u00e1 evaluada por expertos de ambos pa\u00edses y aquellos proyectos que resulten elegibles para ambos organismos, ser\u00e1n habilitados a pasar a la siguiente fase.<\/p>\n<p><strong>Fase II:<\/strong> las propuestas evaluadas positivamente en la Fase I podr\u00e1n realizar \u00a0\u00a0la presentaci\u00f3n de la solicitud de financiaci\u00f3n para su participaci\u00f3n en el proyecto, ante los organismos nacionales financiadores respectivos (el CDTI y el FONTAR- AGENCIA I+D+i).<\/p>\n<p>Aquellos proyectos que resulten seleccionados ser\u00e1n certificados como Proyectos CYTED &#8211; IBEROEKA.<\/p>\n<p><strong>L\u00edmite para la presentaci\u00f3n de proyectos a la Fase I: 22 de septiembre de 2022.<\/strong><\/p>\n<p>M\u00e1s informaci\u00f3n acceder a: <a href=\"https:\/\/www.fica.unsl.edu.ar\/wp-content\/uploads\/2022\/05\/convoctaoria_anr_argentina-espana_2022.doc\"><strong>Convocatoria_anr_argentina-espana_2022<\/strong><\/a><\/p>\n","protected":false},"excerpt":{"rendered":"<p>El Ministerio de Ciencia, Tecnolog\u00eda e Innovaci\u00f3n de la Naci\u00f3n invita\u00a0a presentar propuestas de proyectos en el marco de la \u201cLlamada de Colaboraci\u00f3n Tecnol\u00f3gica Empresarial&hellip;<\/p>\n","protected":false},"author":9,"featured_media":9433,"comment_status":"closed","ping_status":"closed","sticky":false,"template":"","format":"standard","meta":{"_monsterinsights_skip_tracking":false,"_monsterinsights_sitenote_active":false,"_monsterinsights_sitenote_note":"","_monsterinsights_sitenote_category":0,"_joinchat":[],"footnotes":""},"categories":[19],"tags":[],"class_list":["post-9429","post","type-post","status-publish","format-standard","has-post-thumbnail","hentry","category-noticias"],"yoast_head":"<!-- This site is optimized with the Yoast SEO plugin v27.4 - https:\/\/yoast.com\/product\/yoast-seo-wordpress\/ -->\n<title>Llamada Bilateral Argentina-Espa\u00f1a para la financiaci\u00f3n de Proyectos Empresariales de Investigaci\u00f3n y Desarrollo - Facultad de Ingenier\u00eda y Ciencias Agropecuarias<\/title>\n<meta name=\"robots\" content=\"index, follow, max-snippet:-1, max-image-preview:large, max-video-preview:-1\" \/>\n<link rel=\"canonical\" href=\"https:\/\/www.fica.unsl.edu.ar\/index.php\/llamada-bilateral-argentina-espana-para-la-financiacion-de-proyectos-empresariales-de-investigacion-y-desarrollo\/\" \/>\n<meta property=\"og:locale\" content=\"es_ES\" \/>\n<meta property=\"og:type\" content=\"article\" \/>\n<meta property=\"og:title\" content=\"Llamada Bilateral Argentina-Espa\u00f1a para la financiaci\u00f3n de Proyectos Empresariales de Investigaci\u00f3n y Desarrollo - Facultad de Ingenier\u00eda y Ciencias Agropecuarias\" \/>\n<meta property=\"og:description\" content=\"El Ministerio de Ciencia, Tecnolog\u00eda e Innovaci\u00f3n de la Naci\u00f3n invita\u00a0a presentar propuestas de proyectos en el marco de la \u201cLlamada de Colaboraci\u00f3n Tecnol\u00f3gica Empresarial&hellip;\" \/>\n<meta property=\"og:url\" content=\"https:\/\/www.fica.unsl.edu.ar\/index.php\/llamada-bilateral-argentina-espana-para-la-financiacion-de-proyectos-empresariales-de-investigacion-y-desarrollo\/\" \/>\n<meta property=\"og:site_name\" content=\"Facultad de Ingenier\u00eda y Ciencias Agropecuarias\" \/>\n<meta property=\"article:publisher\" content=\"https:\/\/www.facebook.com\/FICA.UNSL\/\" \/>\n<meta property=\"article:published_time\" content=\"2022-05-24T03:17:42+00:00\" \/>\n<meta property=\"article:modified_time\" content=\"2022-06-08T15:50:56+00:00\" \/>\n<meta property=\"og:image\" content=\"https:\/\/www.fica.unsl.edu.ar\/wp-content\/uploads\/2022\/05\/bilateral.jpg\" \/>\n\t<meta property=\"og:image:width\" content=\"1061\" \/>\n\t<meta property=\"og:image:height\" content=\"585\" \/>\n\t<meta property=\"og:image:type\" content=\"image\/jpeg\" \/>\n<meta name=\"author\" content=\"DATI\" \/>\n<meta name=\"twitter:card\" content=\"summary_large_image\" \/>\n<meta name=\"twitter:creator\" content=\"@FICAUNSL\" \/>\n<meta name=\"twitter:site\" content=\"@FICAUNSL\" \/>\n<meta name=\"twitter:label1\" content=\"Escrito por\" \/>\n\t<meta name=\"twitter:data1\" content=\"DATI\" \/>\n\t<meta name=\"twitter:label2\" content=\"Tiempo de lectura\" \/>\n\t<meta name=\"twitter:data2\" content=\"1 minuto\" \/>\n<script type=\"application\/ld+json\" class=\"yoast-schema-graph\">{\"@context\":\"https:\\\/\\\/schema.org\",\"@graph\":[{\"@type\":\"Article\",\"@id\":\"https:\\\/\\\/www.fica.unsl.edu.ar\\\/index.php\\\/llamada-bilateral-argentina-espana-para-la-financiacion-de-proyectos-empresariales-de-investigacion-y-desarrollo\\\/#article\",\"isPartOf\":{\"@id\":\"https:\\\/\\\/www.fica.unsl.edu.ar\\\/index.php\\\/llamada-bilateral-argentina-espana-para-la-financiacion-de-proyectos-empresariales-de-investigacion-y-desarrollo\\\/\"},\"author\":{\"name\":\"DATI\",\"@id\":\"https:\\\/\\\/www.fica.unsl.edu.ar\\\/#\\\/schema\\\/person\\\/6058f9c66301868d3a691b1f5d6c3544\"},\"headline\":\"Llamada Bilateral Argentina-Espa\u00f1a para la financiaci\u00f3n de Proyectos Empresariales de Investigaci\u00f3n y Desarrollo\",\"datePublished\":\"2022-05-24T03:17:42+00:00\",\"dateModified\":\"2022-06-08T15:50:56+00:00\",\"mainEntityOfPage\":{\"@id\":\"https:\\\/\\\/www.fica.unsl.edu.ar\\\/index.php\\\/llamada-bilateral-argentina-espana-para-la-financiacion-de-proyectos-empresariales-de-investigacion-y-desarrollo\\\/\"},\"wordCount\":248,\"publisher\":{\"@id\":\"https:\\\/\\\/www.fica.unsl.edu.ar\\\/#organization\"},\"image\":{\"@id\":\"https:\\\/\\\/www.fica.unsl.edu.ar\\\/index.php\\\/llamada-bilateral-argentina-espana-para-la-financiacion-de-proyectos-empresariales-de-investigacion-y-desarrollo\\\/#primaryimage\"},\"thumbnailUrl\":\"https:\\\/\\\/www.fica.unsl.edu.ar\\\/wp-content\\\/uploads\\\/2022\\\/05\\\/bilateral.jpg\",\"articleSection\":[\"Noticias\"],\"inLanguage\":\"es-AR\"},{\"@type\":\"WebPage\",\"@id\":\"https:\\\/\\\/www.fica.unsl.edu.ar\\\/index.php\\\/llamada-bilateral-argentina-espana-para-la-financiacion-de-proyectos-empresariales-de-investigacion-y-desarrollo\\\/\",\"url\":\"https:\\\/\\\/www.fica.unsl.edu.ar\\\/index.php\\\/llamada-bilateral-argentina-espana-para-la-financiacion-de-proyectos-empresariales-de-investigacion-y-desarrollo\\\/\",\"name\":\"Llamada Bilateral Argentina-Espa\u00f1a para la financiaci\u00f3n de Proyectos Empresariales de Investigaci\u00f3n y Desarrollo - Facultad de Ingenier\u00eda y Ciencias Agropecuarias\",\"isPartOf\":{\"@id\":\"https:\\\/\\\/www.fica.unsl.edu.ar\\\/#website\"},\"primaryImageOfPage\":{\"@id\":\"https:\\\/\\\/www.fica.unsl.edu.ar\\\/index.php\\\/llamada-bilateral-argentina-espana-para-la-financiacion-de-proyectos-empresariales-de-investigacion-y-desarrollo\\\/#primaryimage\"},\"image\":{\"@id\":\"https:\\\/\\\/www.fica.unsl.edu.ar\\\/index.php\\\/llamada-bilateral-argentina-espana-para-la-financiacion-de-proyectos-empresariales-de-investigacion-y-desarrollo\\\/#primaryimage\"},\"thumbnailUrl\":\"https:\\\/\\\/www.fica.unsl.edu.ar\\\/wp-content\\\/uploads\\\/2022\\\/05\\\/bilateral.jpg\",\"datePublished\":\"2022-05-24T03:17:42+00:00\",\"dateModified\":\"2022-06-08T15:50:56+00:00\",\"inLanguage\":\"es-AR\",\"potentialAction\":[{\"@type\":\"ReadAction\",\"target\":[\"https:\\\/\\\/www.fica.unsl.edu.ar\\\/index.php\\\/llamada-bilateral-argentina-espana-para-la-financiacion-de-proyectos-empresariales-de-investigacion-y-desarrollo\\\/\"]}]},{\"@type\":\"ImageObject\",\"inLanguage\":\"es-AR\",\"@id\":\"https:\\\/\\\/www.fica.unsl.edu.ar\\\/index.php\\\/llamada-bilateral-argentina-espana-para-la-financiacion-de-proyectos-empresariales-de-investigacion-y-desarrollo\\\/#primaryimage\",\"url\":\"https:\\\/\\\/www.fica.unsl.edu.ar\\\/wp-content\\\/uploads\\\/2022\\\/05\\\/bilateral.jpg\",\"contentUrl\":\"https:\\\/\\\/www.fica.unsl.edu.ar\\\/wp-content\\\/uploads\\\/2022\\\/05\\\/bilateral.jpg\",\"width\":1061,\"height\":585},{\"@type\":\"WebSite\",\"@id\":\"https:\\\/\\\/www.fica.unsl.edu.ar\\\/#website\",\"url\":\"https:\\\/\\\/www.fica.unsl.edu.ar\\\/\",\"name\":\"Facultad de Ingenier\u00eda y Ciencias Agropecuarias\",\"description\":\"\",\"publisher\":{\"@id\":\"https:\\\/\\\/www.fica.unsl.edu.ar\\\/#organization\"},\"potentialAction\":[{\"@type\":\"SearchAction\",\"target\":{\"@type\":\"EntryPoint\",\"urlTemplate\":\"https:\\\/\\\/www.fica.unsl.edu.ar\\\/?s={search_term_string}\"},\"query-input\":{\"@type\":\"PropertyValueSpecification\",\"valueRequired\":true,\"valueName\":\"search_term_string\"}}],\"inLanguage\":\"es-AR\"},{\"@type\":\"Organization\",\"@id\":\"https:\\\/\\\/www.fica.unsl.edu.ar\\\/#organization\",\"name\":\"Facultad de Ingenier\u00eda y Ciencias Agropecuarias\",\"url\":\"https:\\\/\\\/www.fica.unsl.edu.ar\\\/\",\"logo\":{\"@type\":\"ImageObject\",\"inLanguage\":\"es-AR\",\"@id\":\"https:\\\/\\\/www.fica.unsl.edu.ar\\\/#\\\/schema\\\/logo\\\/image\\\/\",\"url\":\"https:\\\/\\\/www.fica.unsl.edu.ar\\\/wp-content\\\/uploads\\\/2021\\\/03\\\/LOGO-1.jpg\",\"contentUrl\":\"https:\\\/\\\/www.fica.unsl.edu.ar\\\/wp-content\\\/uploads\\\/2021\\\/03\\\/LOGO-1.jpg\",\"width\":463,\"height\":145,\"caption\":\"Facultad de Ingenier\u00eda y Ciencias Agropecuarias\"},\"image\":{\"@id\":\"https:\\\/\\\/www.fica.unsl.edu.ar\\\/#\\\/schema\\\/logo\\\/image\\\/\"},\"sameAs\":[\"https:\\\/\\\/www.facebook.com\\\/FICA.UNSL\\\/\",\"https:\\\/\\\/x.com\\\/FICAUNSL\",\"https:\\\/\\\/www.instagram.com\\\/fica.unsl\\\/\",\"https:\\\/\\\/www.youtube.com\\\/channel\\\/UCs2MM53gb2PyBrMySdtWZDQ\"]},{\"@type\":\"Person\",\"@id\":\"https:\\\/\\\/www.fica.unsl.edu.ar\\\/#\\\/schema\\\/person\\\/6058f9c66301868d3a691b1f5d6c3544\",\"name\":\"DATI\"}]}<\/script>\n<!-- \/ Yoast SEO plugin. -->","yoast_head_json":{"title":"Llamada Bilateral Argentina-Espa\u00f1a para la financiaci\u00f3n de Proyectos Empresariales de Investigaci\u00f3n y Desarrollo - Facultad de Ingenier\u00eda y Ciencias Agropecuarias","robots":{"index":"index","follow":"follow","max-snippet":"max-snippet:-1","max-image-preview":"max-image-preview:large","max-video-preview":"max-video-preview:-1"},"canonical":"https:\/\/www.fica.unsl.edu.ar\/index.php\/llamada-bilateral-argentina-espana-para-la-financiacion-de-proyectos-empresariales-de-investigacion-y-desarrollo\/","og_locale":"es_ES","og_type":"article","og_title":"Llamada Bilateral Argentina-Espa\u00f1a para la financiaci\u00f3n de Proyectos Empresariales de Investigaci\u00f3n y Desarrollo - Facultad de Ingenier\u00eda y Ciencias Agropecuarias","og_description":"El Ministerio de Ciencia, Tecnolog\u00eda e Innovaci\u00f3n de la Naci\u00f3n invita\u00a0a presentar propuestas de proyectos en el marco de la \u201cLlamada de Colaboraci\u00f3n Tecnol\u00f3gica Empresarial&hellip;","og_url":"https:\/\/www.fica.unsl.edu.ar\/index.php\/llamada-bilateral-argentina-espana-para-la-financiacion-de-proyectos-empresariales-de-investigacion-y-desarrollo\/","og_site_name":"Facultad de Ingenier\u00eda y Ciencias Agropecuarias","article_publisher":"https:\/\/www.facebook.com\/FICA.UNSL\/","article_published_time":"2022-05-24T03:17:42+00:00","article_modified_time":"2022-06-08T15:50:56+00:00","og_image":[{"width":1061,"height":585,"url":"https:\/\/www.fica.unsl.edu.ar\/wp-content\/uploads\/2022\/05\/bilateral.jpg","type":"image\/jpeg"}],"author":"DATI","twitter_card":"summary_large_image","twitter_creator":"@FICAUNSL","twitter_site":"@FICAUNSL","twitter_misc":{"Escrito por":"DATI","Tiempo de lectura":"1 minuto"},"schema":{"@context":"https:\/\/schema.org","@graph":[{"@type":"Article","@id":"https:\/\/www.fica.unsl.edu.ar\/index.php\/llamada-bilateral-argentina-espana-para-la-financiacion-de-proyectos-empresariales-de-investigacion-y-desarrollo\/#article","isPartOf":{"@id":"https:\/\/www.fica.unsl.edu.ar\/index.php\/llamada-bilateral-argentina-espana-para-la-financiacion-de-proyectos-empresariales-de-investigacion-y-desarrollo\/"},"author":{"name":"DATI","@id":"https:\/\/www.fica.unsl.edu.ar\/#\/schema\/person\/6058f9c66301868d3a691b1f5d6c3544"},"headline":"Llamada Bilateral Argentina-Espa\u00f1a para la financiaci\u00f3n de Proyectos Empresariales de Investigaci\u00f3n y Desarrollo","datePublished":"2022-05-24T03:17:42+00:00","dateModified":"2022-06-08T15:50:56+00:00","mainEntityOfPage":{"@id":"https:\/\/www.fica.unsl.edu.ar\/index.php\/llamada-bilateral-argentina-espana-para-la-financiacion-de-proyectos-empresariales-de-investigacion-y-desarrollo\/"},"wordCount":248,"publisher":{"@id":"https:\/\/www.fica.unsl.edu.ar\/#organization"},"image":{"@id":"https:\/\/www.fica.unsl.edu.ar\/index.php\/llamada-bilateral-argentina-espana-para-la-financiacion-de-proyectos-empresariales-de-investigacion-y-desarrollo\/#primaryimage"},"thumbnailUrl":"https:\/\/www.fica.unsl.edu.ar\/wp-content\/uploads\/2022\/05\/bilateral.jpg","articleSection":["Noticias"],"inLanguage":"es-AR"},{"@type":"WebPage","@id":"https:\/\/www.fica.unsl.edu.ar\/index.php\/llamada-bilateral-argentina-espana-para-la-financiacion-de-proyectos-empresariales-de-investigacion-y-desarrollo\/","url":"https:\/\/www.fica.unsl.edu.ar\/index.php\/llamada-bilateral-argentina-espana-para-la-financiacion-de-proyectos-empresariales-de-investigacion-y-desarrollo\/","name":"Llamada Bilateral Argentina-Espa\u00f1a para la financiaci\u00f3n de Proyectos Empresariales de Investigaci\u00f3n y Desarrollo - Facultad de Ingenier\u00eda y Ciencias Agropecuarias","isPartOf":{"@id":"https:\/\/www.fica.unsl.edu.ar\/#website"},"primaryImageOfPage":{"@id":"https:\/\/www.fica.unsl.edu.ar\/index.php\/llamada-bilateral-argentina-espana-para-la-financiacion-de-proyectos-empresariales-de-investigacion-y-desarrollo\/#primaryimage"},"image":{"@id":"https:\/\/www.fica.unsl.edu.ar\/index.php\/llamada-bilateral-argentina-espana-para-la-financiacion-de-proyectos-empresariales-de-investigacion-y-desarrollo\/#primaryimage"},"thumbnailUrl":"https:\/\/www.fica.unsl.edu.ar\/wp-content\/uploads\/2022\/05\/bilateral.jpg","datePublished":"2022-05-24T03:17:42+00:00","dateModified":"2022-06-08T15:50:56+00:00","inLanguage":"es-AR","potentialAction":[{"@type":"ReadAction","target":["https:\/\/www.fica.unsl.edu.ar\/index.php\/llamada-bilateral-argentina-espana-para-la-financiacion-de-proyectos-empresariales-de-investigacion-y-desarrollo\/"]}]},{"@type":"ImageObject","inLanguage":"es-AR","@id":"https:\/\/www.fica.unsl.edu.ar\/index.php\/llamada-bilateral-argentina-espana-para-la-financiacion-de-proyectos-empresariales-de-investigacion-y-desarrollo\/#primaryimage","url":"https:\/\/www.fica.unsl.edu.ar\/wp-content\/uploads\/2022\/05\/bilateral.jpg","contentUrl":"https:\/\/www.fica.unsl.edu.ar\/wp-content\/uploads\/2022\/05\/bilateral.jpg","width":1061,"height":585},{"@type":"WebSite","@id":"https:\/\/www.fica.unsl.edu.ar\/#website","url":"https:\/\/www.fica.unsl.edu.ar\/","name":"Facultad de Ingenier\u00eda y Ciencias Agropecuarias","description":"","publisher":{"@id":"https:\/\/www.fica.unsl.edu.ar\/#organization"},"potentialAction":[{"@type":"SearchAction","target":{"@type":"EntryPoint","urlTemplate":"https:\/\/www.fica.unsl.edu.ar\/?s={search_term_string}"},"query-input":{"@type":"PropertyValueSpecification","valueRequired":true,"valueName":"search_term_string"}}],"inLanguage":"es-AR"},{"@type":"Organization","@id":"https:\/\/www.fica.unsl.edu.ar\/#organization","name":"Facultad de Ingenier\u00eda y Ciencias Agropecuarias","url":"https:\/\/www.fica.unsl.edu.ar\/","logo":{"@type":"ImageObject","inLanguage":"es-AR","@id":"https:\/\/www.fica.unsl.edu.ar\/#\/schema\/logo\/image\/","url":"https:\/\/www.fica.unsl.edu.ar\/wp-content\/uploads\/2021\/03\/LOGO-1.jpg","contentUrl":"https:\/\/www.fica.unsl.edu.ar\/wp-content\/uploads\/2021\/03\/LOGO-1.jpg","width":463,"height":145,"caption":"Facultad de Ingenier\u00eda y Ciencias Agropecuarias"},"image":{"@id":"https:\/\/www.fica.unsl.edu.ar\/#\/schema\/logo\/image\/"},"sameAs":["https:\/\/www.facebook.com\/FICA.UNSL\/","https:\/\/x.com\/FICAUNSL","https:\/\/www.instagram.com\/fica.unsl\/","https:\/\/www.youtube.com\/channel\/UCs2MM53gb2PyBrMySdtWZDQ"]},{"@type":"Person","@id":"https:\/\/www.fica.unsl.edu.ar\/#\/schema\/person\/6058f9c66301868d3a691b1f5d6c3544","name":"DATI"}]}},"_links":{"self":[{"href":"https:\/\/www.fica.unsl.edu.ar\/index.php\/wp-json\/wp\/v2\/posts\/9429","targetHints":{"allow":["GET"]}}],"collection":[{"href":"https:\/\/www.fica.unsl.edu.ar\/index.php\/wp-json\/wp\/v2\/posts"}],"about":[{"href":"https:\/\/www.fica.unsl.edu.ar\/index.php\/wp-json\/wp\/v2\/types\/post"}],"author":[{"embeddable":true,"href":"https:\/\/www.fica.unsl.edu.ar\/index.php\/wp-json\/wp\/v2\/users\/9"}],"replies":[{"embeddable":true,"href":"https:\/\/www.fica.unsl.edu.ar\/index.php\/wp-json\/wp\/v2\/comments?post=9429"}],"version-history":[{"count":1,"href":"https:\/\/www.fica.unsl.edu.ar\/index.php\/wp-json\/wp\/v2\/posts\/9429\/revisions"}],"predecessor-version":[{"id":9432,"href":"https:\/\/www.fica.unsl.edu.ar\/index.php\/wp-json\/wp\/v2\/posts\/9429\/revisions\/9432"}],"wp:featuredmedia":[{"embeddable":true,"href":"https:\/\/www.fica.unsl.edu.ar\/index.php\/wp-json\/wp\/v2\/media\/9433"}],"wp:attachment":[{"href":"https:\/\/www.fica.unsl.edu.ar\/index.php\/wp-json\/wp\/v2\/media?parent=9429"}],"wp:term":[{"taxonomy":"category","embeddable":true,"href":"https:\/\/www.fica.unsl.edu.ar\/index.php\/wp-json\/wp\/v2\/categories?post=9429"},{"taxonomy":"post_tag","embeddable":true,"href":"https:\/\/www.fica.unsl.edu.ar\/index.php\/wp-json\/wp\/v2\/tags?post=9429"}],"curies":[{"name":"wp","href":"https:\/\/api.w.org\/{rel}","templated":true}]}}