{"id":9563,"date":"2022-06-01T08:33:44","date_gmt":"2022-06-01T11:33:44","guid":{"rendered":"http:\/\/10.101.10.196\/www\/?p=9563"},"modified":"2022-06-01T11:35:31","modified_gmt":"2022-06-01T14:35:31","slug":"capacitacion-en-extension-estrategias-participativas-de-intervencion","status":"publish","type":"post","link":"https:\/\/www.fica.unsl.edu.ar\/index.php\/capacitacion-en-extension-estrategias-participativas-de-intervencion\/","title":{"rendered":"Capacitaci\u00f3n en Extensi\u00f3n: Estrategias Participativas de Intervenci\u00f3n"},"content":{"rendered":"<p><strong>La Secretar\u00eda de Extensi\u00f3n Universitaria (SEU) invita a estudiantes, docentes, nodocentes, graduados\/as y actores sociales del medio, a participar del tercer m\u00f3dulo del Programa de Capacitaci\u00f3n en Extensi\u00f3n.<\/strong><\/p>\n<p>Titulado\u00a0<strong><em>Estrategias participativas de intervenci\u00f3n para el trabajo con la comunidad<\/em><\/strong>, el tercer m\u00f3dulo del programa tiene una duraci\u00f3n de cuatro (4) clases en un mes (junio) y ser\u00e1 dictado por la Dra. Gabriela Luciano, la Dra. Andrea Pi\u00f1eda, el Dr. Hugo Adri\u00e1n Morales y el Lic. Juan Miguel Flores.<\/p>\n<p>A lo largo de cuatro (4) encuentros de hora y media cada uno, se busca generar un espacio de reflexi\u00f3n y di\u00e1logo en relaci\u00f3n a la construcci\u00f3n de\u00a0saberes te\u00f3rico-metodol\u00f3gicos que sirvan a la elaboraci\u00f3n y el desarrollo de proyectos de intervenci\u00f3n y acompa\u00f1amiento en situaciones problem\u00e1ticas presentes en nuestras comunidades.<\/p>\n<p>De esta forma se abordar\u00e1n temas tales como: una aproximaci\u00f3n a los conceptos de territorio, comunidad y sujetos de la extensi\u00f3n cr\u00edtica; el lugar de la comunidad en la detecci\u00f3n de demandas y la construcci\u00f3n del problema; estrategias de intervenci\u00f3n de la Educaci\u00f3n Popular, la Investigaci\u00f3n-Acci\u00f3n-Participativa, la sistematizaci\u00f3n de experiencias y la Investigaci\u00f3n Horizontal, entre otros.<\/p>\n<p>Los encuentros se llevar\u00e1n a cabo de manera virtual los d\u00edas\u00a0<strong>mi\u00e9rcoles 1, 8, 15 y 22 de junio<\/strong>, de 19:00 a 20:30 horas. Para sumarse, es necesario completar y enviar el\u00a0<a href=\"https:\/\/docs.google.com\/forms\/d\/e\/1FAIpQLSdbR0jXldpipZJQNiFUf3HGKCcd1ShwKLomllmKZN7WCwduTQ\/viewform\">formulario de inscripci\u00f3n<\/a>.<\/p>\n<p>Consultas:\u00a0<a href=\"mailto:procapacitacionextension@gmail.com\">procapacitacionextension@gmail.com<\/a><\/p>\n<p>Fuente:\u00a0<a href=\"https:\/\/seu.unsl.edu.ar\/index.php\/menu\/noticia\/111\">SEU<\/a><\/p>\n","protected":false},"excerpt":{"rendered":"<p>La Secretar\u00eda de Extensi\u00f3n Universitaria (SEU) invita a estudiantes, docentes, nodocentes, graduados\/as y actores sociales del medio, a participar del tercer m\u00f3dulo del Programa de&hellip;<\/p>\n","protected":false},"author":9,"featured_media":9564,"comment_status":"closed","ping_status":"closed","sticky":false,"template":"","format":"standard","meta":{"_monsterinsights_skip_tracking":false,"_monsterinsights_sitenote_active":false,"_monsterinsights_sitenote_note":"","_monsterinsights_sitenote_category":0,"_joinchat":[],"footnotes":""},"categories":[19],"tags":[],"class_list":["post-9563","post","type-post","status-publish","format-standard","has-post-thumbnail","hentry","category-noticias"],"yoast_head":"<!-- This site is optimized with the Yoast SEO plugin v27.4 - https:\/\/yoast.com\/product\/yoast-seo-wordpress\/ -->\n<title>Capacitaci\u00f3n en Extensi\u00f3n: Estrategias Participativas de Intervenci\u00f3n - Facultad de Ingenier\u00eda y Ciencias Agropecuarias<\/title>\n<meta name=\"robots\" content=\"index, follow, max-snippet:-1, max-image-preview:large, max-video-preview:-1\" \/>\n<link rel=\"canonical\" href=\"https:\/\/www.fica.unsl.edu.ar\/index.php\/capacitacion-en-extension-estrategias-participativas-de-intervencion\/\" \/>\n<meta property=\"og:locale\" content=\"es_ES\" \/>\n<meta property=\"og:type\" content=\"article\" \/>\n<meta property=\"og:title\" content=\"Capacitaci\u00f3n en Extensi\u00f3n: Estrategias Participativas de Intervenci\u00f3n - Facultad de Ingenier\u00eda y Ciencias Agropecuarias\" \/>\n<meta property=\"og:description\" content=\"La Secretar\u00eda de Extensi\u00f3n Universitaria (SEU) invita a estudiantes, docentes, nodocentes, graduados\/as y actores sociales del medio, a participar del tercer m\u00f3dulo del Programa de&hellip;\" \/>\n<meta property=\"og:url\" content=\"https:\/\/www.fica.unsl.edu.ar\/index.php\/capacitacion-en-extension-estrategias-participativas-de-intervencion\/\" \/>\n<meta property=\"og:site_name\" content=\"Facultad de Ingenier\u00eda y Ciencias Agropecuarias\" \/>\n<meta property=\"article:publisher\" content=\"https:\/\/www.facebook.com\/FICA.UNSL\/\" \/>\n<meta property=\"article:published_time\" content=\"2022-06-01T11:33:44+00:00\" \/>\n<meta property=\"article:modified_time\" content=\"2022-06-01T14:35:31+00:00\" \/>\n<meta property=\"og:image\" content=\"https:\/\/www.fica.unsl.edu.ar\/wp-content\/uploads\/2022\/06\/Programa_de_Capacitacion_en_Extension_de_la_UNSL_.png\" \/>\n\t<meta property=\"og:image:width\" content=\"1000\" \/>\n\t<meta property=\"og:image:height\" content=\"548\" \/>\n\t<meta property=\"og:image:type\" content=\"image\/png\" \/>\n<meta name=\"author\" content=\"DATI\" \/>\n<meta name=\"twitter:card\" content=\"summary_large_image\" \/>\n<meta name=\"twitter:creator\" content=\"@FICAUNSL\" \/>\n<meta name=\"twitter:site\" content=\"@FICAUNSL\" \/>\n<meta name=\"twitter:label1\" content=\"Escrito por\" \/>\n\t<meta name=\"twitter:data1\" content=\"DATI\" \/>\n\t<meta name=\"twitter:label2\" content=\"Tiempo de lectura\" \/>\n\t<meta name=\"twitter:data2\" content=\"2 minutos\" \/>\n<script type=\"application\/ld+json\" class=\"yoast-schema-graph\">{\"@context\":\"https:\\\/\\\/schema.org\",\"@graph\":[{\"@type\":\"Article\",\"@id\":\"https:\\\/\\\/www.fica.unsl.edu.ar\\\/index.php\\\/capacitacion-en-extension-estrategias-participativas-de-intervencion\\\/#article\",\"isPartOf\":{\"@id\":\"https:\\\/\\\/www.fica.unsl.edu.ar\\\/index.php\\\/capacitacion-en-extension-estrategias-participativas-de-intervencion\\\/\"},\"author\":{\"name\":\"DATI\",\"@id\":\"https:\\\/\\\/www.fica.unsl.edu.ar\\\/#\\\/schema\\\/person\\\/6058f9c66301868d3a691b1f5d6c3544\"},\"headline\":\"Capacitaci\u00f3n en Extensi\u00f3n: Estrategias Participativas de Intervenci\u00f3n\",\"datePublished\":\"2022-06-01T11:33:44+00:00\",\"dateModified\":\"2022-06-01T14:35:31+00:00\",\"mainEntityOfPage\":{\"@id\":\"https:\\\/\\\/www.fica.unsl.edu.ar\\\/index.php\\\/capacitacion-en-extension-estrategias-participativas-de-intervencion\\\/\"},\"wordCount\":265,\"publisher\":{\"@id\":\"https:\\\/\\\/www.fica.unsl.edu.ar\\\/#organization\"},\"image\":{\"@id\":\"https:\\\/\\\/www.fica.unsl.edu.ar\\\/index.php\\\/capacitacion-en-extension-estrategias-participativas-de-intervencion\\\/#primaryimage\"},\"thumbnailUrl\":\"https:\\\/\\\/www.fica.unsl.edu.ar\\\/wp-content\\\/uploads\\\/2022\\\/06\\\/Programa_de_Capacitacion_en_Extension_de_la_UNSL_.png\",\"articleSection\":[\"Noticias\"],\"inLanguage\":\"es-AR\"},{\"@type\":\"WebPage\",\"@id\":\"https:\\\/\\\/www.fica.unsl.edu.ar\\\/index.php\\\/capacitacion-en-extension-estrategias-participativas-de-intervencion\\\/\",\"url\":\"https:\\\/\\\/www.fica.unsl.edu.ar\\\/index.php\\\/capacitacion-en-extension-estrategias-participativas-de-intervencion\\\/\",\"name\":\"Capacitaci\u00f3n en Extensi\u00f3n: Estrategias Participativas de Intervenci\u00f3n - Facultad de Ingenier\u00eda y Ciencias Agropecuarias\",\"isPartOf\":{\"@id\":\"https:\\\/\\\/www.fica.unsl.edu.ar\\\/#website\"},\"primaryImageOfPage\":{\"@id\":\"https:\\\/\\\/www.fica.unsl.edu.ar\\\/index.php\\\/capacitacion-en-extension-estrategias-participativas-de-intervencion\\\/#primaryimage\"},\"image\":{\"@id\":\"https:\\\/\\\/www.fica.unsl.edu.ar\\\/index.php\\\/capacitacion-en-extension-estrategias-participativas-de-intervencion\\\/#primaryimage\"},\"thumbnailUrl\":\"https:\\\/\\\/www.fica.unsl.edu.ar\\\/wp-content\\\/uploads\\\/2022\\\/06\\\/Programa_de_Capacitacion_en_Extension_de_la_UNSL_.png\",\"datePublished\":\"2022-06-01T11:33:44+00:00\",\"dateModified\":\"2022-06-01T14:35:31+00:00\",\"inLanguage\":\"es-AR\",\"potentialAction\":[{\"@type\":\"ReadAction\",\"target\":[\"https:\\\/\\\/www.fica.unsl.edu.ar\\\/index.php\\\/capacitacion-en-extension-estrategias-participativas-de-intervencion\\\/\"]}]},{\"@type\":\"ImageObject\",\"inLanguage\":\"es-AR\",\"@id\":\"https:\\\/\\\/www.fica.unsl.edu.ar\\\/index.php\\\/capacitacion-en-extension-estrategias-participativas-de-intervencion\\\/#primaryimage\",\"url\":\"https:\\\/\\\/www.fica.unsl.edu.ar\\\/wp-content\\\/uploads\\\/2022\\\/06\\\/Programa_de_Capacitacion_en_Extension_de_la_UNSL_.png\",\"contentUrl\":\"https:\\\/\\\/www.fica.unsl.edu.ar\\\/wp-content\\\/uploads\\\/2022\\\/06\\\/Programa_de_Capacitacion_en_Extension_de_la_UNSL_.png\",\"width\":1000,\"height\":548},{\"@type\":\"WebSite\",\"@id\":\"https:\\\/\\\/www.fica.unsl.edu.ar\\\/#website\",\"url\":\"https:\\\/\\\/www.fica.unsl.edu.ar\\\/\",\"name\":\"Facultad de Ingenier\u00eda y Ciencias Agropecuarias\",\"description\":\"\",\"publisher\":{\"@id\":\"https:\\\/\\\/www.fica.unsl.edu.ar\\\/#organization\"},\"potentialAction\":[{\"@type\":\"SearchAction\",\"target\":{\"@type\":\"EntryPoint\",\"urlTemplate\":\"https:\\\/\\\/www.fica.unsl.edu.ar\\\/?s={search_term_string}\"},\"query-input\":{\"@type\":\"PropertyValueSpecification\",\"valueRequired\":true,\"valueName\":\"search_term_string\"}}],\"inLanguage\":\"es-AR\"},{\"@type\":\"Organization\",\"@id\":\"https:\\\/\\\/www.fica.unsl.edu.ar\\\/#organization\",\"name\":\"Facultad de Ingenier\u00eda y Ciencias Agropecuarias\",\"url\":\"https:\\\/\\\/www.fica.unsl.edu.ar\\\/\",\"logo\":{\"@type\":\"ImageObject\",\"inLanguage\":\"es-AR\",\"@id\":\"https:\\\/\\\/www.fica.unsl.edu.ar\\\/#\\\/schema\\\/logo\\\/image\\\/\",\"url\":\"https:\\\/\\\/www.fica.unsl.edu.ar\\\/wp-content\\\/uploads\\\/2021\\\/03\\\/LOGO-1.jpg\",\"contentUrl\":\"https:\\\/\\\/www.fica.unsl.edu.ar\\\/wp-content\\\/uploads\\\/2021\\\/03\\\/LOGO-1.jpg\",\"width\":463,\"height\":145,\"caption\":\"Facultad de Ingenier\u00eda y Ciencias Agropecuarias\"},\"image\":{\"@id\":\"https:\\\/\\\/www.fica.unsl.edu.ar\\\/#\\\/schema\\\/logo\\\/image\\\/\"},\"sameAs\":[\"https:\\\/\\\/www.facebook.com\\\/FICA.UNSL\\\/\",\"https:\\\/\\\/x.com\\\/FICAUNSL\",\"https:\\\/\\\/www.instagram.com\\\/fica.unsl\\\/\",\"https:\\\/\\\/www.youtube.com\\\/channel\\\/UCs2MM53gb2PyBrMySdtWZDQ\"]},{\"@type\":\"Person\",\"@id\":\"https:\\\/\\\/www.fica.unsl.edu.ar\\\/#\\\/schema\\\/person\\\/6058f9c66301868d3a691b1f5d6c3544\",\"name\":\"DATI\"}]}<\/script>\n<!-- \/ Yoast SEO plugin. -->","yoast_head_json":{"title":"Capacitaci\u00f3n en Extensi\u00f3n: Estrategias Participativas de Intervenci\u00f3n - Facultad de Ingenier\u00eda y Ciencias Agropecuarias","robots":{"index":"index","follow":"follow","max-snippet":"max-snippet:-1","max-image-preview":"max-image-preview:large","max-video-preview":"max-video-preview:-1"},"canonical":"https:\/\/www.fica.unsl.edu.ar\/index.php\/capacitacion-en-extension-estrategias-participativas-de-intervencion\/","og_locale":"es_ES","og_type":"article","og_title":"Capacitaci\u00f3n en Extensi\u00f3n: Estrategias Participativas de Intervenci\u00f3n - Facultad de Ingenier\u00eda y Ciencias Agropecuarias","og_description":"La Secretar\u00eda de Extensi\u00f3n Universitaria (SEU) invita a estudiantes, docentes, nodocentes, graduados\/as y actores sociales del medio, a participar del tercer m\u00f3dulo del Programa de&hellip;","og_url":"https:\/\/www.fica.unsl.edu.ar\/index.php\/capacitacion-en-extension-estrategias-participativas-de-intervencion\/","og_site_name":"Facultad de Ingenier\u00eda y Ciencias Agropecuarias","article_publisher":"https:\/\/www.facebook.com\/FICA.UNSL\/","article_published_time":"2022-06-01T11:33:44+00:00","article_modified_time":"2022-06-01T14:35:31+00:00","og_image":[{"width":1000,"height":548,"url":"https:\/\/www.fica.unsl.edu.ar\/wp-content\/uploads\/2022\/06\/Programa_de_Capacitacion_en_Extension_de_la_UNSL_.png","type":"image\/png"}],"author":"DATI","twitter_card":"summary_large_image","twitter_creator":"@FICAUNSL","twitter_site":"@FICAUNSL","twitter_misc":{"Escrito por":"DATI","Tiempo de lectura":"2 minutos"},"schema":{"@context":"https:\/\/schema.org","@graph":[{"@type":"Article","@id":"https:\/\/www.fica.unsl.edu.ar\/index.php\/capacitacion-en-extension-estrategias-participativas-de-intervencion\/#article","isPartOf":{"@id":"https:\/\/www.fica.unsl.edu.ar\/index.php\/capacitacion-en-extension-estrategias-participativas-de-intervencion\/"},"author":{"name":"DATI","@id":"https:\/\/www.fica.unsl.edu.ar\/#\/schema\/person\/6058f9c66301868d3a691b1f5d6c3544"},"headline":"Capacitaci\u00f3n en Extensi\u00f3n: Estrategias Participativas de Intervenci\u00f3n","datePublished":"2022-06-01T11:33:44+00:00","dateModified":"2022-06-01T14:35:31+00:00","mainEntityOfPage":{"@id":"https:\/\/www.fica.unsl.edu.ar\/index.php\/capacitacion-en-extension-estrategias-participativas-de-intervencion\/"},"wordCount":265,"publisher":{"@id":"https:\/\/www.fica.unsl.edu.ar\/#organization"},"image":{"@id":"https:\/\/www.fica.unsl.edu.ar\/index.php\/capacitacion-en-extension-estrategias-participativas-de-intervencion\/#primaryimage"},"thumbnailUrl":"https:\/\/www.fica.unsl.edu.ar\/wp-content\/uploads\/2022\/06\/Programa_de_Capacitacion_en_Extension_de_la_UNSL_.png","articleSection":["Noticias"],"inLanguage":"es-AR"},{"@type":"WebPage","@id":"https:\/\/www.fica.unsl.edu.ar\/index.php\/capacitacion-en-extension-estrategias-participativas-de-intervencion\/","url":"https:\/\/www.fica.unsl.edu.ar\/index.php\/capacitacion-en-extension-estrategias-participativas-de-intervencion\/","name":"Capacitaci\u00f3n en Extensi\u00f3n: Estrategias Participativas de Intervenci\u00f3n - Facultad de Ingenier\u00eda y Ciencias Agropecuarias","isPartOf":{"@id":"https:\/\/www.fica.unsl.edu.ar\/#website"},"primaryImageOfPage":{"@id":"https:\/\/www.fica.unsl.edu.ar\/index.php\/capacitacion-en-extension-estrategias-participativas-de-intervencion\/#primaryimage"},"image":{"@id":"https:\/\/www.fica.unsl.edu.ar\/index.php\/capacitacion-en-extension-estrategias-participativas-de-intervencion\/#primaryimage"},"thumbnailUrl":"https:\/\/www.fica.unsl.edu.ar\/wp-content\/uploads\/2022\/06\/Programa_de_Capacitacion_en_Extension_de_la_UNSL_.png","datePublished":"2022-06-01T11:33:44+00:00","dateModified":"2022-06-01T14:35:31+00:00","inLanguage":"es-AR","potentialAction":[{"@type":"ReadAction","target":["https:\/\/www.fica.unsl.edu.ar\/index.php\/capacitacion-en-extension-estrategias-participativas-de-intervencion\/"]}]},{"@type":"ImageObject","inLanguage":"es-AR","@id":"https:\/\/www.fica.unsl.edu.ar\/index.php\/capacitacion-en-extension-estrategias-participativas-de-intervencion\/#primaryimage","url":"https:\/\/www.fica.unsl.edu.ar\/wp-content\/uploads\/2022\/06\/Programa_de_Capacitacion_en_Extension_de_la_UNSL_.png","contentUrl":"https:\/\/www.fica.unsl.edu.ar\/wp-content\/uploads\/2022\/06\/Programa_de_Capacitacion_en_Extension_de_la_UNSL_.png","width":1000,"height":548},{"@type":"WebSite","@id":"https:\/\/www.fica.unsl.edu.ar\/#website","url":"https:\/\/www.fica.unsl.edu.ar\/","name":"Facultad de Ingenier\u00eda y Ciencias Agropecuarias","description":"","publisher":{"@id":"https:\/\/www.fica.unsl.edu.ar\/#organization"},"potentialAction":[{"@type":"SearchAction","target":{"@type":"EntryPoint","urlTemplate":"https:\/\/www.fica.unsl.edu.ar\/?s={search_term_string}"},"query-input":{"@type":"PropertyValueSpecification","valueRequired":true,"valueName":"search_term_string"}}],"inLanguage":"es-AR"},{"@type":"Organization","@id":"https:\/\/www.fica.unsl.edu.ar\/#organization","name":"Facultad de Ingenier\u00eda y Ciencias Agropecuarias","url":"https:\/\/www.fica.unsl.edu.ar\/","logo":{"@type":"ImageObject","inLanguage":"es-AR","@id":"https:\/\/www.fica.unsl.edu.ar\/#\/schema\/logo\/image\/","url":"https:\/\/www.fica.unsl.edu.ar\/wp-content\/uploads\/2021\/03\/LOGO-1.jpg","contentUrl":"https:\/\/www.fica.unsl.edu.ar\/wp-content\/uploads\/2021\/03\/LOGO-1.jpg","width":463,"height":145,"caption":"Facultad de Ingenier\u00eda y Ciencias Agropecuarias"},"image":{"@id":"https:\/\/www.fica.unsl.edu.ar\/#\/schema\/logo\/image\/"},"sameAs":["https:\/\/www.facebook.com\/FICA.UNSL\/","https:\/\/x.com\/FICAUNSL","https:\/\/www.instagram.com\/fica.unsl\/","https:\/\/www.youtube.com\/channel\/UCs2MM53gb2PyBrMySdtWZDQ"]},{"@type":"Person","@id":"https:\/\/www.fica.unsl.edu.ar\/#\/schema\/person\/6058f9c66301868d3a691b1f5d6c3544","name":"DATI"}]}},"_links":{"self":[{"href":"https:\/\/www.fica.unsl.edu.ar\/index.php\/wp-json\/wp\/v2\/posts\/9563","targetHints":{"allow":["GET"]}}],"collection":[{"href":"https:\/\/www.fica.unsl.edu.ar\/index.php\/wp-json\/wp\/v2\/posts"}],"about":[{"href":"https:\/\/www.fica.unsl.edu.ar\/index.php\/wp-json\/wp\/v2\/types\/post"}],"author":[{"embeddable":true,"href":"https:\/\/www.fica.unsl.edu.ar\/index.php\/wp-json\/wp\/v2\/users\/9"}],"replies":[{"embeddable":true,"href":"https:\/\/www.fica.unsl.edu.ar\/index.php\/wp-json\/wp\/v2\/comments?post=9563"}],"version-history":[{"count":1,"href":"https:\/\/www.fica.unsl.edu.ar\/index.php\/wp-json\/wp\/v2\/posts\/9563\/revisions"}],"predecessor-version":[{"id":9565,"href":"https:\/\/www.fica.unsl.edu.ar\/index.php\/wp-json\/wp\/v2\/posts\/9563\/revisions\/9565"}],"wp:featuredmedia":[{"embeddable":true,"href":"https:\/\/www.fica.unsl.edu.ar\/index.php\/wp-json\/wp\/v2\/media\/9564"}],"wp:attachment":[{"href":"https:\/\/www.fica.unsl.edu.ar\/index.php\/wp-json\/wp\/v2\/media?parent=9563"}],"wp:term":[{"taxonomy":"category","embeddable":true,"href":"https:\/\/www.fica.unsl.edu.ar\/index.php\/wp-json\/wp\/v2\/categories?post=9563"},{"taxonomy":"post_tag","embeddable":true,"href":"https:\/\/www.fica.unsl.edu.ar\/index.php\/wp-json\/wp\/v2\/tags?post=9563"}],"curies":[{"name":"wp","href":"https:\/\/api.w.org\/{rel}","templated":true}]}}