{"id":9569,"date":"2022-06-03T09:58:50","date_gmt":"2022-06-03T12:58:50","guid":{"rendered":"http:\/\/10.101.10.196\/www\/?p=9569"},"modified":"2022-06-03T09:58:50","modified_gmt":"2022-06-03T12:58:50","slug":"presentacion-del-informe-de-autoevaluacion-institucional-periodo-2014-2020","status":"publish","type":"post","link":"https:\/\/www.fica.unsl.edu.ar\/index.php\/presentacion-del-informe-de-autoevaluacion-institucional-periodo-2014-2020\/","title":{"rendered":"Presentaci\u00f3n del Informe de Autoevaluaci\u00f3n Institucional Periodo 2014-2020"},"content":{"rendered":"<p>En la \u00faltima reuni\u00f3n de Consejo Directivo, celebrada en el aula 2 del campus durante la ma\u00f1ana del jueves 2 de junio, se llev\u00f3 a cabo la presentaci\u00f3n del Informe de Autoevaluaci\u00f3n Institucional correspondiente al Periodo 2014-2020, a cargo de la Subsecretaria de Acreditaci\u00f3n Desarrollo Institucional Dra. Olinda Gagliardi (Coordinadora Comisi\u00f3n Central de Autoevaluaci\u00f3n Institucional de la UNSL ) y del Coordinador del \u00c1rea Estrat\u00e9gica de Formaci\u00f3n de Ingenieros, Ing. Daniel Morano (Integrante de Comisi\u00f3n Central de Autoevaluaci\u00f3n Institucional por FICA).<\/p>\n<p>La Autoevaluaci\u00f3n Institucional de la UNSL posibilita la construcci\u00f3n colectiva de una visi\u00f3n com\u00fan para la comunidad universitaria a partir de un proceso que busca la participaci\u00f3n y reflexi\u00f3n de los diversos sectores sobre la situaci\u00f3n presente y futura de la Universidad. Este proceso constituye un ejercicio altamente desafiante y movilizador que permite definir sus aspiraciones en forma de grandes objetivos, acompa\u00f1ados de l\u00edneas estrat\u00e9gicas, como ejes orientadores de la toma de decisiones y el desarrollo de proyectos futuros a realizar en la pr\u00f3xima d\u00e9cada.<\/p>\n<p>El Informe de Autoevaluaci\u00f3n Institucional correspondiente al Periodo 2014-2020 se encuentra disponible para su descarga en el sitio web Evaluaci\u00f3n Institucional.<\/p>\n<p><a href=\"https:\/\/acreditacion.unsl.edu.ar\/ei\/?page_id=229\">https:\/\/acreditacion.unsl.edu.ar\/ei\/?page_id=229<\/a><\/p>\n<p><img fetchpriority=\"high\" decoding=\"async\" class=\"aligncenter size-full wp-image-9571\" src=\"https:\/\/www.fica.unsl.edu.ar\/wp-content\/uploads\/2022\/06\/cd-autoevaluacion-04.jpg\" alt=\"\" width=\"1100\" height=\"733\" srcset=\"https:\/\/www.fica.unsl.edu.ar\/wp-content\/uploads\/2022\/06\/cd-autoevaluacion-04.jpg 1100w, https:\/\/www.fica.unsl.edu.ar\/wp-content\/uploads\/2022\/06\/cd-autoevaluacion-04-300x200.jpg 300w, https:\/\/www.fica.unsl.edu.ar\/wp-content\/uploads\/2022\/06\/cd-autoevaluacion-04-1024x682.jpg 1024w, https:\/\/www.fica.unsl.edu.ar\/wp-content\/uploads\/2022\/06\/cd-autoevaluacion-04-768x512.jpg 768w\" sizes=\"(max-width: 1100px) 100vw, 1100px\" \/><\/p>\n<p><strong>PROCESO DE ACREDITACI\u00d3N PARA LAS CARRERAS DE INGENIER\u00cdA DE LA FICA<\/strong><\/p>\n<p>A continuaci\u00f3n de la presentaci\u00f3n de la Dra. Gagliardi, el Coordinador del \u00c1rea Estrat\u00e9gica de Formaci\u00f3n de Ingenieros, Ing. Daniel Morano inform\u00f3 sobre el estado del proceso de acreditaci\u00f3n para las carreras de ingenier\u00eda de la FICA. Este proceso es desarrollado por Morano, el Secretario de Planeamiento Ing. Javier Carletto y la Secretar\u00eda Acad\u00e9mica Ing. Patricia Gimeno.<\/p>\n<p>En esta reuni\u00f3n de Consejo Directivo participaron Secretarios y Coordinadores de Gesti\u00f3n; Consejeros Superiores (actuales y electos); Consejeros Directivos (electos), Directores de Departamento (actuales y electos), Consejeros Departamentales (actuales y electos), Coordinadores de \u00c1rea, Directores y Coordinadores de Carrera, Comisiones de Carreras e integrantes de la comunidad universitaria.<\/p>\n","protected":false},"excerpt":{"rendered":"<p>En la \u00faltima reuni\u00f3n de Consejo Directivo, celebrada en el aula 2 del campus durante la ma\u00f1ana del jueves 2 de junio, se llev\u00f3 a&hellip;<\/p>\n","protected":false},"author":9,"featured_media":9570,"comment_status":"closed","ping_status":"closed","sticky":false,"template":"","format":"standard","meta":{"_monsterinsights_skip_tracking":false,"_monsterinsights_sitenote_active":false,"_monsterinsights_sitenote_note":"","_monsterinsights_sitenote_category":0,"_joinchat":[],"footnotes":""},"categories":[19],"tags":[],"class_list":["post-9569","post","type-post","status-publish","format-standard","has-post-thumbnail","hentry","category-noticias"],"yoast_head":"<!-- This site is optimized with the Yoast SEO plugin v27.4 - https:\/\/yoast.com\/product\/yoast-seo-wordpress\/ -->\n<title>Presentaci\u00f3n del Informe de Autoevaluaci\u00f3n Institucional Periodo 2014-2020 - Facultad de Ingenier\u00eda y Ciencias Agropecuarias<\/title>\n<meta name=\"robots\" content=\"index, follow, max-snippet:-1, max-image-preview:large, max-video-preview:-1\" \/>\n<link rel=\"canonical\" href=\"https:\/\/www.fica.unsl.edu.ar\/index.php\/presentacion-del-informe-de-autoevaluacion-institucional-periodo-2014-2020\/\" \/>\n<meta property=\"og:locale\" content=\"es_ES\" \/>\n<meta property=\"og:type\" content=\"article\" \/>\n<meta property=\"og:title\" content=\"Presentaci\u00f3n del Informe de Autoevaluaci\u00f3n Institucional Periodo 2014-2020 - Facultad de Ingenier\u00eda y Ciencias Agropecuarias\" \/>\n<meta property=\"og:description\" content=\"En la \u00faltima reuni\u00f3n de Consejo Directivo, celebrada en el aula 2 del campus durante la ma\u00f1ana del jueves 2 de junio, se llev\u00f3 a&hellip;\" \/>\n<meta property=\"og:url\" content=\"https:\/\/www.fica.unsl.edu.ar\/index.php\/presentacion-del-informe-de-autoevaluacion-institucional-periodo-2014-2020\/\" \/>\n<meta property=\"og:site_name\" content=\"Facultad de Ingenier\u00eda y Ciencias Agropecuarias\" \/>\n<meta property=\"article:publisher\" content=\"https:\/\/www.facebook.com\/FICA.UNSL\/\" \/>\n<meta property=\"article:published_time\" content=\"2022-06-03T12:58:50+00:00\" \/>\n<meta property=\"og:image\" content=\"https:\/\/www.fica.unsl.edu.ar\/wp-content\/uploads\/2022\/06\/cd-autoevaluacion-02.jpg\" \/>\n\t<meta property=\"og:image:width\" content=\"1100\" \/>\n\t<meta property=\"og:image:height\" content=\"733\" \/>\n\t<meta property=\"og:image:type\" content=\"image\/jpeg\" \/>\n<meta name=\"author\" content=\"DATI\" \/>\n<meta name=\"twitter:card\" content=\"summary_large_image\" \/>\n<meta name=\"twitter:creator\" content=\"@FICAUNSL\" \/>\n<meta name=\"twitter:site\" content=\"@FICAUNSL\" \/>\n<meta name=\"twitter:label1\" content=\"Escrito por\" \/>\n\t<meta name=\"twitter:data1\" content=\"DATI\" \/>\n\t<meta name=\"twitter:label2\" content=\"Tiempo de lectura\" \/>\n\t<meta name=\"twitter:data2\" content=\"2 minutos\" \/>\n<script type=\"application\/ld+json\" class=\"yoast-schema-graph\">{\"@context\":\"https:\\\/\\\/schema.org\",\"@graph\":[{\"@type\":\"Article\",\"@id\":\"https:\\\/\\\/www.fica.unsl.edu.ar\\\/index.php\\\/presentacion-del-informe-de-autoevaluacion-institucional-periodo-2014-2020\\\/#article\",\"isPartOf\":{\"@id\":\"https:\\\/\\\/www.fica.unsl.edu.ar\\\/index.php\\\/presentacion-del-informe-de-autoevaluacion-institucional-periodo-2014-2020\\\/\"},\"author\":{\"name\":\"DATI\",\"@id\":\"https:\\\/\\\/www.fica.unsl.edu.ar\\\/#\\\/schema\\\/person\\\/6058f9c66301868d3a691b1f5d6c3544\"},\"headline\":\"Presentaci\u00f3n del Informe de Autoevaluaci\u00f3n Institucional Periodo 2014-2020\",\"datePublished\":\"2022-06-03T12:58:50+00:00\",\"mainEntityOfPage\":{\"@id\":\"https:\\\/\\\/www.fica.unsl.edu.ar\\\/index.php\\\/presentacion-del-informe-de-autoevaluacion-institucional-periodo-2014-2020\\\/\"},\"wordCount\":355,\"publisher\":{\"@id\":\"https:\\\/\\\/www.fica.unsl.edu.ar\\\/#organization\"},\"image\":{\"@id\":\"https:\\\/\\\/www.fica.unsl.edu.ar\\\/index.php\\\/presentacion-del-informe-de-autoevaluacion-institucional-periodo-2014-2020\\\/#primaryimage\"},\"thumbnailUrl\":\"https:\\\/\\\/www.fica.unsl.edu.ar\\\/wp-content\\\/uploads\\\/2022\\\/06\\\/cd-autoevaluacion-02.jpg\",\"articleSection\":[\"Noticias\"],\"inLanguage\":\"es-AR\"},{\"@type\":\"WebPage\",\"@id\":\"https:\\\/\\\/www.fica.unsl.edu.ar\\\/index.php\\\/presentacion-del-informe-de-autoevaluacion-institucional-periodo-2014-2020\\\/\",\"url\":\"https:\\\/\\\/www.fica.unsl.edu.ar\\\/index.php\\\/presentacion-del-informe-de-autoevaluacion-institucional-periodo-2014-2020\\\/\",\"name\":\"Presentaci\u00f3n del Informe de Autoevaluaci\u00f3n Institucional Periodo 2014-2020 - Facultad de Ingenier\u00eda y Ciencias Agropecuarias\",\"isPartOf\":{\"@id\":\"https:\\\/\\\/www.fica.unsl.edu.ar\\\/#website\"},\"primaryImageOfPage\":{\"@id\":\"https:\\\/\\\/www.fica.unsl.edu.ar\\\/index.php\\\/presentacion-del-informe-de-autoevaluacion-institucional-periodo-2014-2020\\\/#primaryimage\"},\"image\":{\"@id\":\"https:\\\/\\\/www.fica.unsl.edu.ar\\\/index.php\\\/presentacion-del-informe-de-autoevaluacion-institucional-periodo-2014-2020\\\/#primaryimage\"},\"thumbnailUrl\":\"https:\\\/\\\/www.fica.unsl.edu.ar\\\/wp-content\\\/uploads\\\/2022\\\/06\\\/cd-autoevaluacion-02.jpg\",\"datePublished\":\"2022-06-03T12:58:50+00:00\",\"inLanguage\":\"es-AR\",\"potentialAction\":[{\"@type\":\"ReadAction\",\"target\":[\"https:\\\/\\\/www.fica.unsl.edu.ar\\\/index.php\\\/presentacion-del-informe-de-autoevaluacion-institucional-periodo-2014-2020\\\/\"]}]},{\"@type\":\"ImageObject\",\"inLanguage\":\"es-AR\",\"@id\":\"https:\\\/\\\/www.fica.unsl.edu.ar\\\/index.php\\\/presentacion-del-informe-de-autoevaluacion-institucional-periodo-2014-2020\\\/#primaryimage\",\"url\":\"https:\\\/\\\/www.fica.unsl.edu.ar\\\/wp-content\\\/uploads\\\/2022\\\/06\\\/cd-autoevaluacion-02.jpg\",\"contentUrl\":\"https:\\\/\\\/www.fica.unsl.edu.ar\\\/wp-content\\\/uploads\\\/2022\\\/06\\\/cd-autoevaluacion-02.jpg\",\"width\":1100,\"height\":733},{\"@type\":\"WebSite\",\"@id\":\"https:\\\/\\\/www.fica.unsl.edu.ar\\\/#website\",\"url\":\"https:\\\/\\\/www.fica.unsl.edu.ar\\\/\",\"name\":\"Facultad de Ingenier\u00eda y Ciencias Agropecuarias\",\"description\":\"\",\"publisher\":{\"@id\":\"https:\\\/\\\/www.fica.unsl.edu.ar\\\/#organization\"},\"potentialAction\":[{\"@type\":\"SearchAction\",\"target\":{\"@type\":\"EntryPoint\",\"urlTemplate\":\"https:\\\/\\\/www.fica.unsl.edu.ar\\\/?s={search_term_string}\"},\"query-input\":{\"@type\":\"PropertyValueSpecification\",\"valueRequired\":true,\"valueName\":\"search_term_string\"}}],\"inLanguage\":\"es-AR\"},{\"@type\":\"Organization\",\"@id\":\"https:\\\/\\\/www.fica.unsl.edu.ar\\\/#organization\",\"name\":\"Facultad de Ingenier\u00eda y Ciencias Agropecuarias\",\"url\":\"https:\\\/\\\/www.fica.unsl.edu.ar\\\/\",\"logo\":{\"@type\":\"ImageObject\",\"inLanguage\":\"es-AR\",\"@id\":\"https:\\\/\\\/www.fica.unsl.edu.ar\\\/#\\\/schema\\\/logo\\\/image\\\/\",\"url\":\"https:\\\/\\\/www.fica.unsl.edu.ar\\\/wp-content\\\/uploads\\\/2021\\\/03\\\/LOGO-1.jpg\",\"contentUrl\":\"https:\\\/\\\/www.fica.unsl.edu.ar\\\/wp-content\\\/uploads\\\/2021\\\/03\\\/LOGO-1.jpg\",\"width\":463,\"height\":145,\"caption\":\"Facultad de Ingenier\u00eda y Ciencias Agropecuarias\"},\"image\":{\"@id\":\"https:\\\/\\\/www.fica.unsl.edu.ar\\\/#\\\/schema\\\/logo\\\/image\\\/\"},\"sameAs\":[\"https:\\\/\\\/www.facebook.com\\\/FICA.UNSL\\\/\",\"https:\\\/\\\/x.com\\\/FICAUNSL\",\"https:\\\/\\\/www.instagram.com\\\/fica.unsl\\\/\",\"https:\\\/\\\/www.youtube.com\\\/channel\\\/UCs2MM53gb2PyBrMySdtWZDQ\"]},{\"@type\":\"Person\",\"@id\":\"https:\\\/\\\/www.fica.unsl.edu.ar\\\/#\\\/schema\\\/person\\\/6058f9c66301868d3a691b1f5d6c3544\",\"name\":\"DATI\"}]}<\/script>\n<!-- \/ Yoast SEO plugin. -->","yoast_head_json":{"title":"Presentaci\u00f3n del Informe de Autoevaluaci\u00f3n Institucional Periodo 2014-2020 - Facultad de Ingenier\u00eda y Ciencias Agropecuarias","robots":{"index":"index","follow":"follow","max-snippet":"max-snippet:-1","max-image-preview":"max-image-preview:large","max-video-preview":"max-video-preview:-1"},"canonical":"https:\/\/www.fica.unsl.edu.ar\/index.php\/presentacion-del-informe-de-autoevaluacion-institucional-periodo-2014-2020\/","og_locale":"es_ES","og_type":"article","og_title":"Presentaci\u00f3n del Informe de Autoevaluaci\u00f3n Institucional Periodo 2014-2020 - Facultad de Ingenier\u00eda y Ciencias Agropecuarias","og_description":"En la \u00faltima reuni\u00f3n de Consejo Directivo, celebrada en el aula 2 del campus durante la ma\u00f1ana del jueves 2 de junio, se llev\u00f3 a&hellip;","og_url":"https:\/\/www.fica.unsl.edu.ar\/index.php\/presentacion-del-informe-de-autoevaluacion-institucional-periodo-2014-2020\/","og_site_name":"Facultad de Ingenier\u00eda y Ciencias Agropecuarias","article_publisher":"https:\/\/www.facebook.com\/FICA.UNSL\/","article_published_time":"2022-06-03T12:58:50+00:00","og_image":[{"width":1100,"height":733,"url":"https:\/\/www.fica.unsl.edu.ar\/wp-content\/uploads\/2022\/06\/cd-autoevaluacion-02.jpg","type":"image\/jpeg"}],"author":"DATI","twitter_card":"summary_large_image","twitter_creator":"@FICAUNSL","twitter_site":"@FICAUNSL","twitter_misc":{"Escrito por":"DATI","Tiempo de lectura":"2 minutos"},"schema":{"@context":"https:\/\/schema.org","@graph":[{"@type":"Article","@id":"https:\/\/www.fica.unsl.edu.ar\/index.php\/presentacion-del-informe-de-autoevaluacion-institucional-periodo-2014-2020\/#article","isPartOf":{"@id":"https:\/\/www.fica.unsl.edu.ar\/index.php\/presentacion-del-informe-de-autoevaluacion-institucional-periodo-2014-2020\/"},"author":{"name":"DATI","@id":"https:\/\/www.fica.unsl.edu.ar\/#\/schema\/person\/6058f9c66301868d3a691b1f5d6c3544"},"headline":"Presentaci\u00f3n del Informe de Autoevaluaci\u00f3n Institucional Periodo 2014-2020","datePublished":"2022-06-03T12:58:50+00:00","mainEntityOfPage":{"@id":"https:\/\/www.fica.unsl.edu.ar\/index.php\/presentacion-del-informe-de-autoevaluacion-institucional-periodo-2014-2020\/"},"wordCount":355,"publisher":{"@id":"https:\/\/www.fica.unsl.edu.ar\/#organization"},"image":{"@id":"https:\/\/www.fica.unsl.edu.ar\/index.php\/presentacion-del-informe-de-autoevaluacion-institucional-periodo-2014-2020\/#primaryimage"},"thumbnailUrl":"https:\/\/www.fica.unsl.edu.ar\/wp-content\/uploads\/2022\/06\/cd-autoevaluacion-02.jpg","articleSection":["Noticias"],"inLanguage":"es-AR"},{"@type":"WebPage","@id":"https:\/\/www.fica.unsl.edu.ar\/index.php\/presentacion-del-informe-de-autoevaluacion-institucional-periodo-2014-2020\/","url":"https:\/\/www.fica.unsl.edu.ar\/index.php\/presentacion-del-informe-de-autoevaluacion-institucional-periodo-2014-2020\/","name":"Presentaci\u00f3n del Informe de Autoevaluaci\u00f3n Institucional Periodo 2014-2020 - Facultad de Ingenier\u00eda y Ciencias Agropecuarias","isPartOf":{"@id":"https:\/\/www.fica.unsl.edu.ar\/#website"},"primaryImageOfPage":{"@id":"https:\/\/www.fica.unsl.edu.ar\/index.php\/presentacion-del-informe-de-autoevaluacion-institucional-periodo-2014-2020\/#primaryimage"},"image":{"@id":"https:\/\/www.fica.unsl.edu.ar\/index.php\/presentacion-del-informe-de-autoevaluacion-institucional-periodo-2014-2020\/#primaryimage"},"thumbnailUrl":"https:\/\/www.fica.unsl.edu.ar\/wp-content\/uploads\/2022\/06\/cd-autoevaluacion-02.jpg","datePublished":"2022-06-03T12:58:50+00:00","inLanguage":"es-AR","potentialAction":[{"@type":"ReadAction","target":["https:\/\/www.fica.unsl.edu.ar\/index.php\/presentacion-del-informe-de-autoevaluacion-institucional-periodo-2014-2020\/"]}]},{"@type":"ImageObject","inLanguage":"es-AR","@id":"https:\/\/www.fica.unsl.edu.ar\/index.php\/presentacion-del-informe-de-autoevaluacion-institucional-periodo-2014-2020\/#primaryimage","url":"https:\/\/www.fica.unsl.edu.ar\/wp-content\/uploads\/2022\/06\/cd-autoevaluacion-02.jpg","contentUrl":"https:\/\/www.fica.unsl.edu.ar\/wp-content\/uploads\/2022\/06\/cd-autoevaluacion-02.jpg","width":1100,"height":733},{"@type":"WebSite","@id":"https:\/\/www.fica.unsl.edu.ar\/#website","url":"https:\/\/www.fica.unsl.edu.ar\/","name":"Facultad de Ingenier\u00eda y Ciencias Agropecuarias","description":"","publisher":{"@id":"https:\/\/www.fica.unsl.edu.ar\/#organization"},"potentialAction":[{"@type":"SearchAction","target":{"@type":"EntryPoint","urlTemplate":"https:\/\/www.fica.unsl.edu.ar\/?s={search_term_string}"},"query-input":{"@type":"PropertyValueSpecification","valueRequired":true,"valueName":"search_term_string"}}],"inLanguage":"es-AR"},{"@type":"Organization","@id":"https:\/\/www.fica.unsl.edu.ar\/#organization","name":"Facultad de Ingenier\u00eda y Ciencias Agropecuarias","url":"https:\/\/www.fica.unsl.edu.ar\/","logo":{"@type":"ImageObject","inLanguage":"es-AR","@id":"https:\/\/www.fica.unsl.edu.ar\/#\/schema\/logo\/image\/","url":"https:\/\/www.fica.unsl.edu.ar\/wp-content\/uploads\/2021\/03\/LOGO-1.jpg","contentUrl":"https:\/\/www.fica.unsl.edu.ar\/wp-content\/uploads\/2021\/03\/LOGO-1.jpg","width":463,"height":145,"caption":"Facultad de Ingenier\u00eda y Ciencias Agropecuarias"},"image":{"@id":"https:\/\/www.fica.unsl.edu.ar\/#\/schema\/logo\/image\/"},"sameAs":["https:\/\/www.facebook.com\/FICA.UNSL\/","https:\/\/x.com\/FICAUNSL","https:\/\/www.instagram.com\/fica.unsl\/","https:\/\/www.youtube.com\/channel\/UCs2MM53gb2PyBrMySdtWZDQ"]},{"@type":"Person","@id":"https:\/\/www.fica.unsl.edu.ar\/#\/schema\/person\/6058f9c66301868d3a691b1f5d6c3544","name":"DATI"}]}},"_links":{"self":[{"href":"https:\/\/www.fica.unsl.edu.ar\/index.php\/wp-json\/wp\/v2\/posts\/9569","targetHints":{"allow":["GET"]}}],"collection":[{"href":"https:\/\/www.fica.unsl.edu.ar\/index.php\/wp-json\/wp\/v2\/posts"}],"about":[{"href":"https:\/\/www.fica.unsl.edu.ar\/index.php\/wp-json\/wp\/v2\/types\/post"}],"author":[{"embeddable":true,"href":"https:\/\/www.fica.unsl.edu.ar\/index.php\/wp-json\/wp\/v2\/users\/9"}],"replies":[{"embeddable":true,"href":"https:\/\/www.fica.unsl.edu.ar\/index.php\/wp-json\/wp\/v2\/comments?post=9569"}],"version-history":[{"count":5,"href":"https:\/\/www.fica.unsl.edu.ar\/index.php\/wp-json\/wp\/v2\/posts\/9569\/revisions"}],"predecessor-version":[{"id":9579,"href":"https:\/\/www.fica.unsl.edu.ar\/index.php\/wp-json\/wp\/v2\/posts\/9569\/revisions\/9579"}],"wp:featuredmedia":[{"embeddable":true,"href":"https:\/\/www.fica.unsl.edu.ar\/index.php\/wp-json\/wp\/v2\/media\/9570"}],"wp:attachment":[{"href":"https:\/\/www.fica.unsl.edu.ar\/index.php\/wp-json\/wp\/v2\/media?parent=9569"}],"wp:term":[{"taxonomy":"category","embeddable":true,"href":"https:\/\/www.fica.unsl.edu.ar\/index.php\/wp-json\/wp\/v2\/categories?post=9569"},{"taxonomy":"post_tag","embeddable":true,"href":"https:\/\/www.fica.unsl.edu.ar\/index.php\/wp-json\/wp\/v2\/tags?post=9569"}],"curies":[{"name":"wp","href":"https:\/\/api.w.org\/{rel}","templated":true}]}}