{"id":9585,"date":"2022-06-03T11:42:27","date_gmt":"2022-06-03T14:42:27","guid":{"rendered":"http:\/\/10.101.10.196\/www\/?p=9585"},"modified":"2022-06-03T11:42:27","modified_gmt":"2022-06-03T14:42:27","slug":"organizan-un-conversatorio-para-abordar-problematicas-socioambientales","status":"publish","type":"post","link":"https:\/\/www.fica.unsl.edu.ar\/index.php\/organizan-un-conversatorio-para-abordar-problematicas-socioambientales\/","title":{"rendered":"Organizan un conversatorio para abordar problem\u00e1ticas socioambientales"},"content":{"rendered":"<p><strong>La actividad se titula:\u00a0<\/strong><em><strong>Problem\u00e1ticas socioambientales: abordajes e intervenciones en el territorio\u00a0<\/strong><\/em><strong>y es organizada por el Programa Institucional Transdisciplinario Socio Ambiental (PITSA) en torno al D\u00eda Mundial del Medio Ambiente.<\/strong><\/p>\n<p>El Conversatorio se realizar\u00e1 el\u00a0<strong>6 de junio<\/strong>\u00a0a las\u00a0<strong>10:00 horas<\/strong>\u00a0en el Microcine de la UNSL. Participar\u00e1n cuatro (4) expositores quienes expondr\u00e1n sus\u00a0testimonios y aportes en torno a las intervenciones y trabajo que realizan en el territorio desde una perspectiva de vinculaci\u00f3n social y ambiental.<\/p>\n<p>El encuentro ser\u00e1 presencial y transmitido a toda la comunidad a trav\u00e9s del\u00a0<a href=\"https:\/\/www.youtube.com\/watch?v=QfWIcBwLkUg\">canal de YouTube de UNSL TV<\/a>, y contar\u00e1 con la moderaci\u00f3n de integrantes de la comisi\u00f3n de difusi\u00f3n del PITSA.\u00a0<a href=\"https:\/\/docs.google.com\/forms\/d\/e\/1FAIpQLSdQzF_u8cUkglSu0TC762nvdTlpyYlsO3LxFQmHa4-FU6bIww\/viewform\">Se requiere de inscripci\u00f3n previa<\/a>.<\/p>\n<p>El Programa Institucional Transdisciplinario Socio Ambiental de la Universidad Nacional de San Luis (PITSA) se propone abordar la dimensi\u00f3n socioambiental en y desde la UNSL e implementar estrategias para la articulaci\u00f3n de acciones e iniciativas vigentes, as\u00ed como\u00a0proponer la creaci\u00f3n y vinculaci\u00f3n de nuevas propuestas socioambientales.<\/p>\n<figure class=\"wp-block-image\"><img decoding=\"async\" class=\"wp-image-69902\" src=\"https:\/\/www.noticias.unsl.edu.ar\/wp-content\/uploads\/2022\/06\/flyer-CONVERSATORIO-Problem%C3%A0ticas-Junio-2022.png\" sizes=\"(max-width: 707px) 100vw, 707px\" srcset=\"https:\/\/www.noticias.unsl.edu.ar\/wp-content\/uploads\/2022\/06\/flyer-CONVERSATORIO-Problem\u00e0ticas-Junio-2022.png 707w, https:\/\/www.noticias.unsl.edu.ar\/wp-content\/uploads\/2022\/06\/flyer-CONVERSATORIO-Problem\u00e0ticas-Junio-2022-212x300.png 212w\" alt=\"\" \/><\/figure>\n<p>Paralelamente tiene como objetivo desarrollar acciones en torno a cuatro (4) pilares: generaci\u00f3n de informaci\u00f3n y\u00a0monitoreo de aspectos socioambientales; acompa\u00f1amiento, asesor\u00eda y consultor\u00eda; ambientalizaci\u00f3n del curr\u00edculum universitario; y formaci\u00f3n y capacitaci\u00f3n.<\/p>\n<p>Expondr\u00e1n:<\/p>\n<p><strong>Gustavo Cejas\u00a0<\/strong>de la Asociaci\u00f3n Civil\u00a0<em>La Poderosa<\/em>, sobre: Problemas ambientales en el barrio La Rep\u00fablica: estado de situaci\u00f3n y nuevos desaf\u00edos.<\/p>\n<p><strong>Pamela Mackey<\/strong>\u00a0del Frente Popular Dario Santill\u00e1n, sobre: Conflictos socio-ambientales en el Valle del Conlara y costa de los comechingones: experiencias de resistencia en el territorio.<\/p>\n<p><strong>Daniel Lozza<\/strong>\u00a0de la C\u00e1tedra Libre de Salud Colectiva, Salud Comunitaria del Buen Vivir\u00a0<em>Subsanando desigualdades<\/em>, sobre: Cambios en las formas de enfermar y morir vinculado a la crisis civilizatoria: estrategias populares para enfrentarlo.<\/p>\n<p><strong>Bernardo Figueroa Garro\u00a0<\/strong>de la C\u00e1tedra de Soberan\u00eda Alimentaria y Bio\u00e9tica del Sur, sobre: La crisis socio ambiental en los medios de comunicaci\u00f3n .<\/p>\n<p>Acced\u00e9 al\u00a0<a href=\"https:\/\/docs.google.com\/forms\/d\/e\/1FAIpQLSdQzF_u8cUkglSu0TC762nvdTlpyYlsO3LxFQmHa4-FU6bIww\/viewform\">formulario de inscripci\u00f3n<\/a>.<\/p>\n<p>Imagen extra\u00edda de la web<\/p>\n","protected":false},"excerpt":{"rendered":"<p>La actividad se titula:\u00a0Problem\u00e1ticas socioambientales: abordajes e intervenciones en el territorio\u00a0y es organizada por el Programa Institucional Transdisciplinario Socio Ambiental (PITSA) en torno al D\u00eda&hellip;<\/p>\n","protected":false},"author":9,"featured_media":9587,"comment_status":"closed","ping_status":"closed","sticky":false,"template":"","format":"standard","meta":{"_monsterinsights_skip_tracking":false,"_monsterinsights_sitenote_active":false,"_monsterinsights_sitenote_note":"","_monsterinsights_sitenote_category":0,"_joinchat":[],"footnotes":""},"categories":[19],"tags":[],"class_list":["post-9585","post","type-post","status-publish","format-standard","has-post-thumbnail","hentry","category-noticias"],"yoast_head":"<!-- This site is optimized with the Yoast SEO plugin v27.4 - https:\/\/yoast.com\/product\/yoast-seo-wordpress\/ -->\n<title>Organizan un conversatorio para abordar problem\u00e1ticas socioambientales - Facultad de Ingenier\u00eda y Ciencias Agropecuarias<\/title>\n<meta name=\"robots\" content=\"index, follow, max-snippet:-1, max-image-preview:large, max-video-preview:-1\" \/>\n<link rel=\"canonical\" href=\"https:\/\/www.fica.unsl.edu.ar\/index.php\/organizan-un-conversatorio-para-abordar-problematicas-socioambientales\/\" \/>\n<meta property=\"og:locale\" content=\"es_ES\" \/>\n<meta property=\"og:type\" content=\"article\" \/>\n<meta property=\"og:title\" content=\"Organizan un conversatorio para abordar problem\u00e1ticas socioambientales - Facultad de Ingenier\u00eda y Ciencias Agropecuarias\" \/>\n<meta property=\"og:description\" content=\"La actividad se titula:\u00a0Problem\u00e1ticas socioambientales: abordajes e intervenciones en el territorio\u00a0y es organizada por el Programa Institucional Transdisciplinario Socio Ambiental (PITSA) en torno al D\u00eda&hellip;\" \/>\n<meta property=\"og:url\" content=\"https:\/\/www.fica.unsl.edu.ar\/index.php\/organizan-un-conversatorio-para-abordar-problematicas-socioambientales\/\" \/>\n<meta property=\"og:site_name\" content=\"Facultad de Ingenier\u00eda y Ciencias Agropecuarias\" \/>\n<meta property=\"article:publisher\" content=\"https:\/\/www.facebook.com\/FICA.UNSL\/\" \/>\n<meta property=\"article:published_time\" content=\"2022-06-03T14:42:27+00:00\" \/>\n<meta property=\"og:image\" content=\"https:\/\/www.fica.unsl.edu.ar\/wp-content\/uploads\/2022\/06\/IMG_WEB.jpg\" \/>\n\t<meta property=\"og:image:width\" content=\"1000\" \/>\n\t<meta property=\"og:image:height\" content=\"497\" \/>\n\t<meta property=\"og:image:type\" content=\"image\/jpeg\" \/>\n<meta name=\"author\" content=\"DATI\" \/>\n<meta name=\"twitter:card\" content=\"summary_large_image\" \/>\n<meta name=\"twitter:creator\" content=\"@FICAUNSL\" \/>\n<meta name=\"twitter:site\" content=\"@FICAUNSL\" \/>\n<meta name=\"twitter:label1\" content=\"Escrito por\" \/>\n\t<meta name=\"twitter:data1\" content=\"DATI\" \/>\n\t<meta name=\"twitter:label2\" content=\"Tiempo de lectura\" \/>\n\t<meta name=\"twitter:data2\" content=\"2 minutos\" \/>\n<script type=\"application\/ld+json\" class=\"yoast-schema-graph\">{\"@context\":\"https:\\\/\\\/schema.org\",\"@graph\":[{\"@type\":\"Article\",\"@id\":\"https:\\\/\\\/www.fica.unsl.edu.ar\\\/index.php\\\/organizan-un-conversatorio-para-abordar-problematicas-socioambientales\\\/#article\",\"isPartOf\":{\"@id\":\"https:\\\/\\\/www.fica.unsl.edu.ar\\\/index.php\\\/organizan-un-conversatorio-para-abordar-problematicas-socioambientales\\\/\"},\"author\":{\"name\":\"DATI\",\"@id\":\"https:\\\/\\\/www.fica.unsl.edu.ar\\\/#\\\/schema\\\/person\\\/6058f9c66301868d3a691b1f5d6c3544\"},\"headline\":\"Organizan un conversatorio para abordar problem\u00e1ticas socioambientales\",\"datePublished\":\"2022-06-03T14:42:27+00:00\",\"mainEntityOfPage\":{\"@id\":\"https:\\\/\\\/www.fica.unsl.edu.ar\\\/index.php\\\/organizan-un-conversatorio-para-abordar-problematicas-socioambientales\\\/\"},\"wordCount\":352,\"publisher\":{\"@id\":\"https:\\\/\\\/www.fica.unsl.edu.ar\\\/#organization\"},\"image\":{\"@id\":\"https:\\\/\\\/www.fica.unsl.edu.ar\\\/index.php\\\/organizan-un-conversatorio-para-abordar-problematicas-socioambientales\\\/#primaryimage\"},\"thumbnailUrl\":\"https:\\\/\\\/www.fica.unsl.edu.ar\\\/wp-content\\\/uploads\\\/2022\\\/06\\\/IMG_WEB.jpg\",\"articleSection\":[\"Noticias\"],\"inLanguage\":\"es-AR\"},{\"@type\":\"WebPage\",\"@id\":\"https:\\\/\\\/www.fica.unsl.edu.ar\\\/index.php\\\/organizan-un-conversatorio-para-abordar-problematicas-socioambientales\\\/\",\"url\":\"https:\\\/\\\/www.fica.unsl.edu.ar\\\/index.php\\\/organizan-un-conversatorio-para-abordar-problematicas-socioambientales\\\/\",\"name\":\"Organizan un conversatorio para abordar problem\u00e1ticas socioambientales - Facultad de Ingenier\u00eda y Ciencias Agropecuarias\",\"isPartOf\":{\"@id\":\"https:\\\/\\\/www.fica.unsl.edu.ar\\\/#website\"},\"primaryImageOfPage\":{\"@id\":\"https:\\\/\\\/www.fica.unsl.edu.ar\\\/index.php\\\/organizan-un-conversatorio-para-abordar-problematicas-socioambientales\\\/#primaryimage\"},\"image\":{\"@id\":\"https:\\\/\\\/www.fica.unsl.edu.ar\\\/index.php\\\/organizan-un-conversatorio-para-abordar-problematicas-socioambientales\\\/#primaryimage\"},\"thumbnailUrl\":\"https:\\\/\\\/www.fica.unsl.edu.ar\\\/wp-content\\\/uploads\\\/2022\\\/06\\\/IMG_WEB.jpg\",\"datePublished\":\"2022-06-03T14:42:27+00:00\",\"inLanguage\":\"es-AR\",\"potentialAction\":[{\"@type\":\"ReadAction\",\"target\":[\"https:\\\/\\\/www.fica.unsl.edu.ar\\\/index.php\\\/organizan-un-conversatorio-para-abordar-problematicas-socioambientales\\\/\"]}]},{\"@type\":\"ImageObject\",\"inLanguage\":\"es-AR\",\"@id\":\"https:\\\/\\\/www.fica.unsl.edu.ar\\\/index.php\\\/organizan-un-conversatorio-para-abordar-problematicas-socioambientales\\\/#primaryimage\",\"url\":\"https:\\\/\\\/www.fica.unsl.edu.ar\\\/wp-content\\\/uploads\\\/2022\\\/06\\\/IMG_WEB.jpg\",\"contentUrl\":\"https:\\\/\\\/www.fica.unsl.edu.ar\\\/wp-content\\\/uploads\\\/2022\\\/06\\\/IMG_WEB.jpg\",\"width\":1000,\"height\":497},{\"@type\":\"WebSite\",\"@id\":\"https:\\\/\\\/www.fica.unsl.edu.ar\\\/#website\",\"url\":\"https:\\\/\\\/www.fica.unsl.edu.ar\\\/\",\"name\":\"Facultad de Ingenier\u00eda y Ciencias Agropecuarias\",\"description\":\"\",\"publisher\":{\"@id\":\"https:\\\/\\\/www.fica.unsl.edu.ar\\\/#organization\"},\"potentialAction\":[{\"@type\":\"SearchAction\",\"target\":{\"@type\":\"EntryPoint\",\"urlTemplate\":\"https:\\\/\\\/www.fica.unsl.edu.ar\\\/?s={search_term_string}\"},\"query-input\":{\"@type\":\"PropertyValueSpecification\",\"valueRequired\":true,\"valueName\":\"search_term_string\"}}],\"inLanguage\":\"es-AR\"},{\"@type\":\"Organization\",\"@id\":\"https:\\\/\\\/www.fica.unsl.edu.ar\\\/#organization\",\"name\":\"Facultad de Ingenier\u00eda y Ciencias Agropecuarias\",\"url\":\"https:\\\/\\\/www.fica.unsl.edu.ar\\\/\",\"logo\":{\"@type\":\"ImageObject\",\"inLanguage\":\"es-AR\",\"@id\":\"https:\\\/\\\/www.fica.unsl.edu.ar\\\/#\\\/schema\\\/logo\\\/image\\\/\",\"url\":\"https:\\\/\\\/www.fica.unsl.edu.ar\\\/wp-content\\\/uploads\\\/2021\\\/03\\\/LOGO-1.jpg\",\"contentUrl\":\"https:\\\/\\\/www.fica.unsl.edu.ar\\\/wp-content\\\/uploads\\\/2021\\\/03\\\/LOGO-1.jpg\",\"width\":463,\"height\":145,\"caption\":\"Facultad de Ingenier\u00eda y Ciencias Agropecuarias\"},\"image\":{\"@id\":\"https:\\\/\\\/www.fica.unsl.edu.ar\\\/#\\\/schema\\\/logo\\\/image\\\/\"},\"sameAs\":[\"https:\\\/\\\/www.facebook.com\\\/FICA.UNSL\\\/\",\"https:\\\/\\\/x.com\\\/FICAUNSL\",\"https:\\\/\\\/www.instagram.com\\\/fica.unsl\\\/\",\"https:\\\/\\\/www.youtube.com\\\/channel\\\/UCs2MM53gb2PyBrMySdtWZDQ\"]},{\"@type\":\"Person\",\"@id\":\"https:\\\/\\\/www.fica.unsl.edu.ar\\\/#\\\/schema\\\/person\\\/6058f9c66301868d3a691b1f5d6c3544\",\"name\":\"DATI\"}]}<\/script>\n<!-- \/ Yoast SEO plugin. -->","yoast_head_json":{"title":"Organizan un conversatorio para abordar problem\u00e1ticas socioambientales - Facultad de Ingenier\u00eda y Ciencias Agropecuarias","robots":{"index":"index","follow":"follow","max-snippet":"max-snippet:-1","max-image-preview":"max-image-preview:large","max-video-preview":"max-video-preview:-1"},"canonical":"https:\/\/www.fica.unsl.edu.ar\/index.php\/organizan-un-conversatorio-para-abordar-problematicas-socioambientales\/","og_locale":"es_ES","og_type":"article","og_title":"Organizan un conversatorio para abordar problem\u00e1ticas socioambientales - Facultad de Ingenier\u00eda y Ciencias Agropecuarias","og_description":"La actividad se titula:\u00a0Problem\u00e1ticas socioambientales: abordajes e intervenciones en el territorio\u00a0y es organizada por el Programa Institucional Transdisciplinario Socio Ambiental (PITSA) en torno al D\u00eda&hellip;","og_url":"https:\/\/www.fica.unsl.edu.ar\/index.php\/organizan-un-conversatorio-para-abordar-problematicas-socioambientales\/","og_site_name":"Facultad de Ingenier\u00eda y Ciencias Agropecuarias","article_publisher":"https:\/\/www.facebook.com\/FICA.UNSL\/","article_published_time":"2022-06-03T14:42:27+00:00","og_image":[{"width":1000,"height":497,"url":"https:\/\/www.fica.unsl.edu.ar\/wp-content\/uploads\/2022\/06\/IMG_WEB.jpg","type":"image\/jpeg"}],"author":"DATI","twitter_card":"summary_large_image","twitter_creator":"@FICAUNSL","twitter_site":"@FICAUNSL","twitter_misc":{"Escrito por":"DATI","Tiempo de lectura":"2 minutos"},"schema":{"@context":"https:\/\/schema.org","@graph":[{"@type":"Article","@id":"https:\/\/www.fica.unsl.edu.ar\/index.php\/organizan-un-conversatorio-para-abordar-problematicas-socioambientales\/#article","isPartOf":{"@id":"https:\/\/www.fica.unsl.edu.ar\/index.php\/organizan-un-conversatorio-para-abordar-problematicas-socioambientales\/"},"author":{"name":"DATI","@id":"https:\/\/www.fica.unsl.edu.ar\/#\/schema\/person\/6058f9c66301868d3a691b1f5d6c3544"},"headline":"Organizan un conversatorio para abordar problem\u00e1ticas socioambientales","datePublished":"2022-06-03T14:42:27+00:00","mainEntityOfPage":{"@id":"https:\/\/www.fica.unsl.edu.ar\/index.php\/organizan-un-conversatorio-para-abordar-problematicas-socioambientales\/"},"wordCount":352,"publisher":{"@id":"https:\/\/www.fica.unsl.edu.ar\/#organization"},"image":{"@id":"https:\/\/www.fica.unsl.edu.ar\/index.php\/organizan-un-conversatorio-para-abordar-problematicas-socioambientales\/#primaryimage"},"thumbnailUrl":"https:\/\/www.fica.unsl.edu.ar\/wp-content\/uploads\/2022\/06\/IMG_WEB.jpg","articleSection":["Noticias"],"inLanguage":"es-AR"},{"@type":"WebPage","@id":"https:\/\/www.fica.unsl.edu.ar\/index.php\/organizan-un-conversatorio-para-abordar-problematicas-socioambientales\/","url":"https:\/\/www.fica.unsl.edu.ar\/index.php\/organizan-un-conversatorio-para-abordar-problematicas-socioambientales\/","name":"Organizan un conversatorio para abordar problem\u00e1ticas socioambientales - Facultad de Ingenier\u00eda y Ciencias Agropecuarias","isPartOf":{"@id":"https:\/\/www.fica.unsl.edu.ar\/#website"},"primaryImageOfPage":{"@id":"https:\/\/www.fica.unsl.edu.ar\/index.php\/organizan-un-conversatorio-para-abordar-problematicas-socioambientales\/#primaryimage"},"image":{"@id":"https:\/\/www.fica.unsl.edu.ar\/index.php\/organizan-un-conversatorio-para-abordar-problematicas-socioambientales\/#primaryimage"},"thumbnailUrl":"https:\/\/www.fica.unsl.edu.ar\/wp-content\/uploads\/2022\/06\/IMG_WEB.jpg","datePublished":"2022-06-03T14:42:27+00:00","inLanguage":"es-AR","potentialAction":[{"@type":"ReadAction","target":["https:\/\/www.fica.unsl.edu.ar\/index.php\/organizan-un-conversatorio-para-abordar-problematicas-socioambientales\/"]}]},{"@type":"ImageObject","inLanguage":"es-AR","@id":"https:\/\/www.fica.unsl.edu.ar\/index.php\/organizan-un-conversatorio-para-abordar-problematicas-socioambientales\/#primaryimage","url":"https:\/\/www.fica.unsl.edu.ar\/wp-content\/uploads\/2022\/06\/IMG_WEB.jpg","contentUrl":"https:\/\/www.fica.unsl.edu.ar\/wp-content\/uploads\/2022\/06\/IMG_WEB.jpg","width":1000,"height":497},{"@type":"WebSite","@id":"https:\/\/www.fica.unsl.edu.ar\/#website","url":"https:\/\/www.fica.unsl.edu.ar\/","name":"Facultad de Ingenier\u00eda y Ciencias Agropecuarias","description":"","publisher":{"@id":"https:\/\/www.fica.unsl.edu.ar\/#organization"},"potentialAction":[{"@type":"SearchAction","target":{"@type":"EntryPoint","urlTemplate":"https:\/\/www.fica.unsl.edu.ar\/?s={search_term_string}"},"query-input":{"@type":"PropertyValueSpecification","valueRequired":true,"valueName":"search_term_string"}}],"inLanguage":"es-AR"},{"@type":"Organization","@id":"https:\/\/www.fica.unsl.edu.ar\/#organization","name":"Facultad de Ingenier\u00eda y Ciencias Agropecuarias","url":"https:\/\/www.fica.unsl.edu.ar\/","logo":{"@type":"ImageObject","inLanguage":"es-AR","@id":"https:\/\/www.fica.unsl.edu.ar\/#\/schema\/logo\/image\/","url":"https:\/\/www.fica.unsl.edu.ar\/wp-content\/uploads\/2021\/03\/LOGO-1.jpg","contentUrl":"https:\/\/www.fica.unsl.edu.ar\/wp-content\/uploads\/2021\/03\/LOGO-1.jpg","width":463,"height":145,"caption":"Facultad de Ingenier\u00eda y Ciencias Agropecuarias"},"image":{"@id":"https:\/\/www.fica.unsl.edu.ar\/#\/schema\/logo\/image\/"},"sameAs":["https:\/\/www.facebook.com\/FICA.UNSL\/","https:\/\/x.com\/FICAUNSL","https:\/\/www.instagram.com\/fica.unsl\/","https:\/\/www.youtube.com\/channel\/UCs2MM53gb2PyBrMySdtWZDQ"]},{"@type":"Person","@id":"https:\/\/www.fica.unsl.edu.ar\/#\/schema\/person\/6058f9c66301868d3a691b1f5d6c3544","name":"DATI"}]}},"_links":{"self":[{"href":"https:\/\/www.fica.unsl.edu.ar\/index.php\/wp-json\/wp\/v2\/posts\/9585","targetHints":{"allow":["GET"]}}],"collection":[{"href":"https:\/\/www.fica.unsl.edu.ar\/index.php\/wp-json\/wp\/v2\/posts"}],"about":[{"href":"https:\/\/www.fica.unsl.edu.ar\/index.php\/wp-json\/wp\/v2\/types\/post"}],"author":[{"embeddable":true,"href":"https:\/\/www.fica.unsl.edu.ar\/index.php\/wp-json\/wp\/v2\/users\/9"}],"replies":[{"embeddable":true,"href":"https:\/\/www.fica.unsl.edu.ar\/index.php\/wp-json\/wp\/v2\/comments?post=9585"}],"version-history":[{"count":1,"href":"https:\/\/www.fica.unsl.edu.ar\/index.php\/wp-json\/wp\/v2\/posts\/9585\/revisions"}],"predecessor-version":[{"id":9588,"href":"https:\/\/www.fica.unsl.edu.ar\/index.php\/wp-json\/wp\/v2\/posts\/9585\/revisions\/9588"}],"wp:featuredmedia":[{"embeddable":true,"href":"https:\/\/www.fica.unsl.edu.ar\/index.php\/wp-json\/wp\/v2\/media\/9587"}],"wp:attachment":[{"href":"https:\/\/www.fica.unsl.edu.ar\/index.php\/wp-json\/wp\/v2\/media?parent=9585"}],"wp:term":[{"taxonomy":"category","embeddable":true,"href":"https:\/\/www.fica.unsl.edu.ar\/index.php\/wp-json\/wp\/v2\/categories?post=9585"},{"taxonomy":"post_tag","embeddable":true,"href":"https:\/\/www.fica.unsl.edu.ar\/index.php\/wp-json\/wp\/v2\/tags?post=9585"}],"curies":[{"name":"wp","href":"https:\/\/api.w.org\/{rel}","templated":true}]}}