{"id":9626,"date":"2022-06-08T13:04:12","date_gmt":"2022-06-08T16:04:12","guid":{"rendered":"http:\/\/10.101.10.196\/www\/?p=9626"},"modified":"2022-06-28T10:02:20","modified_gmt":"2022-06-28T13:02:20","slug":"nuevo-magister-en-la-fica-ing-martin-garciarena-ucelay","status":"publish","type":"post","link":"https:\/\/www.fica.unsl.edu.ar\/index.php\/nuevo-magister-en-la-fica-ing-martin-garciarena-ucelay\/","title":{"rendered":"Nuevo Mag\u00edster en la FICA: Ing. Mart\u00edn Garciarena Ucelay"},"content":{"rendered":"<p>El d\u00eda 6 de junio de 2022, el Ing. Mart\u00edn Garciarena Ucelay defendi\u00f3 su tesis de Maestr\u00eda en Ense\u00f1anza en entornos digitales. Su trabajo \u201cIngreso virtual, una propuesta did\u00e1ctica para el curso de ingreso de matem\u00e1tica para la FCEJS de la UNSL\u201d; fue dirigida por la Mgtr. Paola Allende Olave (UNSL). El jurado, integrado por el Mgtr. Luis Lara, la Mgtr. Alejandra Sosa y la Dra. Cecilia Montiel, calificaron el trabajo como <strong>SOBRESALIENTE.<\/strong><\/p>\n<p>Este posgrado es llevado adelante de manera interinstitucional por siete universidades nacionales (Univ. del Comahue, Univ. de Cuyo, Univ. de Chilecito, Univ. de La Pampa, Univ. de Patagonia Austral, Univ. Patagonia San Juan Bosco y Univ. de San Luis) y la Maestr\u00eda es la primera carrera de posgrado de la universidad que comenz\u00f3 a dictarse bajo la modalidad a distancia en el a\u00f1o 2018.<\/p>\n<p>El nuevo Mgtr. Garciarena Ucelay se desempe\u00f1a como docente en el \u00c1rea de Matem\u00e1tica del Departamento de Ciencias B\u00e1sicas de la FICA.<\/p>\n<p>\u00a1Felicitaciones Mart\u00edn! Orgullo para la FICA que sigue creciendo.<\/p>\n","protected":false},"excerpt":{"rendered":"<p>El d\u00eda 6 de junio de 2022, el Ing. Mart\u00edn Garciarena Ucelay defendi\u00f3 su tesis de Maestr\u00eda en Ense\u00f1anza en entornos digitales. Su trabajo \u201cIngreso&hellip;<\/p>\n","protected":false},"author":9,"featured_media":9627,"comment_status":"closed","ping_status":"closed","sticky":false,"template":"","format":"standard","meta":{"_monsterinsights_skip_tracking":false,"_monsterinsights_sitenote_active":false,"_monsterinsights_sitenote_note":"","_monsterinsights_sitenote_category":0,"_joinchat":[],"footnotes":""},"categories":[19],"tags":[],"class_list":["post-9626","post","type-post","status-publish","format-standard","has-post-thumbnail","hentry","category-noticias"],"yoast_head":"<!-- This site is optimized with the Yoast SEO plugin v27.4 - https:\/\/yoast.com\/product\/yoast-seo-wordpress\/ -->\n<title>Nuevo Mag\u00edster en la FICA: Ing. Mart\u00edn Garciarena Ucelay - Facultad de Ingenier\u00eda y Ciencias Agropecuarias<\/title>\n<meta name=\"robots\" content=\"index, follow, max-snippet:-1, max-image-preview:large, max-video-preview:-1\" \/>\n<link rel=\"canonical\" href=\"https:\/\/www.fica.unsl.edu.ar\/index.php\/nuevo-magister-en-la-fica-ing-martin-garciarena-ucelay\/\" \/>\n<meta property=\"og:locale\" content=\"es_ES\" \/>\n<meta property=\"og:type\" content=\"article\" \/>\n<meta property=\"og:title\" content=\"Nuevo Mag\u00edster en la FICA: Ing. Mart\u00edn Garciarena Ucelay - Facultad de Ingenier\u00eda y Ciencias Agropecuarias\" \/>\n<meta property=\"og:description\" content=\"El d\u00eda 6 de junio de 2022, el Ing. Mart\u00edn Garciarena Ucelay defendi\u00f3 su tesis de Maestr\u00eda en Ense\u00f1anza en entornos digitales. Su trabajo \u201cIngreso&hellip;\" \/>\n<meta property=\"og:url\" content=\"https:\/\/www.fica.unsl.edu.ar\/index.php\/nuevo-magister-en-la-fica-ing-martin-garciarena-ucelay\/\" \/>\n<meta property=\"og:site_name\" content=\"Facultad de Ingenier\u00eda y Ciencias Agropecuarias\" \/>\n<meta property=\"article:publisher\" content=\"https:\/\/www.facebook.com\/FICA.UNSL\/\" \/>\n<meta property=\"article:published_time\" content=\"2022-06-08T16:04:12+00:00\" \/>\n<meta property=\"article:modified_time\" content=\"2022-06-28T13:02:20+00:00\" \/>\n<meta property=\"og:image\" content=\"https:\/\/www.fica.unsl.edu.ar\/wp-content\/uploads\/2022\/06\/NUEVO-MAGISTER.jpg\" \/>\n\t<meta property=\"og:image:width\" content=\"1061\" \/>\n\t<meta property=\"og:image:height\" content=\"585\" \/>\n\t<meta property=\"og:image:type\" content=\"image\/jpeg\" \/>\n<meta name=\"author\" content=\"DATI\" \/>\n<meta name=\"twitter:card\" content=\"summary_large_image\" \/>\n<meta name=\"twitter:creator\" content=\"@FICAUNSL\" \/>\n<meta name=\"twitter:site\" content=\"@FICAUNSL\" \/>\n<meta name=\"twitter:label1\" content=\"Escrito por\" \/>\n\t<meta name=\"twitter:data1\" content=\"DATI\" \/>\n\t<meta name=\"twitter:label2\" content=\"Tiempo de lectura\" \/>\n\t<meta name=\"twitter:data2\" content=\"1 minuto\" \/>\n<script type=\"application\/ld+json\" class=\"yoast-schema-graph\">{\"@context\":\"https:\\\/\\\/schema.org\",\"@graph\":[{\"@type\":\"Article\",\"@id\":\"https:\\\/\\\/www.fica.unsl.edu.ar\\\/index.php\\\/nuevo-magister-en-la-fica-ing-martin-garciarena-ucelay\\\/#article\",\"isPartOf\":{\"@id\":\"https:\\\/\\\/www.fica.unsl.edu.ar\\\/index.php\\\/nuevo-magister-en-la-fica-ing-martin-garciarena-ucelay\\\/\"},\"author\":{\"name\":\"DATI\",\"@id\":\"https:\\\/\\\/www.fica.unsl.edu.ar\\\/#\\\/schema\\\/person\\\/6058f9c66301868d3a691b1f5d6c3544\"},\"headline\":\"Nuevo Mag\u00edster en la FICA: Ing. Mart\u00edn Garciarena Ucelay\",\"datePublished\":\"2022-06-08T16:04:12+00:00\",\"dateModified\":\"2022-06-28T13:02:20+00:00\",\"mainEntityOfPage\":{\"@id\":\"https:\\\/\\\/www.fica.unsl.edu.ar\\\/index.php\\\/nuevo-magister-en-la-fica-ing-martin-garciarena-ucelay\\\/\"},\"wordCount\":188,\"publisher\":{\"@id\":\"https:\\\/\\\/www.fica.unsl.edu.ar\\\/#organization\"},\"image\":{\"@id\":\"https:\\\/\\\/www.fica.unsl.edu.ar\\\/index.php\\\/nuevo-magister-en-la-fica-ing-martin-garciarena-ucelay\\\/#primaryimage\"},\"thumbnailUrl\":\"https:\\\/\\\/www.fica.unsl.edu.ar\\\/wp-content\\\/uploads\\\/2022\\\/06\\\/NUEVO-MAGISTER.jpg\",\"articleSection\":[\"Noticias\"],\"inLanguage\":\"es-AR\"},{\"@type\":\"WebPage\",\"@id\":\"https:\\\/\\\/www.fica.unsl.edu.ar\\\/index.php\\\/nuevo-magister-en-la-fica-ing-martin-garciarena-ucelay\\\/\",\"url\":\"https:\\\/\\\/www.fica.unsl.edu.ar\\\/index.php\\\/nuevo-magister-en-la-fica-ing-martin-garciarena-ucelay\\\/\",\"name\":\"Nuevo Mag\u00edster en la FICA: Ing. Mart\u00edn Garciarena Ucelay - Facultad de Ingenier\u00eda y Ciencias Agropecuarias\",\"isPartOf\":{\"@id\":\"https:\\\/\\\/www.fica.unsl.edu.ar\\\/#website\"},\"primaryImageOfPage\":{\"@id\":\"https:\\\/\\\/www.fica.unsl.edu.ar\\\/index.php\\\/nuevo-magister-en-la-fica-ing-martin-garciarena-ucelay\\\/#primaryimage\"},\"image\":{\"@id\":\"https:\\\/\\\/www.fica.unsl.edu.ar\\\/index.php\\\/nuevo-magister-en-la-fica-ing-martin-garciarena-ucelay\\\/#primaryimage\"},\"thumbnailUrl\":\"https:\\\/\\\/www.fica.unsl.edu.ar\\\/wp-content\\\/uploads\\\/2022\\\/06\\\/NUEVO-MAGISTER.jpg\",\"datePublished\":\"2022-06-08T16:04:12+00:00\",\"dateModified\":\"2022-06-28T13:02:20+00:00\",\"inLanguage\":\"es-AR\",\"potentialAction\":[{\"@type\":\"ReadAction\",\"target\":[\"https:\\\/\\\/www.fica.unsl.edu.ar\\\/index.php\\\/nuevo-magister-en-la-fica-ing-martin-garciarena-ucelay\\\/\"]}]},{\"@type\":\"ImageObject\",\"inLanguage\":\"es-AR\",\"@id\":\"https:\\\/\\\/www.fica.unsl.edu.ar\\\/index.php\\\/nuevo-magister-en-la-fica-ing-martin-garciarena-ucelay\\\/#primaryimage\",\"url\":\"https:\\\/\\\/www.fica.unsl.edu.ar\\\/wp-content\\\/uploads\\\/2022\\\/06\\\/NUEVO-MAGISTER.jpg\",\"contentUrl\":\"https:\\\/\\\/www.fica.unsl.edu.ar\\\/wp-content\\\/uploads\\\/2022\\\/06\\\/NUEVO-MAGISTER.jpg\",\"width\":1061,\"height\":585},{\"@type\":\"WebSite\",\"@id\":\"https:\\\/\\\/www.fica.unsl.edu.ar\\\/#website\",\"url\":\"https:\\\/\\\/www.fica.unsl.edu.ar\\\/\",\"name\":\"Facultad de Ingenier\u00eda y Ciencias Agropecuarias\",\"description\":\"\",\"publisher\":{\"@id\":\"https:\\\/\\\/www.fica.unsl.edu.ar\\\/#organization\"},\"potentialAction\":[{\"@type\":\"SearchAction\",\"target\":{\"@type\":\"EntryPoint\",\"urlTemplate\":\"https:\\\/\\\/www.fica.unsl.edu.ar\\\/?s={search_term_string}\"},\"query-input\":{\"@type\":\"PropertyValueSpecification\",\"valueRequired\":true,\"valueName\":\"search_term_string\"}}],\"inLanguage\":\"es-AR\"},{\"@type\":\"Organization\",\"@id\":\"https:\\\/\\\/www.fica.unsl.edu.ar\\\/#organization\",\"name\":\"Facultad de Ingenier\u00eda y Ciencias Agropecuarias\",\"url\":\"https:\\\/\\\/www.fica.unsl.edu.ar\\\/\",\"logo\":{\"@type\":\"ImageObject\",\"inLanguage\":\"es-AR\",\"@id\":\"https:\\\/\\\/www.fica.unsl.edu.ar\\\/#\\\/schema\\\/logo\\\/image\\\/\",\"url\":\"https:\\\/\\\/www.fica.unsl.edu.ar\\\/wp-content\\\/uploads\\\/2021\\\/03\\\/LOGO-1.jpg\",\"contentUrl\":\"https:\\\/\\\/www.fica.unsl.edu.ar\\\/wp-content\\\/uploads\\\/2021\\\/03\\\/LOGO-1.jpg\",\"width\":463,\"height\":145,\"caption\":\"Facultad de Ingenier\u00eda y Ciencias Agropecuarias\"},\"image\":{\"@id\":\"https:\\\/\\\/www.fica.unsl.edu.ar\\\/#\\\/schema\\\/logo\\\/image\\\/\"},\"sameAs\":[\"https:\\\/\\\/www.facebook.com\\\/FICA.UNSL\\\/\",\"https:\\\/\\\/x.com\\\/FICAUNSL\",\"https:\\\/\\\/www.instagram.com\\\/fica.unsl\\\/\",\"https:\\\/\\\/www.youtube.com\\\/channel\\\/UCs2MM53gb2PyBrMySdtWZDQ\"]},{\"@type\":\"Person\",\"@id\":\"https:\\\/\\\/www.fica.unsl.edu.ar\\\/#\\\/schema\\\/person\\\/6058f9c66301868d3a691b1f5d6c3544\",\"name\":\"DATI\"}]}<\/script>\n<!-- \/ Yoast SEO plugin. -->","yoast_head_json":{"title":"Nuevo Mag\u00edster en la FICA: Ing. Mart\u00edn Garciarena Ucelay - Facultad de Ingenier\u00eda y Ciencias Agropecuarias","robots":{"index":"index","follow":"follow","max-snippet":"max-snippet:-1","max-image-preview":"max-image-preview:large","max-video-preview":"max-video-preview:-1"},"canonical":"https:\/\/www.fica.unsl.edu.ar\/index.php\/nuevo-magister-en-la-fica-ing-martin-garciarena-ucelay\/","og_locale":"es_ES","og_type":"article","og_title":"Nuevo Mag\u00edster en la FICA: Ing. Mart\u00edn Garciarena Ucelay - Facultad de Ingenier\u00eda y Ciencias Agropecuarias","og_description":"El d\u00eda 6 de junio de 2022, el Ing. Mart\u00edn Garciarena Ucelay defendi\u00f3 su tesis de Maestr\u00eda en Ense\u00f1anza en entornos digitales. Su trabajo \u201cIngreso&hellip;","og_url":"https:\/\/www.fica.unsl.edu.ar\/index.php\/nuevo-magister-en-la-fica-ing-martin-garciarena-ucelay\/","og_site_name":"Facultad de Ingenier\u00eda y Ciencias Agropecuarias","article_publisher":"https:\/\/www.facebook.com\/FICA.UNSL\/","article_published_time":"2022-06-08T16:04:12+00:00","article_modified_time":"2022-06-28T13:02:20+00:00","og_image":[{"width":1061,"height":585,"url":"https:\/\/www.fica.unsl.edu.ar\/wp-content\/uploads\/2022\/06\/NUEVO-MAGISTER.jpg","type":"image\/jpeg"}],"author":"DATI","twitter_card":"summary_large_image","twitter_creator":"@FICAUNSL","twitter_site":"@FICAUNSL","twitter_misc":{"Escrito por":"DATI","Tiempo de lectura":"1 minuto"},"schema":{"@context":"https:\/\/schema.org","@graph":[{"@type":"Article","@id":"https:\/\/www.fica.unsl.edu.ar\/index.php\/nuevo-magister-en-la-fica-ing-martin-garciarena-ucelay\/#article","isPartOf":{"@id":"https:\/\/www.fica.unsl.edu.ar\/index.php\/nuevo-magister-en-la-fica-ing-martin-garciarena-ucelay\/"},"author":{"name":"DATI","@id":"https:\/\/www.fica.unsl.edu.ar\/#\/schema\/person\/6058f9c66301868d3a691b1f5d6c3544"},"headline":"Nuevo Mag\u00edster en la FICA: Ing. Mart\u00edn Garciarena Ucelay","datePublished":"2022-06-08T16:04:12+00:00","dateModified":"2022-06-28T13:02:20+00:00","mainEntityOfPage":{"@id":"https:\/\/www.fica.unsl.edu.ar\/index.php\/nuevo-magister-en-la-fica-ing-martin-garciarena-ucelay\/"},"wordCount":188,"publisher":{"@id":"https:\/\/www.fica.unsl.edu.ar\/#organization"},"image":{"@id":"https:\/\/www.fica.unsl.edu.ar\/index.php\/nuevo-magister-en-la-fica-ing-martin-garciarena-ucelay\/#primaryimage"},"thumbnailUrl":"https:\/\/www.fica.unsl.edu.ar\/wp-content\/uploads\/2022\/06\/NUEVO-MAGISTER.jpg","articleSection":["Noticias"],"inLanguage":"es-AR"},{"@type":"WebPage","@id":"https:\/\/www.fica.unsl.edu.ar\/index.php\/nuevo-magister-en-la-fica-ing-martin-garciarena-ucelay\/","url":"https:\/\/www.fica.unsl.edu.ar\/index.php\/nuevo-magister-en-la-fica-ing-martin-garciarena-ucelay\/","name":"Nuevo Mag\u00edster en la FICA: Ing. Mart\u00edn Garciarena Ucelay - Facultad de Ingenier\u00eda y Ciencias Agropecuarias","isPartOf":{"@id":"https:\/\/www.fica.unsl.edu.ar\/#website"},"primaryImageOfPage":{"@id":"https:\/\/www.fica.unsl.edu.ar\/index.php\/nuevo-magister-en-la-fica-ing-martin-garciarena-ucelay\/#primaryimage"},"image":{"@id":"https:\/\/www.fica.unsl.edu.ar\/index.php\/nuevo-magister-en-la-fica-ing-martin-garciarena-ucelay\/#primaryimage"},"thumbnailUrl":"https:\/\/www.fica.unsl.edu.ar\/wp-content\/uploads\/2022\/06\/NUEVO-MAGISTER.jpg","datePublished":"2022-06-08T16:04:12+00:00","dateModified":"2022-06-28T13:02:20+00:00","inLanguage":"es-AR","potentialAction":[{"@type":"ReadAction","target":["https:\/\/www.fica.unsl.edu.ar\/index.php\/nuevo-magister-en-la-fica-ing-martin-garciarena-ucelay\/"]}]},{"@type":"ImageObject","inLanguage":"es-AR","@id":"https:\/\/www.fica.unsl.edu.ar\/index.php\/nuevo-magister-en-la-fica-ing-martin-garciarena-ucelay\/#primaryimage","url":"https:\/\/www.fica.unsl.edu.ar\/wp-content\/uploads\/2022\/06\/NUEVO-MAGISTER.jpg","contentUrl":"https:\/\/www.fica.unsl.edu.ar\/wp-content\/uploads\/2022\/06\/NUEVO-MAGISTER.jpg","width":1061,"height":585},{"@type":"WebSite","@id":"https:\/\/www.fica.unsl.edu.ar\/#website","url":"https:\/\/www.fica.unsl.edu.ar\/","name":"Facultad de Ingenier\u00eda y Ciencias Agropecuarias","description":"","publisher":{"@id":"https:\/\/www.fica.unsl.edu.ar\/#organization"},"potentialAction":[{"@type":"SearchAction","target":{"@type":"EntryPoint","urlTemplate":"https:\/\/www.fica.unsl.edu.ar\/?s={search_term_string}"},"query-input":{"@type":"PropertyValueSpecification","valueRequired":true,"valueName":"search_term_string"}}],"inLanguage":"es-AR"},{"@type":"Organization","@id":"https:\/\/www.fica.unsl.edu.ar\/#organization","name":"Facultad de Ingenier\u00eda y Ciencias Agropecuarias","url":"https:\/\/www.fica.unsl.edu.ar\/","logo":{"@type":"ImageObject","inLanguage":"es-AR","@id":"https:\/\/www.fica.unsl.edu.ar\/#\/schema\/logo\/image\/","url":"https:\/\/www.fica.unsl.edu.ar\/wp-content\/uploads\/2021\/03\/LOGO-1.jpg","contentUrl":"https:\/\/www.fica.unsl.edu.ar\/wp-content\/uploads\/2021\/03\/LOGO-1.jpg","width":463,"height":145,"caption":"Facultad de Ingenier\u00eda y Ciencias Agropecuarias"},"image":{"@id":"https:\/\/www.fica.unsl.edu.ar\/#\/schema\/logo\/image\/"},"sameAs":["https:\/\/www.facebook.com\/FICA.UNSL\/","https:\/\/x.com\/FICAUNSL","https:\/\/www.instagram.com\/fica.unsl\/","https:\/\/www.youtube.com\/channel\/UCs2MM53gb2PyBrMySdtWZDQ"]},{"@type":"Person","@id":"https:\/\/www.fica.unsl.edu.ar\/#\/schema\/person\/6058f9c66301868d3a691b1f5d6c3544","name":"DATI"}]}},"_links":{"self":[{"href":"https:\/\/www.fica.unsl.edu.ar\/index.php\/wp-json\/wp\/v2\/posts\/9626","targetHints":{"allow":["GET"]}}],"collection":[{"href":"https:\/\/www.fica.unsl.edu.ar\/index.php\/wp-json\/wp\/v2\/posts"}],"about":[{"href":"https:\/\/www.fica.unsl.edu.ar\/index.php\/wp-json\/wp\/v2\/types\/post"}],"author":[{"embeddable":true,"href":"https:\/\/www.fica.unsl.edu.ar\/index.php\/wp-json\/wp\/v2\/users\/9"}],"replies":[{"embeddable":true,"href":"https:\/\/www.fica.unsl.edu.ar\/index.php\/wp-json\/wp\/v2\/comments?post=9626"}],"version-history":[{"count":1,"href":"https:\/\/www.fica.unsl.edu.ar\/index.php\/wp-json\/wp\/v2\/posts\/9626\/revisions"}],"predecessor-version":[{"id":9628,"href":"https:\/\/www.fica.unsl.edu.ar\/index.php\/wp-json\/wp\/v2\/posts\/9626\/revisions\/9628"}],"wp:featuredmedia":[{"embeddable":true,"href":"https:\/\/www.fica.unsl.edu.ar\/index.php\/wp-json\/wp\/v2\/media\/9627"}],"wp:attachment":[{"href":"https:\/\/www.fica.unsl.edu.ar\/index.php\/wp-json\/wp\/v2\/media?parent=9626"}],"wp:term":[{"taxonomy":"category","embeddable":true,"href":"https:\/\/www.fica.unsl.edu.ar\/index.php\/wp-json\/wp\/v2\/categories?post=9626"},{"taxonomy":"post_tag","embeddable":true,"href":"https:\/\/www.fica.unsl.edu.ar\/index.php\/wp-json\/wp\/v2\/tags?post=9626"}],"curies":[{"name":"wp","href":"https:\/\/api.w.org\/{rel}","templated":true}]}}