{"id":9675,"date":"2022-06-14T12:50:35","date_gmt":"2022-06-14T15:50:35","guid":{"rendered":"http:\/\/10.101.10.196\/www\/?p=9675"},"modified":"2022-06-28T10:02:05","modified_gmt":"2022-06-28T13:02:05","slug":"curso-de-posgrado-sobre-la-biologia-de-suelo-con-una-mirada-a-la-region-semiarida","status":"publish","type":"post","link":"https:\/\/www.fica.unsl.edu.ar\/index.php\/curso-de-posgrado-sobre-la-biologia-de-suelo-con-una-mirada-a-la-region-semiarida\/","title":{"rendered":"Curso de posgrado sobre la Biolog\u00eda de Suelo con una Mirada a la Regi\u00f3n Semi\u00e1rida"},"content":{"rendered":"<p>La Secretar\u00eda de Investigaci\u00f3n y Posgrado informa que del 27 de junio al 2 de julio, se llevar\u00e1 a cabo el curso de posgrado \u201cIntroducci\u00f3n a la Biolog\u00eda de Suelo con una Mirada a la Regi\u00f3n Semi\u00e1rida\u201d, a cargo de las docentes doctoras Mar\u00eda Cecilia Fern\u00e1ndez Belmonte (FICA-UNSL) y Valeria Soledad Faggioli, (EEA INTA Marcos Ju\u00e1rez), con la coordinaci\u00f3n de la Dra. Cecilia de los \u00c1ngeles Fern\u00e1ndez (FICA-UNSL).<\/p>\n<p>Bajo la modalidad presencial, este curso arancelado y con cupo limitado, tendr\u00e1 un cr\u00e9dito horario total de 60 horas. Es destinada a egresados con t\u00edtulo universitario de grado de 4 a\u00f1os o m\u00e1s, interesados en la tem\u00e1tica del curso y profesionales pertenecientes a las siguientes carreras: Ingeniero Agr\u00f3nomo, Ingeniero en Alimentos, Ingeniero Forestal, Ingeniero en Recursos Naturales, Licenciado en Ciencias Biol\u00f3gicas, Lic. en Biolog\u00eda Molecular y profesionales interesados en la biodiversidad del suelo. Se considerar\u00e1n, en todos los casos t\u00edtulos equivalentes siempre que cumplan con los requisitos de la normativa de posgrado de la Universidad Nacional de San Luis.<\/p>\n<p>Tiene como objetivos que los estudiantes reconozcan las principales caracter\u00edsticas de los suelos de la Provincia de San Luis; se interioricen en los principales grupos de microorganismos que habitan el suelo y el rol que tienen en la naturaleza; que puedan interpretar los principales indicadores de biolog\u00eda de suelos; conozcan a nivel te\u00f3rico nuevas tecnolog\u00edas para el an\u00e1lisis de biodiversidad de suelos; logren profundizar aspectos te\u00f3ricos sobre relaciones simbi\u00f3ticas ben\u00e9ficas entre organismos del suelo y la planta, microorganismos promotores de crecimiento y fijadores de nitr\u00f3geno; y se actualicen en experiencias a campo sobre el uso de productos biol\u00f3gicos con microorganismos vivos en cultivos extensivos de inter\u00e9s.<\/p>\n<h3 style=\"text-align: center;\"><strong><a href=\"https:\/\/iyp.fica.unsl.edu.ar\/index.php\/curso-de-posgrado-introduccion-a-la-biologia-de-suelo-con-una-mirada-a-la-region-semiarida\/\" target=\"_blank\" rel=\"noopener\">Bases e inscripciones<\/a><\/strong><\/h3>\n<div id='gallery-1' class='gallery galleryid-9675 gallery-columns-2 gallery-size-medium'><figure class='gallery-item'>\n\t\t\t<div class='gallery-icon portrait'>\n\t\t\t\t<a href='https:\/\/www.fica.unsl.edu.ar\/wp-content\/uploads\/2022\/06\/biologia-del-suelo-01.jpg'><img fetchpriority=\"high\" decoding=\"async\" width=\"212\" height=\"300\" src=\"https:\/\/www.fica.unsl.edu.ar\/wp-content\/uploads\/2022\/06\/biologia-del-suelo-01-212x300.jpg\" class=\"attachment-medium size-medium\" alt=\"\" srcset=\"https:\/\/www.fica.unsl.edu.ar\/wp-content\/uploads\/2022\/06\/biologia-del-suelo-01-212x300.jpg 212w, https:\/\/www.fica.unsl.edu.ar\/wp-content\/uploads\/2022\/06\/biologia-del-suelo-01-724x1024.jpg 724w, https:\/\/www.fica.unsl.edu.ar\/wp-content\/uploads\/2022\/06\/biologia-del-suelo-01-768x1086.jpg 768w, https:\/\/www.fica.unsl.edu.ar\/wp-content\/uploads\/2022\/06\/biologia-del-suelo-01-1086x1536.jpg 1086w, https:\/\/www.fica.unsl.edu.ar\/wp-content\/uploads\/2022\/06\/biologia-del-suelo-01.jpg 1100w\" sizes=\"(max-width: 212px) 100vw, 212px\" \/><\/a>\n\t\t\t<\/div><\/figure><figure class='gallery-item'>\n\t\t\t<div class='gallery-icon portrait'>\n\t\t\t\t<a href='https:\/\/www.fica.unsl.edu.ar\/wp-content\/uploads\/2022\/06\/biologia-del-suelo-02.jpg'><img decoding=\"async\" width=\"212\" height=\"300\" src=\"https:\/\/www.fica.unsl.edu.ar\/wp-content\/uploads\/2022\/06\/biologia-del-suelo-02-212x300.jpg\" class=\"attachment-medium size-medium\" alt=\"\" srcset=\"https:\/\/www.fica.unsl.edu.ar\/wp-content\/uploads\/2022\/06\/biologia-del-suelo-02-212x300.jpg 212w, https:\/\/www.fica.unsl.edu.ar\/wp-content\/uploads\/2022\/06\/biologia-del-suelo-02-724x1024.jpg 724w, https:\/\/www.fica.unsl.edu.ar\/wp-content\/uploads\/2022\/06\/biologia-del-suelo-02-768x1086.jpg 768w, https:\/\/www.fica.unsl.edu.ar\/wp-content\/uploads\/2022\/06\/biologia-del-suelo-02-1086x1536.jpg 1086w, https:\/\/www.fica.unsl.edu.ar\/wp-content\/uploads\/2022\/06\/biologia-del-suelo-02.jpg 1414w\" sizes=\"(max-width: 212px) 100vw, 212px\" \/><\/a>\n\t\t\t<\/div><\/figure>\n\t\t<\/div>\n\n","protected":false},"excerpt":{"rendered":"<p>La Secretar\u00eda de Investigaci\u00f3n y Posgrado informa que del 27 de junio al 2 de julio, se llevar\u00e1 a cabo el curso de posgrado \u201cIntroducci\u00f3n&hellip;<\/p>\n","protected":false},"author":9,"featured_media":9676,"comment_status":"closed","ping_status":"closed","sticky":false,"template":"","format":"standard","meta":{"_monsterinsights_skip_tracking":false,"_monsterinsights_sitenote_active":false,"_monsterinsights_sitenote_note":"","_monsterinsights_sitenote_category":0,"_joinchat":[],"footnotes":""},"categories":[19],"tags":[],"class_list":["post-9675","post","type-post","status-publish","format-standard","has-post-thumbnail","hentry","category-noticias"],"yoast_head":"<!-- This site is optimized with the Yoast SEO plugin v27.4 - https:\/\/yoast.com\/product\/yoast-seo-wordpress\/ -->\n<title>Curso de posgrado sobre la Biolog\u00eda de Suelo con una Mirada a la Regi\u00f3n Semi\u00e1rida - Facultad de Ingenier\u00eda y Ciencias Agropecuarias<\/title>\n<meta name=\"robots\" content=\"index, follow, max-snippet:-1, max-image-preview:large, max-video-preview:-1\" \/>\n<link rel=\"canonical\" href=\"https:\/\/www.fica.unsl.edu.ar\/index.php\/curso-de-posgrado-sobre-la-biologia-de-suelo-con-una-mirada-a-la-region-semiarida\/\" \/>\n<meta property=\"og:locale\" content=\"es_ES\" \/>\n<meta property=\"og:type\" content=\"article\" \/>\n<meta property=\"og:title\" content=\"Curso de posgrado sobre la Biolog\u00eda de Suelo con una Mirada a la Regi\u00f3n Semi\u00e1rida - Facultad de Ingenier\u00eda y Ciencias Agropecuarias\" \/>\n<meta property=\"og:description\" content=\"La Secretar\u00eda de Investigaci\u00f3n y Posgrado informa que del 27 de junio al 2 de julio, se llevar\u00e1 a cabo el curso de posgrado \u201cIntroducci\u00f3n&hellip;\" \/>\n<meta property=\"og:url\" content=\"https:\/\/www.fica.unsl.edu.ar\/index.php\/curso-de-posgrado-sobre-la-biologia-de-suelo-con-una-mirada-a-la-region-semiarida\/\" \/>\n<meta property=\"og:site_name\" content=\"Facultad de Ingenier\u00eda y Ciencias Agropecuarias\" \/>\n<meta property=\"article:publisher\" content=\"https:\/\/www.facebook.com\/FICA.UNSL\/\" \/>\n<meta property=\"article:published_time\" content=\"2022-06-14T15:50:35+00:00\" \/>\n<meta property=\"article:modified_time\" content=\"2022-06-28T13:02:05+00:00\" \/>\n<meta property=\"og:image\" content=\"https:\/\/www.fica.unsl.edu.ar\/wp-content\/uploads\/2022\/06\/biologia-del-suelo.jpg\" \/>\n\t<meta property=\"og:image:width\" content=\"1061\" \/>\n\t<meta property=\"og:image:height\" content=\"585\" \/>\n\t<meta property=\"og:image:type\" content=\"image\/jpeg\" \/>\n<meta name=\"author\" content=\"DATI\" \/>\n<meta name=\"twitter:card\" content=\"summary_large_image\" \/>\n<meta name=\"twitter:creator\" content=\"@FICAUNSL\" \/>\n<meta name=\"twitter:site\" content=\"@FICAUNSL\" \/>\n<meta name=\"twitter:label1\" content=\"Escrito por\" \/>\n\t<meta name=\"twitter:data1\" content=\"DATI\" \/>\n\t<meta name=\"twitter:label2\" content=\"Tiempo de lectura\" \/>\n\t<meta name=\"twitter:data2\" content=\"2 minutos\" \/>\n<script type=\"application\/ld+json\" class=\"yoast-schema-graph\">{\"@context\":\"https:\\\/\\\/schema.org\",\"@graph\":[{\"@type\":\"Article\",\"@id\":\"https:\\\/\\\/www.fica.unsl.edu.ar\\\/index.php\\\/curso-de-posgrado-sobre-la-biologia-de-suelo-con-una-mirada-a-la-region-semiarida\\\/#article\",\"isPartOf\":{\"@id\":\"https:\\\/\\\/www.fica.unsl.edu.ar\\\/index.php\\\/curso-de-posgrado-sobre-la-biologia-de-suelo-con-una-mirada-a-la-region-semiarida\\\/\"},\"author\":{\"name\":\"DATI\",\"@id\":\"https:\\\/\\\/www.fica.unsl.edu.ar\\\/#\\\/schema\\\/person\\\/6058f9c66301868d3a691b1f5d6c3544\"},\"headline\":\"Curso de posgrado sobre la Biolog\u00eda de Suelo con una Mirada a la Regi\u00f3n Semi\u00e1rida\",\"datePublished\":\"2022-06-14T15:50:35+00:00\",\"dateModified\":\"2022-06-28T13:02:05+00:00\",\"mainEntityOfPage\":{\"@id\":\"https:\\\/\\\/www.fica.unsl.edu.ar\\\/index.php\\\/curso-de-posgrado-sobre-la-biologia-de-suelo-con-una-mirada-a-la-region-semiarida\\\/\"},\"wordCount\":329,\"publisher\":{\"@id\":\"https:\\\/\\\/www.fica.unsl.edu.ar\\\/#organization\"},\"image\":{\"@id\":\"https:\\\/\\\/www.fica.unsl.edu.ar\\\/index.php\\\/curso-de-posgrado-sobre-la-biologia-de-suelo-con-una-mirada-a-la-region-semiarida\\\/#primaryimage\"},\"thumbnailUrl\":\"https:\\\/\\\/www.fica.unsl.edu.ar\\\/wp-content\\\/uploads\\\/2022\\\/06\\\/biologia-del-suelo.jpg\",\"articleSection\":[\"Noticias\"],\"inLanguage\":\"es-AR\"},{\"@type\":\"WebPage\",\"@id\":\"https:\\\/\\\/www.fica.unsl.edu.ar\\\/index.php\\\/curso-de-posgrado-sobre-la-biologia-de-suelo-con-una-mirada-a-la-region-semiarida\\\/\",\"url\":\"https:\\\/\\\/www.fica.unsl.edu.ar\\\/index.php\\\/curso-de-posgrado-sobre-la-biologia-de-suelo-con-una-mirada-a-la-region-semiarida\\\/\",\"name\":\"Curso de posgrado sobre la Biolog\u00eda de Suelo con una Mirada a la Regi\u00f3n Semi\u00e1rida - Facultad de Ingenier\u00eda y Ciencias Agropecuarias\",\"isPartOf\":{\"@id\":\"https:\\\/\\\/www.fica.unsl.edu.ar\\\/#website\"},\"primaryImageOfPage\":{\"@id\":\"https:\\\/\\\/www.fica.unsl.edu.ar\\\/index.php\\\/curso-de-posgrado-sobre-la-biologia-de-suelo-con-una-mirada-a-la-region-semiarida\\\/#primaryimage\"},\"image\":{\"@id\":\"https:\\\/\\\/www.fica.unsl.edu.ar\\\/index.php\\\/curso-de-posgrado-sobre-la-biologia-de-suelo-con-una-mirada-a-la-region-semiarida\\\/#primaryimage\"},\"thumbnailUrl\":\"https:\\\/\\\/www.fica.unsl.edu.ar\\\/wp-content\\\/uploads\\\/2022\\\/06\\\/biologia-del-suelo.jpg\",\"datePublished\":\"2022-06-14T15:50:35+00:00\",\"dateModified\":\"2022-06-28T13:02:05+00:00\",\"inLanguage\":\"es-AR\",\"potentialAction\":[{\"@type\":\"ReadAction\",\"target\":[\"https:\\\/\\\/www.fica.unsl.edu.ar\\\/index.php\\\/curso-de-posgrado-sobre-la-biologia-de-suelo-con-una-mirada-a-la-region-semiarida\\\/\"]}]},{\"@type\":\"ImageObject\",\"inLanguage\":\"es-AR\",\"@id\":\"https:\\\/\\\/www.fica.unsl.edu.ar\\\/index.php\\\/curso-de-posgrado-sobre-la-biologia-de-suelo-con-una-mirada-a-la-region-semiarida\\\/#primaryimage\",\"url\":\"https:\\\/\\\/www.fica.unsl.edu.ar\\\/wp-content\\\/uploads\\\/2022\\\/06\\\/biologia-del-suelo.jpg\",\"contentUrl\":\"https:\\\/\\\/www.fica.unsl.edu.ar\\\/wp-content\\\/uploads\\\/2022\\\/06\\\/biologia-del-suelo.jpg\",\"width\":1061,\"height\":585},{\"@type\":\"WebSite\",\"@id\":\"https:\\\/\\\/www.fica.unsl.edu.ar\\\/#website\",\"url\":\"https:\\\/\\\/www.fica.unsl.edu.ar\\\/\",\"name\":\"Facultad de Ingenier\u00eda y Ciencias Agropecuarias\",\"description\":\"\",\"publisher\":{\"@id\":\"https:\\\/\\\/www.fica.unsl.edu.ar\\\/#organization\"},\"potentialAction\":[{\"@type\":\"SearchAction\",\"target\":{\"@type\":\"EntryPoint\",\"urlTemplate\":\"https:\\\/\\\/www.fica.unsl.edu.ar\\\/?s={search_term_string}\"},\"query-input\":{\"@type\":\"PropertyValueSpecification\",\"valueRequired\":true,\"valueName\":\"search_term_string\"}}],\"inLanguage\":\"es-AR\"},{\"@type\":\"Organization\",\"@id\":\"https:\\\/\\\/www.fica.unsl.edu.ar\\\/#organization\",\"name\":\"Facultad de Ingenier\u00eda y Ciencias Agropecuarias\",\"url\":\"https:\\\/\\\/www.fica.unsl.edu.ar\\\/\",\"logo\":{\"@type\":\"ImageObject\",\"inLanguage\":\"es-AR\",\"@id\":\"https:\\\/\\\/www.fica.unsl.edu.ar\\\/#\\\/schema\\\/logo\\\/image\\\/\",\"url\":\"https:\\\/\\\/www.fica.unsl.edu.ar\\\/wp-content\\\/uploads\\\/2021\\\/03\\\/LOGO-1.jpg\",\"contentUrl\":\"https:\\\/\\\/www.fica.unsl.edu.ar\\\/wp-content\\\/uploads\\\/2021\\\/03\\\/LOGO-1.jpg\",\"width\":463,\"height\":145,\"caption\":\"Facultad de Ingenier\u00eda y Ciencias Agropecuarias\"},\"image\":{\"@id\":\"https:\\\/\\\/www.fica.unsl.edu.ar\\\/#\\\/schema\\\/logo\\\/image\\\/\"},\"sameAs\":[\"https:\\\/\\\/www.facebook.com\\\/FICA.UNSL\\\/\",\"https:\\\/\\\/x.com\\\/FICAUNSL\",\"https:\\\/\\\/www.instagram.com\\\/fica.unsl\\\/\",\"https:\\\/\\\/www.youtube.com\\\/channel\\\/UCs2MM53gb2PyBrMySdtWZDQ\"]},{\"@type\":\"Person\",\"@id\":\"https:\\\/\\\/www.fica.unsl.edu.ar\\\/#\\\/schema\\\/person\\\/6058f9c66301868d3a691b1f5d6c3544\",\"name\":\"DATI\"}]}<\/script>\n<!-- \/ Yoast SEO plugin. -->","yoast_head_json":{"title":"Curso de posgrado sobre la Biolog\u00eda de Suelo con una Mirada a la Regi\u00f3n Semi\u00e1rida - Facultad de Ingenier\u00eda y Ciencias Agropecuarias","robots":{"index":"index","follow":"follow","max-snippet":"max-snippet:-1","max-image-preview":"max-image-preview:large","max-video-preview":"max-video-preview:-1"},"canonical":"https:\/\/www.fica.unsl.edu.ar\/index.php\/curso-de-posgrado-sobre-la-biologia-de-suelo-con-una-mirada-a-la-region-semiarida\/","og_locale":"es_ES","og_type":"article","og_title":"Curso de posgrado sobre la Biolog\u00eda de Suelo con una Mirada a la Regi\u00f3n Semi\u00e1rida - Facultad de Ingenier\u00eda y Ciencias Agropecuarias","og_description":"La Secretar\u00eda de Investigaci\u00f3n y Posgrado informa que del 27 de junio al 2 de julio, se llevar\u00e1 a cabo el curso de posgrado \u201cIntroducci\u00f3n&hellip;","og_url":"https:\/\/www.fica.unsl.edu.ar\/index.php\/curso-de-posgrado-sobre-la-biologia-de-suelo-con-una-mirada-a-la-region-semiarida\/","og_site_name":"Facultad de Ingenier\u00eda y Ciencias Agropecuarias","article_publisher":"https:\/\/www.facebook.com\/FICA.UNSL\/","article_published_time":"2022-06-14T15:50:35+00:00","article_modified_time":"2022-06-28T13:02:05+00:00","og_image":[{"width":1061,"height":585,"url":"https:\/\/www.fica.unsl.edu.ar\/wp-content\/uploads\/2022\/06\/biologia-del-suelo.jpg","type":"image\/jpeg"}],"author":"DATI","twitter_card":"summary_large_image","twitter_creator":"@FICAUNSL","twitter_site":"@FICAUNSL","twitter_misc":{"Escrito por":"DATI","Tiempo de lectura":"2 minutos"},"schema":{"@context":"https:\/\/schema.org","@graph":[{"@type":"Article","@id":"https:\/\/www.fica.unsl.edu.ar\/index.php\/curso-de-posgrado-sobre-la-biologia-de-suelo-con-una-mirada-a-la-region-semiarida\/#article","isPartOf":{"@id":"https:\/\/www.fica.unsl.edu.ar\/index.php\/curso-de-posgrado-sobre-la-biologia-de-suelo-con-una-mirada-a-la-region-semiarida\/"},"author":{"name":"DATI","@id":"https:\/\/www.fica.unsl.edu.ar\/#\/schema\/person\/6058f9c66301868d3a691b1f5d6c3544"},"headline":"Curso de posgrado sobre la Biolog\u00eda de Suelo con una Mirada a la Regi\u00f3n Semi\u00e1rida","datePublished":"2022-06-14T15:50:35+00:00","dateModified":"2022-06-28T13:02:05+00:00","mainEntityOfPage":{"@id":"https:\/\/www.fica.unsl.edu.ar\/index.php\/curso-de-posgrado-sobre-la-biologia-de-suelo-con-una-mirada-a-la-region-semiarida\/"},"wordCount":329,"publisher":{"@id":"https:\/\/www.fica.unsl.edu.ar\/#organization"},"image":{"@id":"https:\/\/www.fica.unsl.edu.ar\/index.php\/curso-de-posgrado-sobre-la-biologia-de-suelo-con-una-mirada-a-la-region-semiarida\/#primaryimage"},"thumbnailUrl":"https:\/\/www.fica.unsl.edu.ar\/wp-content\/uploads\/2022\/06\/biologia-del-suelo.jpg","articleSection":["Noticias"],"inLanguage":"es-AR"},{"@type":"WebPage","@id":"https:\/\/www.fica.unsl.edu.ar\/index.php\/curso-de-posgrado-sobre-la-biologia-de-suelo-con-una-mirada-a-la-region-semiarida\/","url":"https:\/\/www.fica.unsl.edu.ar\/index.php\/curso-de-posgrado-sobre-la-biologia-de-suelo-con-una-mirada-a-la-region-semiarida\/","name":"Curso de posgrado sobre la Biolog\u00eda de Suelo con una Mirada a la Regi\u00f3n Semi\u00e1rida - Facultad de Ingenier\u00eda y Ciencias Agropecuarias","isPartOf":{"@id":"https:\/\/www.fica.unsl.edu.ar\/#website"},"primaryImageOfPage":{"@id":"https:\/\/www.fica.unsl.edu.ar\/index.php\/curso-de-posgrado-sobre-la-biologia-de-suelo-con-una-mirada-a-la-region-semiarida\/#primaryimage"},"image":{"@id":"https:\/\/www.fica.unsl.edu.ar\/index.php\/curso-de-posgrado-sobre-la-biologia-de-suelo-con-una-mirada-a-la-region-semiarida\/#primaryimage"},"thumbnailUrl":"https:\/\/www.fica.unsl.edu.ar\/wp-content\/uploads\/2022\/06\/biologia-del-suelo.jpg","datePublished":"2022-06-14T15:50:35+00:00","dateModified":"2022-06-28T13:02:05+00:00","inLanguage":"es-AR","potentialAction":[{"@type":"ReadAction","target":["https:\/\/www.fica.unsl.edu.ar\/index.php\/curso-de-posgrado-sobre-la-biologia-de-suelo-con-una-mirada-a-la-region-semiarida\/"]}]},{"@type":"ImageObject","inLanguage":"es-AR","@id":"https:\/\/www.fica.unsl.edu.ar\/index.php\/curso-de-posgrado-sobre-la-biologia-de-suelo-con-una-mirada-a-la-region-semiarida\/#primaryimage","url":"https:\/\/www.fica.unsl.edu.ar\/wp-content\/uploads\/2022\/06\/biologia-del-suelo.jpg","contentUrl":"https:\/\/www.fica.unsl.edu.ar\/wp-content\/uploads\/2022\/06\/biologia-del-suelo.jpg","width":1061,"height":585},{"@type":"WebSite","@id":"https:\/\/www.fica.unsl.edu.ar\/#website","url":"https:\/\/www.fica.unsl.edu.ar\/","name":"Facultad de Ingenier\u00eda y Ciencias Agropecuarias","description":"","publisher":{"@id":"https:\/\/www.fica.unsl.edu.ar\/#organization"},"potentialAction":[{"@type":"SearchAction","target":{"@type":"EntryPoint","urlTemplate":"https:\/\/www.fica.unsl.edu.ar\/?s={search_term_string}"},"query-input":{"@type":"PropertyValueSpecification","valueRequired":true,"valueName":"search_term_string"}}],"inLanguage":"es-AR"},{"@type":"Organization","@id":"https:\/\/www.fica.unsl.edu.ar\/#organization","name":"Facultad de Ingenier\u00eda y Ciencias Agropecuarias","url":"https:\/\/www.fica.unsl.edu.ar\/","logo":{"@type":"ImageObject","inLanguage":"es-AR","@id":"https:\/\/www.fica.unsl.edu.ar\/#\/schema\/logo\/image\/","url":"https:\/\/www.fica.unsl.edu.ar\/wp-content\/uploads\/2021\/03\/LOGO-1.jpg","contentUrl":"https:\/\/www.fica.unsl.edu.ar\/wp-content\/uploads\/2021\/03\/LOGO-1.jpg","width":463,"height":145,"caption":"Facultad de Ingenier\u00eda y Ciencias Agropecuarias"},"image":{"@id":"https:\/\/www.fica.unsl.edu.ar\/#\/schema\/logo\/image\/"},"sameAs":["https:\/\/www.facebook.com\/FICA.UNSL\/","https:\/\/x.com\/FICAUNSL","https:\/\/www.instagram.com\/fica.unsl\/","https:\/\/www.youtube.com\/channel\/UCs2MM53gb2PyBrMySdtWZDQ"]},{"@type":"Person","@id":"https:\/\/www.fica.unsl.edu.ar\/#\/schema\/person\/6058f9c66301868d3a691b1f5d6c3544","name":"DATI"}]}},"_links":{"self":[{"href":"https:\/\/www.fica.unsl.edu.ar\/index.php\/wp-json\/wp\/v2\/posts\/9675","targetHints":{"allow":["GET"]}}],"collection":[{"href":"https:\/\/www.fica.unsl.edu.ar\/index.php\/wp-json\/wp\/v2\/posts"}],"about":[{"href":"https:\/\/www.fica.unsl.edu.ar\/index.php\/wp-json\/wp\/v2\/types\/post"}],"author":[{"embeddable":true,"href":"https:\/\/www.fica.unsl.edu.ar\/index.php\/wp-json\/wp\/v2\/users\/9"}],"replies":[{"embeddable":true,"href":"https:\/\/www.fica.unsl.edu.ar\/index.php\/wp-json\/wp\/v2\/comments?post=9675"}],"version-history":[{"count":6,"href":"https:\/\/www.fica.unsl.edu.ar\/index.php\/wp-json\/wp\/v2\/posts\/9675\/revisions"}],"predecessor-version":[{"id":9684,"href":"https:\/\/www.fica.unsl.edu.ar\/index.php\/wp-json\/wp\/v2\/posts\/9675\/revisions\/9684"}],"wp:featuredmedia":[{"embeddable":true,"href":"https:\/\/www.fica.unsl.edu.ar\/index.php\/wp-json\/wp\/v2\/media\/9676"}],"wp:attachment":[{"href":"https:\/\/www.fica.unsl.edu.ar\/index.php\/wp-json\/wp\/v2\/media?parent=9675"}],"wp:term":[{"taxonomy":"category","embeddable":true,"href":"https:\/\/www.fica.unsl.edu.ar\/index.php\/wp-json\/wp\/v2\/categories?post=9675"},{"taxonomy":"post_tag","embeddable":true,"href":"https:\/\/www.fica.unsl.edu.ar\/index.php\/wp-json\/wp\/v2\/tags?post=9675"}],"curies":[{"name":"wp","href":"https:\/\/api.w.org\/{rel}","templated":true}]}}