{"id":9710,"date":"2022-06-21T09:51:46","date_gmt":"2022-06-21T12:51:46","guid":{"rendered":"http:\/\/10.101.10.196\/www\/?p=9710"},"modified":"2022-06-21T10:32:29","modified_gmt":"2022-06-21T13:32:29","slug":"ciclo-de-conferencias-de-la-fadia","status":"publish","type":"post","link":"https:\/\/www.fica.unsl.edu.ar\/index.php\/ciclo-de-conferencias-de-la-fadia\/","title":{"rendered":"Ciclo de Conferencias de la FADIA"},"content":{"rendered":"<div>\n<div>\n<div>\n<div id=\"m_6632071601525746687ydp8d70c66dyiv3889457745\">\n<div>En el marco del D\u00eda Internacional de la\u00a0 Lucha Contra la Desertificaci\u00f3n y la Sequ\u00eda, la Federaci\u00f3n Argentina de la Ingenier\u00eda Agron\u00f3mica (FADIA) a trav\u00e9s de la Comisi\u00f3n de Conservaci\u00f3n de Suelos y Ordenamiento Territorial organiz\u00f3 un Ciclo de Conferencias que se desarrollaron el d\u00eda 16 de junio a partir de las 18h v\u00eda Zoom.<\/div>\n<div><\/div>\n<div>Esta conferencia cont\u00f3 con disertaci\u00f3n de especialistas en la materia:<\/div>\n<ul>\n<li>Ing. Agr.\u00a0 Octavio Perez Pardo, MP 92149 CIASE Santiago del Estero, Presidente de la FADIA. Titulo: Marco Normativo Internacional. Informe COP 15. Desafios.<\/li>\n<li>Ing. Agr. Jorge Salomone, MP 32 CPCA Chubut. Titulo: Estado de la Desertificaci\u00f3n en Patogonia Sur y las buenas pr\u00e1cticas agr\u00edcolas.<\/li>\n<li>Dr. Osvaldo Barbosa MP 60 CIAPA San Luis-UNSL. Titulo: Informe del Estado de la Desertificaci\u00f3n en la regi\u00f3n de Cuyo.<\/li>\n<li>Ing. Agr. Pedro Martinez, MP 564 CIAC Catamarca. Titulo: Estado de la Desertificaci\u00f3n en el NOA.<\/li>\n<li>Dr. Edgar Gutierrez, enviado especial de la Convenci\u00f3n de las Naciones Unidas de Lucha Contra la Desertificaci\u00f3n (UNCCD). Titulo: La Relevancia de la UNCCD en la agenda pol\u00edtica mundial y nacional.<\/li>\n<\/ul>\n<p>El cierre del Ciclo estuvo a cargo de la Abg. Reina Sotillo, de la Direcci\u00f3n de Asuntos Ambientales del Ministerio de Relaciones Exteriores de la Naci\u00f3n y el Dr. Pablo Viega Aurelio del Ministerio de Ambiente y Desarrollo Sostenible de la Naci\u00f3n.<\/p>\n<\/div>\n<\/div>\n<\/div>\n<div><\/div>\n<\/div>\n<div>\n<div>\n<div dir=\"ltr\">\n<ul>\n<li><\/li>\n<\/ul>\n<\/div>\n<\/div>\n<\/div>\n","protected":false},"excerpt":{"rendered":"<p>En el marco del D\u00eda Internacional de la\u00a0 Lucha Contra la Desertificaci\u00f3n y la Sequ\u00eda, la Federaci\u00f3n Argentina de la Ingenier\u00eda Agron\u00f3mica (FADIA) a trav\u00e9s&hellip;<\/p>\n","protected":false},"author":9,"featured_media":9711,"comment_status":"closed","ping_status":"closed","sticky":false,"template":"","format":"standard","meta":{"_monsterinsights_skip_tracking":false,"_monsterinsights_sitenote_active":false,"_monsterinsights_sitenote_note":"","_monsterinsights_sitenote_category":0,"_joinchat":[],"footnotes":""},"categories":[19],"tags":[],"class_list":["post-9710","post","type-post","status-publish","format-standard","has-post-thumbnail","hentry","category-noticias"],"yoast_head":"<!-- This site is optimized with the Yoast SEO plugin v27.4 - https:\/\/yoast.com\/product\/yoast-seo-wordpress\/ -->\n<title>Ciclo de Conferencias de la FADIA - Facultad de Ingenier\u00eda y Ciencias Agropecuarias<\/title>\n<meta name=\"robots\" content=\"index, follow, max-snippet:-1, max-image-preview:large, max-video-preview:-1\" \/>\n<link rel=\"canonical\" href=\"https:\/\/www.fica.unsl.edu.ar\/index.php\/ciclo-de-conferencias-de-la-fadia\/\" \/>\n<meta property=\"og:locale\" content=\"es_ES\" \/>\n<meta property=\"og:type\" content=\"article\" \/>\n<meta property=\"og:title\" content=\"Ciclo de Conferencias de la FADIA - Facultad de Ingenier\u00eda y Ciencias Agropecuarias\" \/>\n<meta property=\"og:description\" content=\"En el marco del D\u00eda Internacional de la\u00a0 Lucha Contra la Desertificaci\u00f3n y la Sequ\u00eda, la Federaci\u00f3n Argentina de la Ingenier\u00eda Agron\u00f3mica (FADIA) a trav\u00e9s&hellip;\" \/>\n<meta property=\"og:url\" content=\"https:\/\/www.fica.unsl.edu.ar\/index.php\/ciclo-de-conferencias-de-la-fadia\/\" \/>\n<meta property=\"og:site_name\" content=\"Facultad de Ingenier\u00eda y Ciencias Agropecuarias\" \/>\n<meta property=\"article:publisher\" content=\"https:\/\/www.facebook.com\/FICA.UNSL\/\" \/>\n<meta property=\"article:published_time\" content=\"2022-06-21T12:51:46+00:00\" \/>\n<meta property=\"article:modified_time\" content=\"2022-06-21T13:32:29+00:00\" \/>\n<meta property=\"og:image\" content=\"https:\/\/www.fica.unsl.edu.ar\/wp-content\/uploads\/2022\/06\/Desertificacion.jpg\" \/>\n\t<meta property=\"og:image:width\" content=\"602\" \/>\n\t<meta property=\"og:image:height\" content=\"134\" \/>\n\t<meta property=\"og:image:type\" content=\"image\/jpeg\" \/>\n<meta name=\"author\" content=\"DATI\" \/>\n<meta name=\"twitter:card\" content=\"summary_large_image\" \/>\n<meta name=\"twitter:creator\" content=\"@FICAUNSL\" \/>\n<meta name=\"twitter:site\" content=\"@FICAUNSL\" \/>\n<meta name=\"twitter:label1\" content=\"Escrito por\" \/>\n\t<meta name=\"twitter:data1\" content=\"DATI\" \/>\n\t<meta name=\"twitter:label2\" content=\"Tiempo de lectura\" \/>\n\t<meta name=\"twitter:data2\" content=\"1 minuto\" \/>\n<script type=\"application\/ld+json\" class=\"yoast-schema-graph\">{\"@context\":\"https:\\\/\\\/schema.org\",\"@graph\":[{\"@type\":\"Article\",\"@id\":\"https:\\\/\\\/www.fica.unsl.edu.ar\\\/index.php\\\/ciclo-de-conferencias-de-la-fadia\\\/#article\",\"isPartOf\":{\"@id\":\"https:\\\/\\\/www.fica.unsl.edu.ar\\\/index.php\\\/ciclo-de-conferencias-de-la-fadia\\\/\"},\"author\":{\"name\":\"DATI\",\"@id\":\"https:\\\/\\\/www.fica.unsl.edu.ar\\\/#\\\/schema\\\/person\\\/6058f9c66301868d3a691b1f5d6c3544\"},\"headline\":\"Ciclo de Conferencias de la FADIA\",\"datePublished\":\"2022-06-21T12:51:46+00:00\",\"dateModified\":\"2022-06-21T13:32:29+00:00\",\"mainEntityOfPage\":{\"@id\":\"https:\\\/\\\/www.fica.unsl.edu.ar\\\/index.php\\\/ciclo-de-conferencias-de-la-fadia\\\/\"},\"wordCount\":242,\"publisher\":{\"@id\":\"https:\\\/\\\/www.fica.unsl.edu.ar\\\/#organization\"},\"image\":{\"@id\":\"https:\\\/\\\/www.fica.unsl.edu.ar\\\/index.php\\\/ciclo-de-conferencias-de-la-fadia\\\/#primaryimage\"},\"thumbnailUrl\":\"https:\\\/\\\/www.fica.unsl.edu.ar\\\/wp-content\\\/uploads\\\/2022\\\/06\\\/Desertificacion.jpg\",\"articleSection\":[\"Noticias\"],\"inLanguage\":\"es-AR\"},{\"@type\":\"WebPage\",\"@id\":\"https:\\\/\\\/www.fica.unsl.edu.ar\\\/index.php\\\/ciclo-de-conferencias-de-la-fadia\\\/\",\"url\":\"https:\\\/\\\/www.fica.unsl.edu.ar\\\/index.php\\\/ciclo-de-conferencias-de-la-fadia\\\/\",\"name\":\"Ciclo de Conferencias de la FADIA - Facultad de Ingenier\u00eda y Ciencias Agropecuarias\",\"isPartOf\":{\"@id\":\"https:\\\/\\\/www.fica.unsl.edu.ar\\\/#website\"},\"primaryImageOfPage\":{\"@id\":\"https:\\\/\\\/www.fica.unsl.edu.ar\\\/index.php\\\/ciclo-de-conferencias-de-la-fadia\\\/#primaryimage\"},\"image\":{\"@id\":\"https:\\\/\\\/www.fica.unsl.edu.ar\\\/index.php\\\/ciclo-de-conferencias-de-la-fadia\\\/#primaryimage\"},\"thumbnailUrl\":\"https:\\\/\\\/www.fica.unsl.edu.ar\\\/wp-content\\\/uploads\\\/2022\\\/06\\\/Desertificacion.jpg\",\"datePublished\":\"2022-06-21T12:51:46+00:00\",\"dateModified\":\"2022-06-21T13:32:29+00:00\",\"inLanguage\":\"es-AR\",\"potentialAction\":[{\"@type\":\"ReadAction\",\"target\":[\"https:\\\/\\\/www.fica.unsl.edu.ar\\\/index.php\\\/ciclo-de-conferencias-de-la-fadia\\\/\"]}]},{\"@type\":\"ImageObject\",\"inLanguage\":\"es-AR\",\"@id\":\"https:\\\/\\\/www.fica.unsl.edu.ar\\\/index.php\\\/ciclo-de-conferencias-de-la-fadia\\\/#primaryimage\",\"url\":\"https:\\\/\\\/www.fica.unsl.edu.ar\\\/wp-content\\\/uploads\\\/2022\\\/06\\\/Desertificacion.jpg\",\"contentUrl\":\"https:\\\/\\\/www.fica.unsl.edu.ar\\\/wp-content\\\/uploads\\\/2022\\\/06\\\/Desertificacion.jpg\",\"width\":602,\"height\":134},{\"@type\":\"WebSite\",\"@id\":\"https:\\\/\\\/www.fica.unsl.edu.ar\\\/#website\",\"url\":\"https:\\\/\\\/www.fica.unsl.edu.ar\\\/\",\"name\":\"Facultad de Ingenier\u00eda y Ciencias Agropecuarias\",\"description\":\"\",\"publisher\":{\"@id\":\"https:\\\/\\\/www.fica.unsl.edu.ar\\\/#organization\"},\"potentialAction\":[{\"@type\":\"SearchAction\",\"target\":{\"@type\":\"EntryPoint\",\"urlTemplate\":\"https:\\\/\\\/www.fica.unsl.edu.ar\\\/?s={search_term_string}\"},\"query-input\":{\"@type\":\"PropertyValueSpecification\",\"valueRequired\":true,\"valueName\":\"search_term_string\"}}],\"inLanguage\":\"es-AR\"},{\"@type\":\"Organization\",\"@id\":\"https:\\\/\\\/www.fica.unsl.edu.ar\\\/#organization\",\"name\":\"Facultad de Ingenier\u00eda y Ciencias Agropecuarias\",\"url\":\"https:\\\/\\\/www.fica.unsl.edu.ar\\\/\",\"logo\":{\"@type\":\"ImageObject\",\"inLanguage\":\"es-AR\",\"@id\":\"https:\\\/\\\/www.fica.unsl.edu.ar\\\/#\\\/schema\\\/logo\\\/image\\\/\",\"url\":\"https:\\\/\\\/www.fica.unsl.edu.ar\\\/wp-content\\\/uploads\\\/2021\\\/03\\\/LOGO-1.jpg\",\"contentUrl\":\"https:\\\/\\\/www.fica.unsl.edu.ar\\\/wp-content\\\/uploads\\\/2021\\\/03\\\/LOGO-1.jpg\",\"width\":463,\"height\":145,\"caption\":\"Facultad de Ingenier\u00eda y Ciencias Agropecuarias\"},\"image\":{\"@id\":\"https:\\\/\\\/www.fica.unsl.edu.ar\\\/#\\\/schema\\\/logo\\\/image\\\/\"},\"sameAs\":[\"https:\\\/\\\/www.facebook.com\\\/FICA.UNSL\\\/\",\"https:\\\/\\\/x.com\\\/FICAUNSL\",\"https:\\\/\\\/www.instagram.com\\\/fica.unsl\\\/\",\"https:\\\/\\\/www.youtube.com\\\/channel\\\/UCs2MM53gb2PyBrMySdtWZDQ\"]},{\"@type\":\"Person\",\"@id\":\"https:\\\/\\\/www.fica.unsl.edu.ar\\\/#\\\/schema\\\/person\\\/6058f9c66301868d3a691b1f5d6c3544\",\"name\":\"DATI\"}]}<\/script>\n<!-- \/ Yoast SEO plugin. -->","yoast_head_json":{"title":"Ciclo de Conferencias de la FADIA - Facultad de Ingenier\u00eda y Ciencias Agropecuarias","robots":{"index":"index","follow":"follow","max-snippet":"max-snippet:-1","max-image-preview":"max-image-preview:large","max-video-preview":"max-video-preview:-1"},"canonical":"https:\/\/www.fica.unsl.edu.ar\/index.php\/ciclo-de-conferencias-de-la-fadia\/","og_locale":"es_ES","og_type":"article","og_title":"Ciclo de Conferencias de la FADIA - Facultad de Ingenier\u00eda y Ciencias Agropecuarias","og_description":"En el marco del D\u00eda Internacional de la\u00a0 Lucha Contra la Desertificaci\u00f3n y la Sequ\u00eda, la Federaci\u00f3n Argentina de la Ingenier\u00eda Agron\u00f3mica (FADIA) a trav\u00e9s&hellip;","og_url":"https:\/\/www.fica.unsl.edu.ar\/index.php\/ciclo-de-conferencias-de-la-fadia\/","og_site_name":"Facultad de Ingenier\u00eda y Ciencias Agropecuarias","article_publisher":"https:\/\/www.facebook.com\/FICA.UNSL\/","article_published_time":"2022-06-21T12:51:46+00:00","article_modified_time":"2022-06-21T13:32:29+00:00","og_image":[{"width":602,"height":134,"url":"https:\/\/www.fica.unsl.edu.ar\/wp-content\/uploads\/2022\/06\/Desertificacion.jpg","type":"image\/jpeg"}],"author":"DATI","twitter_card":"summary_large_image","twitter_creator":"@FICAUNSL","twitter_site":"@FICAUNSL","twitter_misc":{"Escrito por":"DATI","Tiempo de lectura":"1 minuto"},"schema":{"@context":"https:\/\/schema.org","@graph":[{"@type":"Article","@id":"https:\/\/www.fica.unsl.edu.ar\/index.php\/ciclo-de-conferencias-de-la-fadia\/#article","isPartOf":{"@id":"https:\/\/www.fica.unsl.edu.ar\/index.php\/ciclo-de-conferencias-de-la-fadia\/"},"author":{"name":"DATI","@id":"https:\/\/www.fica.unsl.edu.ar\/#\/schema\/person\/6058f9c66301868d3a691b1f5d6c3544"},"headline":"Ciclo de Conferencias de la FADIA","datePublished":"2022-06-21T12:51:46+00:00","dateModified":"2022-06-21T13:32:29+00:00","mainEntityOfPage":{"@id":"https:\/\/www.fica.unsl.edu.ar\/index.php\/ciclo-de-conferencias-de-la-fadia\/"},"wordCount":242,"publisher":{"@id":"https:\/\/www.fica.unsl.edu.ar\/#organization"},"image":{"@id":"https:\/\/www.fica.unsl.edu.ar\/index.php\/ciclo-de-conferencias-de-la-fadia\/#primaryimage"},"thumbnailUrl":"https:\/\/www.fica.unsl.edu.ar\/wp-content\/uploads\/2022\/06\/Desertificacion.jpg","articleSection":["Noticias"],"inLanguage":"es-AR"},{"@type":"WebPage","@id":"https:\/\/www.fica.unsl.edu.ar\/index.php\/ciclo-de-conferencias-de-la-fadia\/","url":"https:\/\/www.fica.unsl.edu.ar\/index.php\/ciclo-de-conferencias-de-la-fadia\/","name":"Ciclo de Conferencias de la FADIA - Facultad de Ingenier\u00eda y Ciencias Agropecuarias","isPartOf":{"@id":"https:\/\/www.fica.unsl.edu.ar\/#website"},"primaryImageOfPage":{"@id":"https:\/\/www.fica.unsl.edu.ar\/index.php\/ciclo-de-conferencias-de-la-fadia\/#primaryimage"},"image":{"@id":"https:\/\/www.fica.unsl.edu.ar\/index.php\/ciclo-de-conferencias-de-la-fadia\/#primaryimage"},"thumbnailUrl":"https:\/\/www.fica.unsl.edu.ar\/wp-content\/uploads\/2022\/06\/Desertificacion.jpg","datePublished":"2022-06-21T12:51:46+00:00","dateModified":"2022-06-21T13:32:29+00:00","inLanguage":"es-AR","potentialAction":[{"@type":"ReadAction","target":["https:\/\/www.fica.unsl.edu.ar\/index.php\/ciclo-de-conferencias-de-la-fadia\/"]}]},{"@type":"ImageObject","inLanguage":"es-AR","@id":"https:\/\/www.fica.unsl.edu.ar\/index.php\/ciclo-de-conferencias-de-la-fadia\/#primaryimage","url":"https:\/\/www.fica.unsl.edu.ar\/wp-content\/uploads\/2022\/06\/Desertificacion.jpg","contentUrl":"https:\/\/www.fica.unsl.edu.ar\/wp-content\/uploads\/2022\/06\/Desertificacion.jpg","width":602,"height":134},{"@type":"WebSite","@id":"https:\/\/www.fica.unsl.edu.ar\/#website","url":"https:\/\/www.fica.unsl.edu.ar\/","name":"Facultad de Ingenier\u00eda y Ciencias Agropecuarias","description":"","publisher":{"@id":"https:\/\/www.fica.unsl.edu.ar\/#organization"},"potentialAction":[{"@type":"SearchAction","target":{"@type":"EntryPoint","urlTemplate":"https:\/\/www.fica.unsl.edu.ar\/?s={search_term_string}"},"query-input":{"@type":"PropertyValueSpecification","valueRequired":true,"valueName":"search_term_string"}}],"inLanguage":"es-AR"},{"@type":"Organization","@id":"https:\/\/www.fica.unsl.edu.ar\/#organization","name":"Facultad de Ingenier\u00eda y Ciencias Agropecuarias","url":"https:\/\/www.fica.unsl.edu.ar\/","logo":{"@type":"ImageObject","inLanguage":"es-AR","@id":"https:\/\/www.fica.unsl.edu.ar\/#\/schema\/logo\/image\/","url":"https:\/\/www.fica.unsl.edu.ar\/wp-content\/uploads\/2021\/03\/LOGO-1.jpg","contentUrl":"https:\/\/www.fica.unsl.edu.ar\/wp-content\/uploads\/2021\/03\/LOGO-1.jpg","width":463,"height":145,"caption":"Facultad de Ingenier\u00eda y Ciencias Agropecuarias"},"image":{"@id":"https:\/\/www.fica.unsl.edu.ar\/#\/schema\/logo\/image\/"},"sameAs":["https:\/\/www.facebook.com\/FICA.UNSL\/","https:\/\/x.com\/FICAUNSL","https:\/\/www.instagram.com\/fica.unsl\/","https:\/\/www.youtube.com\/channel\/UCs2MM53gb2PyBrMySdtWZDQ"]},{"@type":"Person","@id":"https:\/\/www.fica.unsl.edu.ar\/#\/schema\/person\/6058f9c66301868d3a691b1f5d6c3544","name":"DATI"}]}},"_links":{"self":[{"href":"https:\/\/www.fica.unsl.edu.ar\/index.php\/wp-json\/wp\/v2\/posts\/9710","targetHints":{"allow":["GET"]}}],"collection":[{"href":"https:\/\/www.fica.unsl.edu.ar\/index.php\/wp-json\/wp\/v2\/posts"}],"about":[{"href":"https:\/\/www.fica.unsl.edu.ar\/index.php\/wp-json\/wp\/v2\/types\/post"}],"author":[{"embeddable":true,"href":"https:\/\/www.fica.unsl.edu.ar\/index.php\/wp-json\/wp\/v2\/users\/9"}],"replies":[{"embeddable":true,"href":"https:\/\/www.fica.unsl.edu.ar\/index.php\/wp-json\/wp\/v2\/comments?post=9710"}],"version-history":[{"count":1,"href":"https:\/\/www.fica.unsl.edu.ar\/index.php\/wp-json\/wp\/v2\/posts\/9710\/revisions"}],"predecessor-version":[{"id":9712,"href":"https:\/\/www.fica.unsl.edu.ar\/index.php\/wp-json\/wp\/v2\/posts\/9710\/revisions\/9712"}],"wp:featuredmedia":[{"embeddable":true,"href":"https:\/\/www.fica.unsl.edu.ar\/index.php\/wp-json\/wp\/v2\/media\/9711"}],"wp:attachment":[{"href":"https:\/\/www.fica.unsl.edu.ar\/index.php\/wp-json\/wp\/v2\/media?parent=9710"}],"wp:term":[{"taxonomy":"category","embeddable":true,"href":"https:\/\/www.fica.unsl.edu.ar\/index.php\/wp-json\/wp\/v2\/categories?post=9710"},{"taxonomy":"post_tag","embeddable":true,"href":"https:\/\/www.fica.unsl.edu.ar\/index.php\/wp-json\/wp\/v2\/tags?post=9710"}],"curies":[{"name":"wp","href":"https:\/\/api.w.org\/{rel}","templated":true}]}}