{"id":9716,"date":"2022-06-21T12:56:44","date_gmt":"2022-06-21T15:56:44","guid":{"rendered":"http:\/\/10.101.10.196\/www\/?p=9716"},"modified":"2022-06-23T11:07:17","modified_gmt":"2022-06-23T14:07:17","slug":"inicio-el-curso-introduccion-a-la-energia-fotovoltaica-para-estudiantes-de-escuelas-secundarias","status":"publish","type":"post","link":"https:\/\/www.fica.unsl.edu.ar\/index.php\/inicio-el-curso-introduccion-a-la-energia-fotovoltaica-para-estudiantes-de-escuelas-secundarias\/","title":{"rendered":"Inici\u00f3 el curso \u201cIntroducci\u00f3n a la energ\u00eda fotovoltaica\u201d para estudiantes de escuelas secundarias"},"content":{"rendered":"<p>La Coordinaci\u00f3n de Extensi\u00f3n, Vinculaci\u00f3n y Transferencia informa que el pasado viernes 17 de junio, el Laboratorio de Tecnolog\u00edas Apropiadas de la FICA, inici\u00f3 el dictado del curso \u201cIntroducci\u00f3n a la energ\u00eda fotovoltaica\u201d, una actividad presencial y virtual dirigida a estudiantes de escuelas secundarias y p\u00fablico en general.<\/p>\n<p>Este curso se encuentra en el marco de las actividades de diferentes proyectos de la SPU \u201cGenerando Vocaciones Sostenibles\u201d y de la\u00a0 IEEE EDS \u201cPromoting STEM Courses to Young Students for Renewable Energy with Open Source Technology,\u201d . Tiene como finalidad que el estudiante aprenda t\u00e9rminos y conceptos b\u00e1sicos acerca de la energ\u00eda renovable. Revisar conceptos de electricidad y sistemas CC y AC. Presentar detalles t\u00e9cnicos de fuentes de almacenamiento. Que el alumno logre aprender configuraci\u00f3n de conexi\u00f3n de sistemas fotovoltaicos aislados; y \u00a0caracter\u00edsticas b\u00e1sicas de los componentes electr\u00f3nicos que conforman los sistemas de generaci\u00f3n aislada y bombeo de agua. Poder presentar conceptos y normas de seguridad en sistemas el\u00e9ctricos, lograr dimensionar con software de simulaci\u00f3n sistemas aislados de generaci\u00f3n fotovoltaica aislada y realizar estrategias de mantenimiento preventivo en las instalaciones.<\/p>\n<p>Este curso se desarrollar\u00e1 en los meses de junio y julio con un cr\u00e9dito horario de 60 h. (20 h. virtuales, 30 h. de clases pr\u00e1cticas y 10 hs. de autoestudio y elaboraci\u00f3n de actividades). Aquellos interesados en participar, deber\u00e1n ingresar al siguiente enlace web:<\/p>\n<h3 style=\"text-align: center;\"><span style=\"color: #808080;\"><a style=\"color: #808080;\" href=\"https:\/\/sites.google.com\/site\/guillermocatuogno\/home\/curso-fotovoltaica\" target=\"_blank\" rel=\"noopener\">SITIO WEB\u00a0<\/a><\/span><\/h3>\n","protected":false},"excerpt":{"rendered":"<p>La Coordinaci\u00f3n de Extensi\u00f3n, Vinculaci\u00f3n y Transferencia informa que el pasado viernes 17 de junio, el Laboratorio de Tecnolog\u00edas Apropiadas de la FICA, inici\u00f3 el&hellip;<\/p>\n","protected":false},"author":9,"featured_media":9717,"comment_status":"closed","ping_status":"closed","sticky":false,"template":"","format":"standard","meta":{"_monsterinsights_skip_tracking":false,"_monsterinsights_sitenote_active":false,"_monsterinsights_sitenote_note":"","_monsterinsights_sitenote_category":0,"_joinchat":[],"footnotes":""},"categories":[19],"tags":[],"class_list":["post-9716","post","type-post","status-publish","format-standard","has-post-thumbnail","hentry","category-noticias"],"yoast_head":"<!-- This site is optimized with the Yoast SEO plugin v27.4 - https:\/\/yoast.com\/product\/yoast-seo-wordpress\/ -->\n<title>Inici\u00f3 el curso \u201cIntroducci\u00f3n a la energ\u00eda fotovoltaica\u201d para estudiantes de escuelas secundarias - Facultad de Ingenier\u00eda y Ciencias Agropecuarias<\/title>\n<meta name=\"robots\" content=\"index, follow, max-snippet:-1, max-image-preview:large, max-video-preview:-1\" \/>\n<link rel=\"canonical\" href=\"https:\/\/www.fica.unsl.edu.ar\/index.php\/inicio-el-curso-introduccion-a-la-energia-fotovoltaica-para-estudiantes-de-escuelas-secundarias\/\" \/>\n<meta property=\"og:locale\" content=\"es_ES\" \/>\n<meta property=\"og:type\" content=\"article\" \/>\n<meta property=\"og:title\" content=\"Inici\u00f3 el curso \u201cIntroducci\u00f3n a la energ\u00eda fotovoltaica\u201d para estudiantes de escuelas secundarias - Facultad de Ingenier\u00eda y Ciencias Agropecuarias\" \/>\n<meta property=\"og:description\" content=\"La Coordinaci\u00f3n de Extensi\u00f3n, Vinculaci\u00f3n y Transferencia informa que el pasado viernes 17 de junio, el Laboratorio de Tecnolog\u00edas Apropiadas de la FICA, inici\u00f3 el&hellip;\" \/>\n<meta property=\"og:url\" content=\"https:\/\/www.fica.unsl.edu.ar\/index.php\/inicio-el-curso-introduccion-a-la-energia-fotovoltaica-para-estudiantes-de-escuelas-secundarias\/\" \/>\n<meta property=\"og:site_name\" content=\"Facultad de Ingenier\u00eda y Ciencias Agropecuarias\" \/>\n<meta property=\"article:publisher\" content=\"https:\/\/www.facebook.com\/FICA.UNSL\/\" \/>\n<meta property=\"article:published_time\" content=\"2022-06-21T15:56:44+00:00\" \/>\n<meta property=\"article:modified_time\" content=\"2022-06-23T14:07:17+00:00\" \/>\n<meta property=\"og:image\" content=\"https:\/\/www.fica.unsl.edu.ar\/wp-content\/uploads\/2022\/06\/labta.jpg\" \/>\n\t<meta property=\"og:image:width\" content=\"1061\" \/>\n\t<meta property=\"og:image:height\" content=\"585\" \/>\n\t<meta property=\"og:image:type\" content=\"image\/jpeg\" \/>\n<meta name=\"author\" content=\"DATI\" \/>\n<meta name=\"twitter:card\" content=\"summary_large_image\" \/>\n<meta name=\"twitter:creator\" content=\"@FICAUNSL\" \/>\n<meta name=\"twitter:site\" content=\"@FICAUNSL\" \/>\n<meta name=\"twitter:label1\" content=\"Escrito por\" \/>\n\t<meta name=\"twitter:data1\" content=\"DATI\" \/>\n\t<meta name=\"twitter:label2\" content=\"Tiempo de lectura\" \/>\n\t<meta name=\"twitter:data2\" content=\"2 minutos\" \/>\n<script type=\"application\/ld+json\" class=\"yoast-schema-graph\">{\"@context\":\"https:\\\/\\\/schema.org\",\"@graph\":[{\"@type\":\"Article\",\"@id\":\"https:\\\/\\\/www.fica.unsl.edu.ar\\\/index.php\\\/inicio-el-curso-introduccion-a-la-energia-fotovoltaica-para-estudiantes-de-escuelas-secundarias\\\/#article\",\"isPartOf\":{\"@id\":\"https:\\\/\\\/www.fica.unsl.edu.ar\\\/index.php\\\/inicio-el-curso-introduccion-a-la-energia-fotovoltaica-para-estudiantes-de-escuelas-secundarias\\\/\"},\"author\":{\"name\":\"DATI\",\"@id\":\"https:\\\/\\\/www.fica.unsl.edu.ar\\\/#\\\/schema\\\/person\\\/6058f9c66301868d3a691b1f5d6c3544\"},\"headline\":\"Inici\u00f3 el curso \u201cIntroducci\u00f3n a la energ\u00eda fotovoltaica\u201d para estudiantes de escuelas secundarias\",\"datePublished\":\"2022-06-21T15:56:44+00:00\",\"dateModified\":\"2022-06-23T14:07:17+00:00\",\"mainEntityOfPage\":{\"@id\":\"https:\\\/\\\/www.fica.unsl.edu.ar\\\/index.php\\\/inicio-el-curso-introduccion-a-la-energia-fotovoltaica-para-estudiantes-de-escuelas-secundarias\\\/\"},\"wordCount\":259,\"publisher\":{\"@id\":\"https:\\\/\\\/www.fica.unsl.edu.ar\\\/#organization\"},\"image\":{\"@id\":\"https:\\\/\\\/www.fica.unsl.edu.ar\\\/index.php\\\/inicio-el-curso-introduccion-a-la-energia-fotovoltaica-para-estudiantes-de-escuelas-secundarias\\\/#primaryimage\"},\"thumbnailUrl\":\"https:\\\/\\\/www.fica.unsl.edu.ar\\\/wp-content\\\/uploads\\\/2022\\\/06\\\/labta.jpg\",\"articleSection\":[\"Noticias\"],\"inLanguage\":\"es-AR\"},{\"@type\":\"WebPage\",\"@id\":\"https:\\\/\\\/www.fica.unsl.edu.ar\\\/index.php\\\/inicio-el-curso-introduccion-a-la-energia-fotovoltaica-para-estudiantes-de-escuelas-secundarias\\\/\",\"url\":\"https:\\\/\\\/www.fica.unsl.edu.ar\\\/index.php\\\/inicio-el-curso-introduccion-a-la-energia-fotovoltaica-para-estudiantes-de-escuelas-secundarias\\\/\",\"name\":\"Inici\u00f3 el curso \u201cIntroducci\u00f3n a la energ\u00eda fotovoltaica\u201d para estudiantes de escuelas secundarias - Facultad de Ingenier\u00eda y Ciencias Agropecuarias\",\"isPartOf\":{\"@id\":\"https:\\\/\\\/www.fica.unsl.edu.ar\\\/#website\"},\"primaryImageOfPage\":{\"@id\":\"https:\\\/\\\/www.fica.unsl.edu.ar\\\/index.php\\\/inicio-el-curso-introduccion-a-la-energia-fotovoltaica-para-estudiantes-de-escuelas-secundarias\\\/#primaryimage\"},\"image\":{\"@id\":\"https:\\\/\\\/www.fica.unsl.edu.ar\\\/index.php\\\/inicio-el-curso-introduccion-a-la-energia-fotovoltaica-para-estudiantes-de-escuelas-secundarias\\\/#primaryimage\"},\"thumbnailUrl\":\"https:\\\/\\\/www.fica.unsl.edu.ar\\\/wp-content\\\/uploads\\\/2022\\\/06\\\/labta.jpg\",\"datePublished\":\"2022-06-21T15:56:44+00:00\",\"dateModified\":\"2022-06-23T14:07:17+00:00\",\"inLanguage\":\"es-AR\",\"potentialAction\":[{\"@type\":\"ReadAction\",\"target\":[\"https:\\\/\\\/www.fica.unsl.edu.ar\\\/index.php\\\/inicio-el-curso-introduccion-a-la-energia-fotovoltaica-para-estudiantes-de-escuelas-secundarias\\\/\"]}]},{\"@type\":\"ImageObject\",\"inLanguage\":\"es-AR\",\"@id\":\"https:\\\/\\\/www.fica.unsl.edu.ar\\\/index.php\\\/inicio-el-curso-introduccion-a-la-energia-fotovoltaica-para-estudiantes-de-escuelas-secundarias\\\/#primaryimage\",\"url\":\"https:\\\/\\\/www.fica.unsl.edu.ar\\\/wp-content\\\/uploads\\\/2022\\\/06\\\/labta.jpg\",\"contentUrl\":\"https:\\\/\\\/www.fica.unsl.edu.ar\\\/wp-content\\\/uploads\\\/2022\\\/06\\\/labta.jpg\",\"width\":1061,\"height\":585},{\"@type\":\"WebSite\",\"@id\":\"https:\\\/\\\/www.fica.unsl.edu.ar\\\/#website\",\"url\":\"https:\\\/\\\/www.fica.unsl.edu.ar\\\/\",\"name\":\"Facultad de Ingenier\u00eda y Ciencias Agropecuarias\",\"description\":\"\",\"publisher\":{\"@id\":\"https:\\\/\\\/www.fica.unsl.edu.ar\\\/#organization\"},\"potentialAction\":[{\"@type\":\"SearchAction\",\"target\":{\"@type\":\"EntryPoint\",\"urlTemplate\":\"https:\\\/\\\/www.fica.unsl.edu.ar\\\/?s={search_term_string}\"},\"query-input\":{\"@type\":\"PropertyValueSpecification\",\"valueRequired\":true,\"valueName\":\"search_term_string\"}}],\"inLanguage\":\"es-AR\"},{\"@type\":\"Organization\",\"@id\":\"https:\\\/\\\/www.fica.unsl.edu.ar\\\/#organization\",\"name\":\"Facultad de Ingenier\u00eda y Ciencias Agropecuarias\",\"url\":\"https:\\\/\\\/www.fica.unsl.edu.ar\\\/\",\"logo\":{\"@type\":\"ImageObject\",\"inLanguage\":\"es-AR\",\"@id\":\"https:\\\/\\\/www.fica.unsl.edu.ar\\\/#\\\/schema\\\/logo\\\/image\\\/\",\"url\":\"https:\\\/\\\/www.fica.unsl.edu.ar\\\/wp-content\\\/uploads\\\/2021\\\/03\\\/LOGO-1.jpg\",\"contentUrl\":\"https:\\\/\\\/www.fica.unsl.edu.ar\\\/wp-content\\\/uploads\\\/2021\\\/03\\\/LOGO-1.jpg\",\"width\":463,\"height\":145,\"caption\":\"Facultad de Ingenier\u00eda y Ciencias Agropecuarias\"},\"image\":{\"@id\":\"https:\\\/\\\/www.fica.unsl.edu.ar\\\/#\\\/schema\\\/logo\\\/image\\\/\"},\"sameAs\":[\"https:\\\/\\\/www.facebook.com\\\/FICA.UNSL\\\/\",\"https:\\\/\\\/x.com\\\/FICAUNSL\",\"https:\\\/\\\/www.instagram.com\\\/fica.unsl\\\/\",\"https:\\\/\\\/www.youtube.com\\\/channel\\\/UCs2MM53gb2PyBrMySdtWZDQ\"]},{\"@type\":\"Person\",\"@id\":\"https:\\\/\\\/www.fica.unsl.edu.ar\\\/#\\\/schema\\\/person\\\/6058f9c66301868d3a691b1f5d6c3544\",\"name\":\"DATI\"}]}<\/script>\n<!-- \/ Yoast SEO plugin. -->","yoast_head_json":{"title":"Inici\u00f3 el curso \u201cIntroducci\u00f3n a la energ\u00eda fotovoltaica\u201d para estudiantes de escuelas secundarias - Facultad de Ingenier\u00eda y Ciencias Agropecuarias","robots":{"index":"index","follow":"follow","max-snippet":"max-snippet:-1","max-image-preview":"max-image-preview:large","max-video-preview":"max-video-preview:-1"},"canonical":"https:\/\/www.fica.unsl.edu.ar\/index.php\/inicio-el-curso-introduccion-a-la-energia-fotovoltaica-para-estudiantes-de-escuelas-secundarias\/","og_locale":"es_ES","og_type":"article","og_title":"Inici\u00f3 el curso \u201cIntroducci\u00f3n a la energ\u00eda fotovoltaica\u201d para estudiantes de escuelas secundarias - Facultad de Ingenier\u00eda y Ciencias Agropecuarias","og_description":"La Coordinaci\u00f3n de Extensi\u00f3n, Vinculaci\u00f3n y Transferencia informa que el pasado viernes 17 de junio, el Laboratorio de Tecnolog\u00edas Apropiadas de la FICA, inici\u00f3 el&hellip;","og_url":"https:\/\/www.fica.unsl.edu.ar\/index.php\/inicio-el-curso-introduccion-a-la-energia-fotovoltaica-para-estudiantes-de-escuelas-secundarias\/","og_site_name":"Facultad de Ingenier\u00eda y Ciencias Agropecuarias","article_publisher":"https:\/\/www.facebook.com\/FICA.UNSL\/","article_published_time":"2022-06-21T15:56:44+00:00","article_modified_time":"2022-06-23T14:07:17+00:00","og_image":[{"width":1061,"height":585,"url":"https:\/\/www.fica.unsl.edu.ar\/wp-content\/uploads\/2022\/06\/labta.jpg","type":"image\/jpeg"}],"author":"DATI","twitter_card":"summary_large_image","twitter_creator":"@FICAUNSL","twitter_site":"@FICAUNSL","twitter_misc":{"Escrito por":"DATI","Tiempo de lectura":"2 minutos"},"schema":{"@context":"https:\/\/schema.org","@graph":[{"@type":"Article","@id":"https:\/\/www.fica.unsl.edu.ar\/index.php\/inicio-el-curso-introduccion-a-la-energia-fotovoltaica-para-estudiantes-de-escuelas-secundarias\/#article","isPartOf":{"@id":"https:\/\/www.fica.unsl.edu.ar\/index.php\/inicio-el-curso-introduccion-a-la-energia-fotovoltaica-para-estudiantes-de-escuelas-secundarias\/"},"author":{"name":"DATI","@id":"https:\/\/www.fica.unsl.edu.ar\/#\/schema\/person\/6058f9c66301868d3a691b1f5d6c3544"},"headline":"Inici\u00f3 el curso \u201cIntroducci\u00f3n a la energ\u00eda fotovoltaica\u201d para estudiantes de escuelas secundarias","datePublished":"2022-06-21T15:56:44+00:00","dateModified":"2022-06-23T14:07:17+00:00","mainEntityOfPage":{"@id":"https:\/\/www.fica.unsl.edu.ar\/index.php\/inicio-el-curso-introduccion-a-la-energia-fotovoltaica-para-estudiantes-de-escuelas-secundarias\/"},"wordCount":259,"publisher":{"@id":"https:\/\/www.fica.unsl.edu.ar\/#organization"},"image":{"@id":"https:\/\/www.fica.unsl.edu.ar\/index.php\/inicio-el-curso-introduccion-a-la-energia-fotovoltaica-para-estudiantes-de-escuelas-secundarias\/#primaryimage"},"thumbnailUrl":"https:\/\/www.fica.unsl.edu.ar\/wp-content\/uploads\/2022\/06\/labta.jpg","articleSection":["Noticias"],"inLanguage":"es-AR"},{"@type":"WebPage","@id":"https:\/\/www.fica.unsl.edu.ar\/index.php\/inicio-el-curso-introduccion-a-la-energia-fotovoltaica-para-estudiantes-de-escuelas-secundarias\/","url":"https:\/\/www.fica.unsl.edu.ar\/index.php\/inicio-el-curso-introduccion-a-la-energia-fotovoltaica-para-estudiantes-de-escuelas-secundarias\/","name":"Inici\u00f3 el curso \u201cIntroducci\u00f3n a la energ\u00eda fotovoltaica\u201d para estudiantes de escuelas secundarias - Facultad de Ingenier\u00eda y Ciencias Agropecuarias","isPartOf":{"@id":"https:\/\/www.fica.unsl.edu.ar\/#website"},"primaryImageOfPage":{"@id":"https:\/\/www.fica.unsl.edu.ar\/index.php\/inicio-el-curso-introduccion-a-la-energia-fotovoltaica-para-estudiantes-de-escuelas-secundarias\/#primaryimage"},"image":{"@id":"https:\/\/www.fica.unsl.edu.ar\/index.php\/inicio-el-curso-introduccion-a-la-energia-fotovoltaica-para-estudiantes-de-escuelas-secundarias\/#primaryimage"},"thumbnailUrl":"https:\/\/www.fica.unsl.edu.ar\/wp-content\/uploads\/2022\/06\/labta.jpg","datePublished":"2022-06-21T15:56:44+00:00","dateModified":"2022-06-23T14:07:17+00:00","inLanguage":"es-AR","potentialAction":[{"@type":"ReadAction","target":["https:\/\/www.fica.unsl.edu.ar\/index.php\/inicio-el-curso-introduccion-a-la-energia-fotovoltaica-para-estudiantes-de-escuelas-secundarias\/"]}]},{"@type":"ImageObject","inLanguage":"es-AR","@id":"https:\/\/www.fica.unsl.edu.ar\/index.php\/inicio-el-curso-introduccion-a-la-energia-fotovoltaica-para-estudiantes-de-escuelas-secundarias\/#primaryimage","url":"https:\/\/www.fica.unsl.edu.ar\/wp-content\/uploads\/2022\/06\/labta.jpg","contentUrl":"https:\/\/www.fica.unsl.edu.ar\/wp-content\/uploads\/2022\/06\/labta.jpg","width":1061,"height":585},{"@type":"WebSite","@id":"https:\/\/www.fica.unsl.edu.ar\/#website","url":"https:\/\/www.fica.unsl.edu.ar\/","name":"Facultad de Ingenier\u00eda y Ciencias Agropecuarias","description":"","publisher":{"@id":"https:\/\/www.fica.unsl.edu.ar\/#organization"},"potentialAction":[{"@type":"SearchAction","target":{"@type":"EntryPoint","urlTemplate":"https:\/\/www.fica.unsl.edu.ar\/?s={search_term_string}"},"query-input":{"@type":"PropertyValueSpecification","valueRequired":true,"valueName":"search_term_string"}}],"inLanguage":"es-AR"},{"@type":"Organization","@id":"https:\/\/www.fica.unsl.edu.ar\/#organization","name":"Facultad de Ingenier\u00eda y Ciencias Agropecuarias","url":"https:\/\/www.fica.unsl.edu.ar\/","logo":{"@type":"ImageObject","inLanguage":"es-AR","@id":"https:\/\/www.fica.unsl.edu.ar\/#\/schema\/logo\/image\/","url":"https:\/\/www.fica.unsl.edu.ar\/wp-content\/uploads\/2021\/03\/LOGO-1.jpg","contentUrl":"https:\/\/www.fica.unsl.edu.ar\/wp-content\/uploads\/2021\/03\/LOGO-1.jpg","width":463,"height":145,"caption":"Facultad de Ingenier\u00eda y Ciencias Agropecuarias"},"image":{"@id":"https:\/\/www.fica.unsl.edu.ar\/#\/schema\/logo\/image\/"},"sameAs":["https:\/\/www.facebook.com\/FICA.UNSL\/","https:\/\/x.com\/FICAUNSL","https:\/\/www.instagram.com\/fica.unsl\/","https:\/\/www.youtube.com\/channel\/UCs2MM53gb2PyBrMySdtWZDQ"]},{"@type":"Person","@id":"https:\/\/www.fica.unsl.edu.ar\/#\/schema\/person\/6058f9c66301868d3a691b1f5d6c3544","name":"DATI"}]}},"_links":{"self":[{"href":"https:\/\/www.fica.unsl.edu.ar\/index.php\/wp-json\/wp\/v2\/posts\/9716","targetHints":{"allow":["GET"]}}],"collection":[{"href":"https:\/\/www.fica.unsl.edu.ar\/index.php\/wp-json\/wp\/v2\/posts"}],"about":[{"href":"https:\/\/www.fica.unsl.edu.ar\/index.php\/wp-json\/wp\/v2\/types\/post"}],"author":[{"embeddable":true,"href":"https:\/\/www.fica.unsl.edu.ar\/index.php\/wp-json\/wp\/v2\/users\/9"}],"replies":[{"embeddable":true,"href":"https:\/\/www.fica.unsl.edu.ar\/index.php\/wp-json\/wp\/v2\/comments?post=9716"}],"version-history":[{"count":3,"href":"https:\/\/www.fica.unsl.edu.ar\/index.php\/wp-json\/wp\/v2\/posts\/9716\/revisions"}],"predecessor-version":[{"id":9721,"href":"https:\/\/www.fica.unsl.edu.ar\/index.php\/wp-json\/wp\/v2\/posts\/9716\/revisions\/9721"}],"wp:featuredmedia":[{"embeddable":true,"href":"https:\/\/www.fica.unsl.edu.ar\/index.php\/wp-json\/wp\/v2\/media\/9717"}],"wp:attachment":[{"href":"https:\/\/www.fica.unsl.edu.ar\/index.php\/wp-json\/wp\/v2\/media?parent=9716"}],"wp:term":[{"taxonomy":"category","embeddable":true,"href":"https:\/\/www.fica.unsl.edu.ar\/index.php\/wp-json\/wp\/v2\/categories?post=9716"},{"taxonomy":"post_tag","embeddable":true,"href":"https:\/\/www.fica.unsl.edu.ar\/index.php\/wp-json\/wp\/v2\/tags?post=9716"}],"curies":[{"name":"wp","href":"https:\/\/api.w.org\/{rel}","templated":true}]}}