{"id":9799,"date":"2022-06-30T19:32:23","date_gmt":"2022-06-30T22:32:23","guid":{"rendered":"http:\/\/10.101.10.196\/www\/?p=9799"},"modified":"2022-07-27T10:36:32","modified_gmt":"2022-07-27T13:36:32","slug":"los-productos-de-la-planta-piloto-presentes-en-la-celebracion-del-65-aniversario-del-inti","status":"publish","type":"post","link":"https:\/\/www.fica.unsl.edu.ar\/index.php\/los-productos-de-la-planta-piloto-presentes-en-la-celebracion-del-65-aniversario-del-inti\/","title":{"rendered":"Los productos de la Planta Piloto presentes en la celebraci\u00f3n del 65\u00b0 Aniversario del INTI"},"content":{"rendered":"<p>La FICA expondr\u00e1 sus productos alimenticios producidos en la Planta Piloto, en la celebraci\u00f3n del 65\u00b0 aniversario del Instituto Nacional de Tecnolog\u00eda Industrial (INTI), que se realizar\u00e1 en la ciudad de San Juan, bajo la consigna \u201cArticulaci\u00f3n de una agenda estrat\u00e9gica desde la regi\u00f3n Cuyo\u201d.<\/p>\n<p>Este encuentro regional forma parte de la agenda federal de celebraciones del INTI, que dio inicio el pasado 30 de mayo en la provincia de Entre R\u00edos. Desarrolladas durante el jueves 30 de junio y el viernes 1\u00ba de julio, estas jornadas convocan a representantes de gobiernos provinciales y locales de la Regi\u00f3n Cuyo (San Juan, Mendoza, San Luis y La Rioja), referentes institucionales de c\u00e1maras, universidades, organismos empresarios y tecnol\u00f3gicos.<\/p>\n<p>La Planta Piloto de la FICA dir\u00e1 presente durante la jornada del viernes, donde presentar\u00e1 sus productos en la \u201cFeria de Exposiciones de Productos Regionales\u201d, emplazado en el Espacio semicubierto contiguo al Auditorio Gobernador Eloy P. Camus. En ese marco, se tendr\u00e1 en cuenta la importancia de factores como la calidad y trazabilidad para la exportaci\u00f3n y la competitividad; y la importancia del envase y la log\u00edstica; entre otras tem\u00e1ticas relevantes.<\/p>\n<p>A cargo del Coordinador de la Planta Piloto, Ing. Nahuel Ambroggio y la docente, Ing. Gabriela Tobares, el stand de exposiciones de la FICA estar\u00e1 integrado por los siguientes productos: Dulce de Zapallo y Cereza, Mermelada de Manzana (ambos se pueden degustar), Guiso Vegetal Deshidratado, Salchichas Vegetarianas en base a productos regionales (con y sin harina de algarroba).<\/p>\n<p>El encuentro regional tiene como finalidad promover la gobernanza, la integraci\u00f3n regional y el desarrollo productivo de cada sector mediante la transferencia tecnol\u00f3gica, brindando la posibilidad de consolidar nuestras l\u00edneas estrat\u00e9gicas con el fin de fortalecer el entramado productivo y se pondr\u00e1 el acento en el desarrollo de energ\u00edas renovables, la elaboraci\u00f3n de alimentos con valor agregado y el desarrollo tecnol\u00f3gico para la mejora de la competitividad a escala local.<\/p>\n<p>En esta oportunidad, los ejes del encuentro ser\u00e1n las tecnolog\u00edas para el aprovechamiento solar y e\u00f3lico, las l\u00edneas de financiamiento para el desarrollo de las energ\u00edas renovables; alimentos con agregado de valor en origen; calidad y trazabilidad de vinos y aceite de oliva para exportaci\u00f3n; producci\u00f3n vitivin\u00edcola sustentable; gobiernos locales y desarrollo tecnol\u00f3gico; y experiencias de integraci\u00f3n regional para el desarrollo productivo.<\/p>\n","protected":false},"excerpt":{"rendered":"<p>La FICA expondr\u00e1 sus productos alimenticios producidos en la Planta Piloto, en la celebraci\u00f3n del 65\u00b0 aniversario del Instituto Nacional de Tecnolog\u00eda Industrial (INTI), que&hellip;<\/p>\n","protected":false},"author":9,"featured_media":9800,"comment_status":"closed","ping_status":"closed","sticky":false,"template":"","format":"standard","meta":{"_monsterinsights_skip_tracking":false,"_monsterinsights_sitenote_active":false,"_monsterinsights_sitenote_note":"","_monsterinsights_sitenote_category":0,"_joinchat":[],"footnotes":""},"categories":[19],"tags":[],"class_list":["post-9799","post","type-post","status-publish","format-standard","has-post-thumbnail","hentry","category-noticias"],"yoast_head":"<!-- This site is optimized with the Yoast SEO plugin v27.4 - https:\/\/yoast.com\/product\/yoast-seo-wordpress\/ -->\n<title>Los productos de la Planta Piloto presentes en la celebraci\u00f3n del 65\u00b0 Aniversario del INTI - Facultad de Ingenier\u00eda y Ciencias Agropecuarias<\/title>\n<meta name=\"robots\" content=\"index, follow, max-snippet:-1, max-image-preview:large, max-video-preview:-1\" \/>\n<link rel=\"canonical\" href=\"https:\/\/www.fica.unsl.edu.ar\/index.php\/los-productos-de-la-planta-piloto-presentes-en-la-celebracion-del-65-aniversario-del-inti\/\" \/>\n<meta property=\"og:locale\" content=\"es_ES\" \/>\n<meta property=\"og:type\" content=\"article\" \/>\n<meta property=\"og:title\" content=\"Los productos de la Planta Piloto presentes en la celebraci\u00f3n del 65\u00b0 Aniversario del INTI - Facultad de Ingenier\u00eda y Ciencias Agropecuarias\" \/>\n<meta property=\"og:description\" content=\"La FICA expondr\u00e1 sus productos alimenticios producidos en la Planta Piloto, en la celebraci\u00f3n del 65\u00b0 aniversario del Instituto Nacional de Tecnolog\u00eda Industrial (INTI), que&hellip;\" \/>\n<meta property=\"og:url\" content=\"https:\/\/www.fica.unsl.edu.ar\/index.php\/los-productos-de-la-planta-piloto-presentes-en-la-celebracion-del-65-aniversario-del-inti\/\" \/>\n<meta property=\"og:site_name\" content=\"Facultad de Ingenier\u00eda y Ciencias Agropecuarias\" \/>\n<meta property=\"article:publisher\" content=\"https:\/\/www.facebook.com\/FICA.UNSL\/\" \/>\n<meta property=\"article:published_time\" content=\"2022-06-30T22:32:23+00:00\" \/>\n<meta property=\"article:modified_time\" content=\"2022-07-27T13:36:32+00:00\" \/>\n<meta property=\"og:image\" content=\"https:\/\/www.fica.unsl.edu.ar\/wp-content\/uploads\/2022\/06\/INTI-FERIA.jpg\" \/>\n\t<meta property=\"og:image:width\" content=\"1061\" \/>\n\t<meta property=\"og:image:height\" content=\"585\" \/>\n\t<meta property=\"og:image:type\" content=\"image\/jpeg\" \/>\n<meta name=\"author\" content=\"DATI\" \/>\n<meta name=\"twitter:card\" content=\"summary_large_image\" \/>\n<meta name=\"twitter:creator\" content=\"@FICAUNSL\" \/>\n<meta name=\"twitter:site\" content=\"@FICAUNSL\" \/>\n<meta name=\"twitter:label1\" content=\"Escrito por\" \/>\n\t<meta name=\"twitter:data1\" content=\"DATI\" \/>\n\t<meta name=\"twitter:label2\" content=\"Tiempo de lectura\" \/>\n\t<meta name=\"twitter:data2\" content=\"2 minutos\" \/>\n<script type=\"application\/ld+json\" class=\"yoast-schema-graph\">{\"@context\":\"https:\\\/\\\/schema.org\",\"@graph\":[{\"@type\":\"Article\",\"@id\":\"https:\\\/\\\/www.fica.unsl.edu.ar\\\/index.php\\\/los-productos-de-la-planta-piloto-presentes-en-la-celebracion-del-65-aniversario-del-inti\\\/#article\",\"isPartOf\":{\"@id\":\"https:\\\/\\\/www.fica.unsl.edu.ar\\\/index.php\\\/los-productos-de-la-planta-piloto-presentes-en-la-celebracion-del-65-aniversario-del-inti\\\/\"},\"author\":{\"name\":\"DATI\",\"@id\":\"https:\\\/\\\/www.fica.unsl.edu.ar\\\/#\\\/schema\\\/person\\\/6058f9c66301868d3a691b1f5d6c3544\"},\"headline\":\"Los productos de la Planta Piloto presentes en la celebraci\u00f3n del 65\u00b0 Aniversario del INTI\",\"datePublished\":\"2022-06-30T22:32:23+00:00\",\"dateModified\":\"2022-07-27T13:36:32+00:00\",\"mainEntityOfPage\":{\"@id\":\"https:\\\/\\\/www.fica.unsl.edu.ar\\\/index.php\\\/los-productos-de-la-planta-piloto-presentes-en-la-celebracion-del-65-aniversario-del-inti\\\/\"},\"wordCount\":417,\"publisher\":{\"@id\":\"https:\\\/\\\/www.fica.unsl.edu.ar\\\/#organization\"},\"image\":{\"@id\":\"https:\\\/\\\/www.fica.unsl.edu.ar\\\/index.php\\\/los-productos-de-la-planta-piloto-presentes-en-la-celebracion-del-65-aniversario-del-inti\\\/#primaryimage\"},\"thumbnailUrl\":\"https:\\\/\\\/www.fica.unsl.edu.ar\\\/wp-content\\\/uploads\\\/2022\\\/06\\\/INTI-FERIA.jpg\",\"articleSection\":[\"Noticias\"],\"inLanguage\":\"es-AR\"},{\"@type\":\"WebPage\",\"@id\":\"https:\\\/\\\/www.fica.unsl.edu.ar\\\/index.php\\\/los-productos-de-la-planta-piloto-presentes-en-la-celebracion-del-65-aniversario-del-inti\\\/\",\"url\":\"https:\\\/\\\/www.fica.unsl.edu.ar\\\/index.php\\\/los-productos-de-la-planta-piloto-presentes-en-la-celebracion-del-65-aniversario-del-inti\\\/\",\"name\":\"Los productos de la Planta Piloto presentes en la celebraci\u00f3n del 65\u00b0 Aniversario del INTI - Facultad de Ingenier\u00eda y Ciencias Agropecuarias\",\"isPartOf\":{\"@id\":\"https:\\\/\\\/www.fica.unsl.edu.ar\\\/#website\"},\"primaryImageOfPage\":{\"@id\":\"https:\\\/\\\/www.fica.unsl.edu.ar\\\/index.php\\\/los-productos-de-la-planta-piloto-presentes-en-la-celebracion-del-65-aniversario-del-inti\\\/#primaryimage\"},\"image\":{\"@id\":\"https:\\\/\\\/www.fica.unsl.edu.ar\\\/index.php\\\/los-productos-de-la-planta-piloto-presentes-en-la-celebracion-del-65-aniversario-del-inti\\\/#primaryimage\"},\"thumbnailUrl\":\"https:\\\/\\\/www.fica.unsl.edu.ar\\\/wp-content\\\/uploads\\\/2022\\\/06\\\/INTI-FERIA.jpg\",\"datePublished\":\"2022-06-30T22:32:23+00:00\",\"dateModified\":\"2022-07-27T13:36:32+00:00\",\"inLanguage\":\"es-AR\",\"potentialAction\":[{\"@type\":\"ReadAction\",\"target\":[\"https:\\\/\\\/www.fica.unsl.edu.ar\\\/index.php\\\/los-productos-de-la-planta-piloto-presentes-en-la-celebracion-del-65-aniversario-del-inti\\\/\"]}]},{\"@type\":\"ImageObject\",\"inLanguage\":\"es-AR\",\"@id\":\"https:\\\/\\\/www.fica.unsl.edu.ar\\\/index.php\\\/los-productos-de-la-planta-piloto-presentes-en-la-celebracion-del-65-aniversario-del-inti\\\/#primaryimage\",\"url\":\"https:\\\/\\\/www.fica.unsl.edu.ar\\\/wp-content\\\/uploads\\\/2022\\\/06\\\/INTI-FERIA.jpg\",\"contentUrl\":\"https:\\\/\\\/www.fica.unsl.edu.ar\\\/wp-content\\\/uploads\\\/2022\\\/06\\\/INTI-FERIA.jpg\",\"width\":1061,\"height\":585},{\"@type\":\"WebSite\",\"@id\":\"https:\\\/\\\/www.fica.unsl.edu.ar\\\/#website\",\"url\":\"https:\\\/\\\/www.fica.unsl.edu.ar\\\/\",\"name\":\"Facultad de Ingenier\u00eda y Ciencias Agropecuarias\",\"description\":\"\",\"publisher\":{\"@id\":\"https:\\\/\\\/www.fica.unsl.edu.ar\\\/#organization\"},\"potentialAction\":[{\"@type\":\"SearchAction\",\"target\":{\"@type\":\"EntryPoint\",\"urlTemplate\":\"https:\\\/\\\/www.fica.unsl.edu.ar\\\/?s={search_term_string}\"},\"query-input\":{\"@type\":\"PropertyValueSpecification\",\"valueRequired\":true,\"valueName\":\"search_term_string\"}}],\"inLanguage\":\"es-AR\"},{\"@type\":\"Organization\",\"@id\":\"https:\\\/\\\/www.fica.unsl.edu.ar\\\/#organization\",\"name\":\"Facultad de Ingenier\u00eda y Ciencias Agropecuarias\",\"url\":\"https:\\\/\\\/www.fica.unsl.edu.ar\\\/\",\"logo\":{\"@type\":\"ImageObject\",\"inLanguage\":\"es-AR\",\"@id\":\"https:\\\/\\\/www.fica.unsl.edu.ar\\\/#\\\/schema\\\/logo\\\/image\\\/\",\"url\":\"https:\\\/\\\/www.fica.unsl.edu.ar\\\/wp-content\\\/uploads\\\/2021\\\/03\\\/LOGO-1.jpg\",\"contentUrl\":\"https:\\\/\\\/www.fica.unsl.edu.ar\\\/wp-content\\\/uploads\\\/2021\\\/03\\\/LOGO-1.jpg\",\"width\":463,\"height\":145,\"caption\":\"Facultad de Ingenier\u00eda y Ciencias Agropecuarias\"},\"image\":{\"@id\":\"https:\\\/\\\/www.fica.unsl.edu.ar\\\/#\\\/schema\\\/logo\\\/image\\\/\"},\"sameAs\":[\"https:\\\/\\\/www.facebook.com\\\/FICA.UNSL\\\/\",\"https:\\\/\\\/x.com\\\/FICAUNSL\",\"https:\\\/\\\/www.instagram.com\\\/fica.unsl\\\/\",\"https:\\\/\\\/www.youtube.com\\\/channel\\\/UCs2MM53gb2PyBrMySdtWZDQ\"]},{\"@type\":\"Person\",\"@id\":\"https:\\\/\\\/www.fica.unsl.edu.ar\\\/#\\\/schema\\\/person\\\/6058f9c66301868d3a691b1f5d6c3544\",\"name\":\"DATI\"}]}<\/script>\n<!-- \/ Yoast SEO plugin. -->","yoast_head_json":{"title":"Los productos de la Planta Piloto presentes en la celebraci\u00f3n del 65\u00b0 Aniversario del INTI - Facultad de Ingenier\u00eda y Ciencias Agropecuarias","robots":{"index":"index","follow":"follow","max-snippet":"max-snippet:-1","max-image-preview":"max-image-preview:large","max-video-preview":"max-video-preview:-1"},"canonical":"https:\/\/www.fica.unsl.edu.ar\/index.php\/los-productos-de-la-planta-piloto-presentes-en-la-celebracion-del-65-aniversario-del-inti\/","og_locale":"es_ES","og_type":"article","og_title":"Los productos de la Planta Piloto presentes en la celebraci\u00f3n del 65\u00b0 Aniversario del INTI - Facultad de Ingenier\u00eda y Ciencias Agropecuarias","og_description":"La FICA expondr\u00e1 sus productos alimenticios producidos en la Planta Piloto, en la celebraci\u00f3n del 65\u00b0 aniversario del Instituto Nacional de Tecnolog\u00eda Industrial (INTI), que&hellip;","og_url":"https:\/\/www.fica.unsl.edu.ar\/index.php\/los-productos-de-la-planta-piloto-presentes-en-la-celebracion-del-65-aniversario-del-inti\/","og_site_name":"Facultad de Ingenier\u00eda y Ciencias Agropecuarias","article_publisher":"https:\/\/www.facebook.com\/FICA.UNSL\/","article_published_time":"2022-06-30T22:32:23+00:00","article_modified_time":"2022-07-27T13:36:32+00:00","og_image":[{"width":1061,"height":585,"url":"https:\/\/www.fica.unsl.edu.ar\/wp-content\/uploads\/2022\/06\/INTI-FERIA.jpg","type":"image\/jpeg"}],"author":"DATI","twitter_card":"summary_large_image","twitter_creator":"@FICAUNSL","twitter_site":"@FICAUNSL","twitter_misc":{"Escrito por":"DATI","Tiempo de lectura":"2 minutos"},"schema":{"@context":"https:\/\/schema.org","@graph":[{"@type":"Article","@id":"https:\/\/www.fica.unsl.edu.ar\/index.php\/los-productos-de-la-planta-piloto-presentes-en-la-celebracion-del-65-aniversario-del-inti\/#article","isPartOf":{"@id":"https:\/\/www.fica.unsl.edu.ar\/index.php\/los-productos-de-la-planta-piloto-presentes-en-la-celebracion-del-65-aniversario-del-inti\/"},"author":{"name":"DATI","@id":"https:\/\/www.fica.unsl.edu.ar\/#\/schema\/person\/6058f9c66301868d3a691b1f5d6c3544"},"headline":"Los productos de la Planta Piloto presentes en la celebraci\u00f3n del 65\u00b0 Aniversario del INTI","datePublished":"2022-06-30T22:32:23+00:00","dateModified":"2022-07-27T13:36:32+00:00","mainEntityOfPage":{"@id":"https:\/\/www.fica.unsl.edu.ar\/index.php\/los-productos-de-la-planta-piloto-presentes-en-la-celebracion-del-65-aniversario-del-inti\/"},"wordCount":417,"publisher":{"@id":"https:\/\/www.fica.unsl.edu.ar\/#organization"},"image":{"@id":"https:\/\/www.fica.unsl.edu.ar\/index.php\/los-productos-de-la-planta-piloto-presentes-en-la-celebracion-del-65-aniversario-del-inti\/#primaryimage"},"thumbnailUrl":"https:\/\/www.fica.unsl.edu.ar\/wp-content\/uploads\/2022\/06\/INTI-FERIA.jpg","articleSection":["Noticias"],"inLanguage":"es-AR"},{"@type":"WebPage","@id":"https:\/\/www.fica.unsl.edu.ar\/index.php\/los-productos-de-la-planta-piloto-presentes-en-la-celebracion-del-65-aniversario-del-inti\/","url":"https:\/\/www.fica.unsl.edu.ar\/index.php\/los-productos-de-la-planta-piloto-presentes-en-la-celebracion-del-65-aniversario-del-inti\/","name":"Los productos de la Planta Piloto presentes en la celebraci\u00f3n del 65\u00b0 Aniversario del INTI - Facultad de Ingenier\u00eda y Ciencias Agropecuarias","isPartOf":{"@id":"https:\/\/www.fica.unsl.edu.ar\/#website"},"primaryImageOfPage":{"@id":"https:\/\/www.fica.unsl.edu.ar\/index.php\/los-productos-de-la-planta-piloto-presentes-en-la-celebracion-del-65-aniversario-del-inti\/#primaryimage"},"image":{"@id":"https:\/\/www.fica.unsl.edu.ar\/index.php\/los-productos-de-la-planta-piloto-presentes-en-la-celebracion-del-65-aniversario-del-inti\/#primaryimage"},"thumbnailUrl":"https:\/\/www.fica.unsl.edu.ar\/wp-content\/uploads\/2022\/06\/INTI-FERIA.jpg","datePublished":"2022-06-30T22:32:23+00:00","dateModified":"2022-07-27T13:36:32+00:00","inLanguage":"es-AR","potentialAction":[{"@type":"ReadAction","target":["https:\/\/www.fica.unsl.edu.ar\/index.php\/los-productos-de-la-planta-piloto-presentes-en-la-celebracion-del-65-aniversario-del-inti\/"]}]},{"@type":"ImageObject","inLanguage":"es-AR","@id":"https:\/\/www.fica.unsl.edu.ar\/index.php\/los-productos-de-la-planta-piloto-presentes-en-la-celebracion-del-65-aniversario-del-inti\/#primaryimage","url":"https:\/\/www.fica.unsl.edu.ar\/wp-content\/uploads\/2022\/06\/INTI-FERIA.jpg","contentUrl":"https:\/\/www.fica.unsl.edu.ar\/wp-content\/uploads\/2022\/06\/INTI-FERIA.jpg","width":1061,"height":585},{"@type":"WebSite","@id":"https:\/\/www.fica.unsl.edu.ar\/#website","url":"https:\/\/www.fica.unsl.edu.ar\/","name":"Facultad de Ingenier\u00eda y Ciencias Agropecuarias","description":"","publisher":{"@id":"https:\/\/www.fica.unsl.edu.ar\/#organization"},"potentialAction":[{"@type":"SearchAction","target":{"@type":"EntryPoint","urlTemplate":"https:\/\/www.fica.unsl.edu.ar\/?s={search_term_string}"},"query-input":{"@type":"PropertyValueSpecification","valueRequired":true,"valueName":"search_term_string"}}],"inLanguage":"es-AR"},{"@type":"Organization","@id":"https:\/\/www.fica.unsl.edu.ar\/#organization","name":"Facultad de Ingenier\u00eda y Ciencias Agropecuarias","url":"https:\/\/www.fica.unsl.edu.ar\/","logo":{"@type":"ImageObject","inLanguage":"es-AR","@id":"https:\/\/www.fica.unsl.edu.ar\/#\/schema\/logo\/image\/","url":"https:\/\/www.fica.unsl.edu.ar\/wp-content\/uploads\/2021\/03\/LOGO-1.jpg","contentUrl":"https:\/\/www.fica.unsl.edu.ar\/wp-content\/uploads\/2021\/03\/LOGO-1.jpg","width":463,"height":145,"caption":"Facultad de Ingenier\u00eda y Ciencias Agropecuarias"},"image":{"@id":"https:\/\/www.fica.unsl.edu.ar\/#\/schema\/logo\/image\/"},"sameAs":["https:\/\/www.facebook.com\/FICA.UNSL\/","https:\/\/x.com\/FICAUNSL","https:\/\/www.instagram.com\/fica.unsl\/","https:\/\/www.youtube.com\/channel\/UCs2MM53gb2PyBrMySdtWZDQ"]},{"@type":"Person","@id":"https:\/\/www.fica.unsl.edu.ar\/#\/schema\/person\/6058f9c66301868d3a691b1f5d6c3544","name":"DATI"}]}},"_links":{"self":[{"href":"https:\/\/www.fica.unsl.edu.ar\/index.php\/wp-json\/wp\/v2\/posts\/9799","targetHints":{"allow":["GET"]}}],"collection":[{"href":"https:\/\/www.fica.unsl.edu.ar\/index.php\/wp-json\/wp\/v2\/posts"}],"about":[{"href":"https:\/\/www.fica.unsl.edu.ar\/index.php\/wp-json\/wp\/v2\/types\/post"}],"author":[{"embeddable":true,"href":"https:\/\/www.fica.unsl.edu.ar\/index.php\/wp-json\/wp\/v2\/users\/9"}],"replies":[{"embeddable":true,"href":"https:\/\/www.fica.unsl.edu.ar\/index.php\/wp-json\/wp\/v2\/comments?post=9799"}],"version-history":[{"count":3,"href":"https:\/\/www.fica.unsl.edu.ar\/index.php\/wp-json\/wp\/v2\/posts\/9799\/revisions"}],"predecessor-version":[{"id":9803,"href":"https:\/\/www.fica.unsl.edu.ar\/index.php\/wp-json\/wp\/v2\/posts\/9799\/revisions\/9803"}],"wp:featuredmedia":[{"embeddable":true,"href":"https:\/\/www.fica.unsl.edu.ar\/index.php\/wp-json\/wp\/v2\/media\/9800"}],"wp:attachment":[{"href":"https:\/\/www.fica.unsl.edu.ar\/index.php\/wp-json\/wp\/v2\/media?parent=9799"}],"wp:term":[{"taxonomy":"category","embeddable":true,"href":"https:\/\/www.fica.unsl.edu.ar\/index.php\/wp-json\/wp\/v2\/categories?post=9799"},{"taxonomy":"post_tag","embeddable":true,"href":"https:\/\/www.fica.unsl.edu.ar\/index.php\/wp-json\/wp\/v2\/tags?post=9799"}],"curies":[{"name":"wp","href":"https:\/\/api.w.org\/{rel}","templated":true}]}}