{"id":9943,"date":"2022-07-09T16:11:13","date_gmt":"2022-07-09T19:11:13","guid":{"rendered":"http:\/\/10.101.10.196\/www\/?p=9943"},"modified":"2022-07-27T10:35:40","modified_gmt":"2022-07-27T13:35:40","slug":"la-unsl-participo-del-desfile-civico-militar-por-el-dia-de-la-independencia","status":"publish","type":"post","link":"https:\/\/www.fica.unsl.edu.ar\/index.php\/la-unsl-participo-del-desfile-civico-militar-por-el-dia-de-la-independencia\/","title":{"rendered":"La UNSL particip\u00f3 del desfile c\u00edvico militar por el D\u00eda de la Independencia"},"content":{"rendered":"<p>Estudiantes de las facultades del Centro Universitario Villa Mercedes: la Facultad de Ingenier\u00eda y Ciencias Agropecuarias y la Facultad de Ciencias Econ\u00f3micas, Jur\u00eddicas y Sociales, representaron a la UNSL en el tradicional desfile c\u00edvico militar por el D\u00eda de la Independencia, que celebra la municipalidad de Villa Mercedes cada 9 de julio, con la presencia de todas las instituciones de la ciudad.<\/p>\n<p>La celebraci\u00f3n comenz\u00f3 poco despu\u00e9s de las 11 horas en la avenida Mitre. El gobernador, Dr. Alberto Rodr\u00edguez Sa\u00e1 y el Intendente, Abg. Maximiliano Frontera, encabezaron la ceremonia acompa\u00f1ados por el Decano de la FICA, Mgtr. Sergio Ribotta, el Vicedecano de la FCEJS, Esp. Esteban Arias, legisladores provinciales, concejales, integrantes de las Fuerzas de Seguridad y veteranos de Malvinas.<\/p>\n<p>La V Brigada A\u00e9rea toc\u00f3 el Himno Nacional, acompa\u00f1ada por alumnos de escuela EDAM, quienes lo hicieron en lenguaje de se\u00f1as. La bienvenida art\u00edstica estuvo a cargo del Instituto Folcl\u00f3rico Argentino Latinoamericano (IFAL). Luego, fue recibida a la imagen de nuestra patrona, la Virgen de la Merced, en manos de la familia Sapino de la agrupaci\u00f3n gaucha Fort\u00edn Mercedino \u201cGauchos de Liborio Luna\u201d.<\/p>\n<p>Los veteranos de Malvinas emocionaron a los villamercedinos en la apertura del desfile. Con una extensa bandera argentina en el centro, integrantes de diferentes agrupaciones y promociones fueron aclamados por la comunidad. La Escuela Asistencial N\u00ba 36 Gobernador Alric fue la primera instituci\u00f3n educativa en desfilar, dando el paso a los colegios, institutos y centros de la ciudad.<\/p>\n<p><img fetchpriority=\"high\" decoding=\"async\" class=\"aligncenter size-full wp-image-9952\" src=\"https:\/\/www.fica.unsl.edu.ar\/wp-content\/uploads\/2022\/07\/autoridades.jpg\" alt=\"\" width=\"1100\" height=\"733\" srcset=\"https:\/\/www.fica.unsl.edu.ar\/wp-content\/uploads\/2022\/07\/autoridades.jpg 1100w, https:\/\/www.fica.unsl.edu.ar\/wp-content\/uploads\/2022\/07\/autoridades-300x200.jpg 300w, https:\/\/www.fica.unsl.edu.ar\/wp-content\/uploads\/2022\/07\/autoridades-1024x682.jpg 1024w, https:\/\/www.fica.unsl.edu.ar\/wp-content\/uploads\/2022\/07\/autoridades-768x512.jpg 768w\" sizes=\"(max-width: 1100px) 100vw, 1100px\" \/><\/p>\n<p>En las escuadras de la UNSL, los estandartes fueron portados por los estudiantes Nahir Lucero Ahumada (UNSL), Daniel Alberto (FICA) y Gisel Gambo (FCEJS).\u00a0 Las y los abanderados de la FICA fueron: Abanderada de la Bandera Nacional, Victoria Garc\u00eda Lagos; Primera Escolta, Evelin Savarino y Segunda Escolta, Rosario Pereira; Abanderado de la Bandera Provincial, Federico Garc\u00eda; Primera Escolta, Ian Abrate Moyano y Segunda Escolta, Kevin Pavez Cortez.<\/p>\n<p>Las y los abanderados de la FCEJS: Abanderado de la Bandera Nacional, Octavio Caunedo; Primer Escolta, Roc\u00edo Rodr\u00edguez y Segunda Escolta, Ignacio Casale. Abanderada de la Bandera Provincial, Andrea Bustos Lucero, Primera Escolta, Carolina Tieppo y Segunda Escolta, Agustina Ojeda. Acompa\u00f1aron los respectivos cuerpos de Bandera, Lic. Natalia Gualpa (Subsecretar\u00eda de Comunicaci\u00f3n, Protocolo y Ceremonial FICA \u2013 FCEJS) y Prof. Sergio Astudillo (SsAEBU)<\/p>\n<h3><strong>Acto conmemorativo al General Juan Esteban Pedernera<\/strong><\/h3>\n<p>Previo al desfile c\u00edvico militar por el D\u00eda de la Independencia, el Decano, Mgtr. Sergio Ribotta, asisti\u00f3 al acto conmemorativo al General Juan Esteban Pedernera, realizado por el municipio en la plaza del mismo nombre. Autoridades recibieron al Regimiento de Granaderos a Caballo que realiza la guardia de Honor y fueron colocadas coronas conmemorativas al pie del monumento del procer argentino.<\/p>\n<div class=\"gmedia_gallery phantom_module is_bot\" id=\"GmediaGallery_84\" data-gmid=\"84\" data-module=\"phantom\"><style type='text\/css' class='gmedia_module_style_import'>@import url('https:\/\/www.fica.unsl.edu.ar\/wp-content\/plugins\/grand-media\/module\/phantom\/css\/style.css') all;<\/style>    <div class=\"gmPhantom_Container noLightbox\" >\r\n                <div class=\"gmPhantom_thumbsWrapper gmPhantom_ThumbScale gmPhantom_LabelHover\">\r\n                        <div class=\"gmPhantom_ThumbContainer gmPhantom_ThumbLoader\" data-id=\"1218\" data-post_id=\"9951\" data-ratio=\"1.5\" data-type=\"image\" data-ext=\"jpg\" data-views=\"47\" data-likes=\"0\" data-cc=\"0\" data-post_link=\"https:\/\/www.fica.unsl.edu.ar\/index.php\/gmedia\/acto-procer-jpg\/\">\r\n                <a href=\"https:\/\/www.fica.unsl.edu.ar\/wp-content\/grand-media\/image\/acto-procer.jpg\" class=\"gmPhantom_Thumb\"><img decoding=\"async\" src=\"https:\/\/www.fica.unsl.edu.ar\/wp-content\/grand-media\/image\/thumb\/acto-procer.jpg\" data-src=\"https:\/\/www.fica.unsl.edu.ar\/wp-content\/grand-media\/image\/acto-procer.jpg\" alt=\"Acto-procer\"\/><\/a>\r\n                                    <div class=\"gmPhantom_ThumbLabel\"><span class=\"gmPhantom_ThumbLabel_title\">Acto-procer<\/span><\/div>\r\n                                    <div style=\"display:none;\" class=\"gmPhantom_Details\">\r\n                                            <div class=\"gmPhantom_description\">\r\n                            <div class=\"gmPhantom_title\">Acto-procer<\/div>\r\n                            <div class=\"gmPhantom_text\"><\/div>\r\n                        <\/div>\r\n                                                            <div class=\"gmPhantom_terms\">\r\n                                                    <div class=\"gmPhantom_other_terms\">\r\n                                <table class=\"gmPhantom_other_terms_table\">\r\n                                                                            <tr class=\"gmPhantom_term_row_album\">\r\n                                            <td class=\"gmPhantom_term_key\">Album<\/td>\r\n                                            <td class=\"gmPhantom_term_value\"><a href=\"\/index.php\/wp-json\/wp\/v2\/posts\/9943?gm84[album__in]=84\" class=\"gmPhantom_alb\">desfile c\u00edvico militar por el D\u00eda de la Independencia 2022<\/a><\/td>\r\n                                        <\/tr>\r\n                                                                    <\/table>\r\n                            <\/div>\r\n                                                <\/div>\r\n                <\/div>\r\n                <\/div>            <div class=\"gmPhantom_ThumbContainer gmPhantom_ThumbLoader\" data-id=\"1217\" data-post_id=\"9949\" data-ratio=\"1.5\" data-type=\"image\" data-ext=\"jpg\" data-views=\"48\" data-likes=\"0\" data-cc=\"0\" data-post_link=\"https:\/\/www.fica.unsl.edu.ar\/index.php\/gmedia\/desfile_c_vico_militar_por_el_d_a_de_la_independencia_04_-jpg\/\">\r\n                <a href=\"https:\/\/www.fica.unsl.edu.ar\/wp-content\/grand-media\/image\/desfile_c_vico_militar_por_el_D_a_de_la_Independencia_04_.jpg\" class=\"gmPhantom_Thumb\"><img decoding=\"async\" src=\"https:\/\/www.fica.unsl.edu.ar\/wp-content\/grand-media\/image\/thumb\/desfile_c_vico_militar_por_el_D_a_de_la_Independencia_04_.jpg\" data-src=\"https:\/\/www.fica.unsl.edu.ar\/wp-content\/grand-media\/image\/desfile_c_vico_militar_por_el_D_a_de_la_Independencia_04_.jpg\" alt=\"Desfile C\u00edvico Militar Por El D\u00eda De La Independencia (04)\"\/><\/a>\r\n                                    <div class=\"gmPhantom_ThumbLabel\"><span class=\"gmPhantom_ThumbLabel_title\">Desfile C\u00edvico Militar Por El D\u00eda De La Independencia (04)<\/span><\/div>\r\n                                    <div style=\"display:none;\" class=\"gmPhantom_Details\">\r\n                                            <div class=\"gmPhantom_description\">\r\n                            <div class=\"gmPhantom_title\">Desfile C\u00edvico Militar Por El D\u00eda De La Independencia (04)<\/div>\r\n                            <div class=\"gmPhantom_text\"><\/div>\r\n                        <\/div>\r\n                                                            <div class=\"gmPhantom_terms\">\r\n                                                    <div class=\"gmPhantom_other_terms\">\r\n                                <table class=\"gmPhantom_other_terms_table\">\r\n                                                                            <tr class=\"gmPhantom_term_row_album\">\r\n                                            <td class=\"gmPhantom_term_key\">Album<\/td>\r\n                                            <td class=\"gmPhantom_term_value\"><a href=\"\/index.php\/wp-json\/wp\/v2\/posts\/9943?gm84[album__in]=84\" class=\"gmPhantom_alb\">desfile c\u00edvico militar por el D\u00eda de la Independencia 2022<\/a><\/td>\r\n                                        <\/tr>\r\n                                                                    <\/table>\r\n                            <\/div>\r\n                                                <\/div>\r\n                <\/div>\r\n                <\/div>            <div class=\"gmPhantom_ThumbContainer gmPhantom_ThumbLoader\" data-id=\"1216\" data-post_id=\"9948\" data-ratio=\"1.5\" data-type=\"image\" data-ext=\"jpg\" data-views=\"46\" data-likes=\"0\" data-cc=\"0\" data-post_link=\"https:\/\/www.fica.unsl.edu.ar\/index.php\/gmedia\/desfile_c_vico_militar_por_el_d_a_de_la_independencia_01__1-jpg\/\">\r\n                <a href=\"https:\/\/www.fica.unsl.edu.ar\/wp-content\/grand-media\/image\/desfile_c_vico_militar_por_el_D_a_de_la_Independencia_01__1.jpg\" class=\"gmPhantom_Thumb\"><img decoding=\"async\" src=\"https:\/\/www.fica.unsl.edu.ar\/wp-content\/grand-media\/image\/thumb\/desfile_c_vico_militar_por_el_D_a_de_la_Independencia_01__1.jpg\" data-src=\"https:\/\/www.fica.unsl.edu.ar\/wp-content\/grand-media\/image\/desfile_c_vico_militar_por_el_D_a_de_la_Independencia_01__1.jpg\" alt=\"Desfile C\u00edvico Militar Por El D\u00eda De La Independencia (03)\"\/><\/a>\r\n                                    <div class=\"gmPhantom_ThumbLabel\"><span class=\"gmPhantom_ThumbLabel_title\">Desfile C\u00edvico Militar Por El D\u00eda De La Independencia (03)<\/span><\/div>\r\n                                    <div style=\"display:none;\" class=\"gmPhantom_Details\">\r\n                                            <div class=\"gmPhantom_description\">\r\n                            <div class=\"gmPhantom_title\">Desfile C\u00edvico Militar Por El D\u00eda De La Independencia (03)<\/div>\r\n                            <div class=\"gmPhantom_text\"><\/div>\r\n                        <\/div>\r\n                                                            <div class=\"gmPhantom_terms\">\r\n                                                    <div class=\"gmPhantom_other_terms\">\r\n                                <table class=\"gmPhantom_other_terms_table\">\r\n                                                                            <tr class=\"gmPhantom_term_row_album\">\r\n                                            <td class=\"gmPhantom_term_key\">Album<\/td>\r\n                                            <td class=\"gmPhantom_term_value\"><a href=\"\/index.php\/wp-json\/wp\/v2\/posts\/9943?gm84[album__in]=84\" class=\"gmPhantom_alb\">desfile c\u00edvico militar por el D\u00eda de la Independencia 2022<\/a><\/td>\r\n                                        <\/tr>\r\n                                                                    <\/table>\r\n                            <\/div>\r\n                                                <\/div>\r\n                <\/div>\r\n                <\/div>            <div class=\"gmPhantom_ThumbContainer gmPhantom_ThumbLoader\" data-id=\"1215\" data-post_id=\"9947\" data-ratio=\"1.45\" data-type=\"image\" data-ext=\"jpg\" data-views=\"55\" data-likes=\"0\" data-cc=\"0\" data-post_link=\"https:\/\/www.fica.unsl.edu.ar\/index.php\/gmedia\/desfile_c_vico_militar_por_el_d_a_de_la_independencia_02-jpg\/\">\r\n                <a href=\"https:\/\/www.fica.unsl.edu.ar\/wp-content\/grand-media\/image\/desfile_c_vico_militar_por_el_D_a_de_la_Independencia_02.jpg\" class=\"gmPhantom_Thumb\"><img decoding=\"async\" src=\"https:\/\/www.fica.unsl.edu.ar\/wp-content\/grand-media\/image\/thumb\/desfile_c_vico_militar_por_el_D_a_de_la_Independencia_02.jpg\" data-src=\"https:\/\/www.fica.unsl.edu.ar\/wp-content\/grand-media\/image\/desfile_c_vico_militar_por_el_D_a_de_la_Independencia_02.jpg\" alt=\"Desfile C\u00edvico Militar Por El D\u00eda De La Independencia (02)\"\/><\/a>\r\n                                    <div class=\"gmPhantom_ThumbLabel\"><span class=\"gmPhantom_ThumbLabel_title\">Desfile C\u00edvico Militar Por El D\u00eda De La Independencia (02)<\/span><\/div>\r\n                                    <div style=\"display:none;\" class=\"gmPhantom_Details\">\r\n                                            <div class=\"gmPhantom_description\">\r\n                            <div class=\"gmPhantom_title\">Desfile C\u00edvico Militar Por El D\u00eda De La Independencia (02)<\/div>\r\n                            <div class=\"gmPhantom_text\"><\/div>\r\n                        <\/div>\r\n                                                            <div class=\"gmPhantom_terms\">\r\n                                                    <div class=\"gmPhantom_other_terms\">\r\n                                <table class=\"gmPhantom_other_terms_table\">\r\n                                                                            <tr class=\"gmPhantom_term_row_album\">\r\n                                            <td class=\"gmPhantom_term_key\">Album<\/td>\r\n                                            <td class=\"gmPhantom_term_value\"><a href=\"\/index.php\/wp-json\/wp\/v2\/posts\/9943?gm84[album__in]=84\" class=\"gmPhantom_alb\">desfile c\u00edvico militar por el D\u00eda de la Independencia 2022<\/a><\/td>\r\n                                        <\/tr>\r\n                                                                    <\/table>\r\n                            <\/div>\r\n                                                <\/div>\r\n                <\/div>\r\n                <\/div>            <div class=\"gmPhantom_ThumbContainer gmPhantom_ThumbLoader\" data-id=\"1214\" data-post_id=\"9946\" data-ratio=\"1.5\" data-type=\"image\" data-ext=\"jpg\" data-views=\"50\" data-likes=\"0\" data-cc=\"0\" data-post_link=\"https:\/\/www.fica.unsl.edu.ar\/index.php\/gmedia\/desfile_c_vico_militar_por_el_d_a_de_la_independencia_00-jpg\/\">\r\n                <a href=\"https:\/\/www.fica.unsl.edu.ar\/wp-content\/grand-media\/image\/desfile_c_vico_militar_por_el_D_a_de_la_Independencia_00.jpg\" class=\"gmPhantom_Thumb\"><img decoding=\"async\" src=\"https:\/\/www.fica.unsl.edu.ar\/wp-content\/grand-media\/image\/thumb\/desfile_c_vico_militar_por_el_D_a_de_la_Independencia_00.jpg\" data-src=\"https:\/\/www.fica.unsl.edu.ar\/wp-content\/grand-media\/image\/desfile_c_vico_militar_por_el_D_a_de_la_Independencia_00.jpg\" alt=\"Desfile C\u00edvico Militar Por El D\u00eda De La Independencia (01)\"\/><\/a>\r\n                                    <div class=\"gmPhantom_ThumbLabel\"><span class=\"gmPhantom_ThumbLabel_title\">Desfile C\u00edvico Militar Por El D\u00eda De La Independencia (01)<\/span><\/div>\r\n                                    <div style=\"display:none;\" class=\"gmPhantom_Details\">\r\n                                            <div class=\"gmPhantom_description\">\r\n                            <div class=\"gmPhantom_title\">Desfile C\u00edvico Militar Por El D\u00eda De La Independencia (01)<\/div>\r\n                            <div class=\"gmPhantom_text\"><\/div>\r\n                        <\/div>\r\n                                                            <div class=\"gmPhantom_terms\">\r\n                                                    <div class=\"gmPhantom_other_terms\">\r\n                                <table class=\"gmPhantom_other_terms_table\">\r\n                                                                            <tr class=\"gmPhantom_term_row_album\">\r\n                                            <td class=\"gmPhantom_term_key\">Album<\/td>\r\n                                            <td class=\"gmPhantom_term_value\"><a href=\"\/index.php\/wp-json\/wp\/v2\/posts\/9943?gm84[album__in]=84\" class=\"gmPhantom_alb\">desfile c\u00edvico militar por el D\u00eda de la Independencia 2022<\/a><\/td>\r\n                                        <\/tr>\r\n                                                                    <\/table>\r\n                            <\/div>\r\n                                                <\/div>\r\n                <\/div>\r\n                <\/div>        <\/div>\r\n    <\/div>\r\n<\/div>\n<p>&nbsp;<\/p>\n","protected":false},"excerpt":{"rendered":"<p>Estudiantes de las facultades del Centro Universitario Villa Mercedes: la Facultad de Ingenier\u00eda y Ciencias Agropecuarias y la Facultad de Ciencias Econ\u00f3micas, Jur\u00eddicas y Sociales,&hellip;<\/p>\n","protected":false},"author":9,"featured_media":9944,"comment_status":"closed","ping_status":"closed","sticky":false,"template":"","format":"standard","meta":{"_monsterinsights_skip_tracking":false,"_monsterinsights_sitenote_active":false,"_monsterinsights_sitenote_note":"","_monsterinsights_sitenote_category":0,"_joinchat":[],"footnotes":""},"categories":[19],"tags":[],"class_list":["post-9943","post","type-post","status-publish","format-standard","has-post-thumbnail","hentry","category-noticias"],"yoast_head":"<!-- This site is optimized with the Yoast SEO plugin v27.4 - https:\/\/yoast.com\/product\/yoast-seo-wordpress\/ -->\n<title>La UNSL particip\u00f3 del desfile c\u00edvico militar por el D\u00eda de la Independencia - Facultad de Ingenier\u00eda y Ciencias Agropecuarias<\/title>\n<meta name=\"robots\" content=\"index, follow, max-snippet:-1, max-image-preview:large, max-video-preview:-1\" \/>\n<link rel=\"canonical\" href=\"https:\/\/www.fica.unsl.edu.ar\/index.php\/la-unsl-participo-del-desfile-civico-militar-por-el-dia-de-la-independencia\/\" \/>\n<meta property=\"og:locale\" content=\"es_ES\" \/>\n<meta property=\"og:type\" content=\"article\" \/>\n<meta property=\"og:title\" content=\"La UNSL particip\u00f3 del desfile c\u00edvico militar por el D\u00eda de la Independencia - Facultad de Ingenier\u00eda y Ciencias Agropecuarias\" \/>\n<meta property=\"og:description\" content=\"Estudiantes de las facultades del Centro Universitario Villa Mercedes: la Facultad de Ingenier\u00eda y Ciencias Agropecuarias y la Facultad de Ciencias Econ\u00f3micas, Jur\u00eddicas y Sociales,&hellip;\" \/>\n<meta property=\"og:url\" content=\"https:\/\/www.fica.unsl.edu.ar\/index.php\/la-unsl-participo-del-desfile-civico-militar-por-el-dia-de-la-independencia\/\" \/>\n<meta property=\"og:site_name\" content=\"Facultad de Ingenier\u00eda y Ciencias Agropecuarias\" \/>\n<meta property=\"article:publisher\" content=\"https:\/\/www.facebook.com\/FICA.UNSL\/\" \/>\n<meta property=\"article:published_time\" content=\"2022-07-09T19:11:13+00:00\" \/>\n<meta property=\"article:modified_time\" content=\"2022-07-27T13:35:40+00:00\" \/>\n<meta property=\"og:image\" content=\"https:\/\/www.fica.unsl.edu.ar\/wp-content\/uploads\/2022\/07\/unsl-desfile-front.jpg\" \/>\n\t<meta property=\"og:image:width\" content=\"1152\" \/>\n\t<meta property=\"og:image:height\" content=\"647\" \/>\n\t<meta property=\"og:image:type\" content=\"image\/jpeg\" \/>\n<meta name=\"author\" content=\"DATI\" \/>\n<meta name=\"twitter:card\" content=\"summary_large_image\" \/>\n<meta name=\"twitter:creator\" content=\"@FICAUNSL\" \/>\n<meta name=\"twitter:site\" content=\"@FICAUNSL\" \/>\n<meta name=\"twitter:label1\" content=\"Escrito por\" \/>\n\t<meta name=\"twitter:data1\" content=\"DATI\" \/>\n\t<meta name=\"twitter:label2\" content=\"Tiempo de lectura\" \/>\n\t<meta name=\"twitter:data2\" content=\"3 minutos\" \/>\n<script type=\"application\/ld+json\" class=\"yoast-schema-graph\">{\"@context\":\"https:\\\/\\\/schema.org\",\"@graph\":[{\"@type\":\"Article\",\"@id\":\"https:\\\/\\\/www.fica.unsl.edu.ar\\\/index.php\\\/la-unsl-participo-del-desfile-civico-militar-por-el-dia-de-la-independencia\\\/#article\",\"isPartOf\":{\"@id\":\"https:\\\/\\\/www.fica.unsl.edu.ar\\\/index.php\\\/la-unsl-participo-del-desfile-civico-militar-por-el-dia-de-la-independencia\\\/\"},\"author\":{\"name\":\"DATI\",\"@id\":\"https:\\\/\\\/www.fica.unsl.edu.ar\\\/#\\\/schema\\\/person\\\/6058f9c66301868d3a691b1f5d6c3544\"},\"headline\":\"La UNSL particip\u00f3 del desfile c\u00edvico militar por el D\u00eda de la Independencia\",\"datePublished\":\"2022-07-09T19:11:13+00:00\",\"dateModified\":\"2022-07-27T13:35:40+00:00\",\"mainEntityOfPage\":{\"@id\":\"https:\\\/\\\/www.fica.unsl.edu.ar\\\/index.php\\\/la-unsl-participo-del-desfile-civico-militar-por-el-dia-de-la-independencia\\\/\"},\"wordCount\":480,\"publisher\":{\"@id\":\"https:\\\/\\\/www.fica.unsl.edu.ar\\\/#organization\"},\"image\":{\"@id\":\"https:\\\/\\\/www.fica.unsl.edu.ar\\\/index.php\\\/la-unsl-participo-del-desfile-civico-militar-por-el-dia-de-la-independencia\\\/#primaryimage\"},\"thumbnailUrl\":\"https:\\\/\\\/www.fica.unsl.edu.ar\\\/wp-content\\\/uploads\\\/2022\\\/07\\\/unsl-desfile-front.jpg\",\"articleSection\":[\"Noticias\"],\"inLanguage\":\"es-AR\"},{\"@type\":\"WebPage\",\"@id\":\"https:\\\/\\\/www.fica.unsl.edu.ar\\\/index.php\\\/la-unsl-participo-del-desfile-civico-militar-por-el-dia-de-la-independencia\\\/\",\"url\":\"https:\\\/\\\/www.fica.unsl.edu.ar\\\/index.php\\\/la-unsl-participo-del-desfile-civico-militar-por-el-dia-de-la-independencia\\\/\",\"name\":\"La UNSL particip\u00f3 del desfile c\u00edvico militar por el D\u00eda de la Independencia - Facultad de Ingenier\u00eda y Ciencias Agropecuarias\",\"isPartOf\":{\"@id\":\"https:\\\/\\\/www.fica.unsl.edu.ar\\\/#website\"},\"primaryImageOfPage\":{\"@id\":\"https:\\\/\\\/www.fica.unsl.edu.ar\\\/index.php\\\/la-unsl-participo-del-desfile-civico-militar-por-el-dia-de-la-independencia\\\/#primaryimage\"},\"image\":{\"@id\":\"https:\\\/\\\/www.fica.unsl.edu.ar\\\/index.php\\\/la-unsl-participo-del-desfile-civico-militar-por-el-dia-de-la-independencia\\\/#primaryimage\"},\"thumbnailUrl\":\"https:\\\/\\\/www.fica.unsl.edu.ar\\\/wp-content\\\/uploads\\\/2022\\\/07\\\/unsl-desfile-front.jpg\",\"datePublished\":\"2022-07-09T19:11:13+00:00\",\"dateModified\":\"2022-07-27T13:35:40+00:00\",\"inLanguage\":\"es-AR\",\"potentialAction\":[{\"@type\":\"ReadAction\",\"target\":[\"https:\\\/\\\/www.fica.unsl.edu.ar\\\/index.php\\\/la-unsl-participo-del-desfile-civico-militar-por-el-dia-de-la-independencia\\\/\"]}]},{\"@type\":\"ImageObject\",\"inLanguage\":\"es-AR\",\"@id\":\"https:\\\/\\\/www.fica.unsl.edu.ar\\\/index.php\\\/la-unsl-participo-del-desfile-civico-militar-por-el-dia-de-la-independencia\\\/#primaryimage\",\"url\":\"https:\\\/\\\/www.fica.unsl.edu.ar\\\/wp-content\\\/uploads\\\/2022\\\/07\\\/unsl-desfile-front.jpg\",\"contentUrl\":\"https:\\\/\\\/www.fica.unsl.edu.ar\\\/wp-content\\\/uploads\\\/2022\\\/07\\\/unsl-desfile-front.jpg\",\"width\":1152,\"height\":647},{\"@type\":\"WebSite\",\"@id\":\"https:\\\/\\\/www.fica.unsl.edu.ar\\\/#website\",\"url\":\"https:\\\/\\\/www.fica.unsl.edu.ar\\\/\",\"name\":\"Facultad de Ingenier\u00eda y Ciencias Agropecuarias\",\"description\":\"\",\"publisher\":{\"@id\":\"https:\\\/\\\/www.fica.unsl.edu.ar\\\/#organization\"},\"potentialAction\":[{\"@type\":\"SearchAction\",\"target\":{\"@type\":\"EntryPoint\",\"urlTemplate\":\"https:\\\/\\\/www.fica.unsl.edu.ar\\\/?s={search_term_string}\"},\"query-input\":{\"@type\":\"PropertyValueSpecification\",\"valueRequired\":true,\"valueName\":\"search_term_string\"}}],\"inLanguage\":\"es-AR\"},{\"@type\":\"Organization\",\"@id\":\"https:\\\/\\\/www.fica.unsl.edu.ar\\\/#organization\",\"name\":\"Facultad de Ingenier\u00eda y Ciencias Agropecuarias\",\"url\":\"https:\\\/\\\/www.fica.unsl.edu.ar\\\/\",\"logo\":{\"@type\":\"ImageObject\",\"inLanguage\":\"es-AR\",\"@id\":\"https:\\\/\\\/www.fica.unsl.edu.ar\\\/#\\\/schema\\\/logo\\\/image\\\/\",\"url\":\"https:\\\/\\\/www.fica.unsl.edu.ar\\\/wp-content\\\/uploads\\\/2021\\\/03\\\/LOGO-1.jpg\",\"contentUrl\":\"https:\\\/\\\/www.fica.unsl.edu.ar\\\/wp-content\\\/uploads\\\/2021\\\/03\\\/LOGO-1.jpg\",\"width\":463,\"height\":145,\"caption\":\"Facultad de Ingenier\u00eda y Ciencias Agropecuarias\"},\"image\":{\"@id\":\"https:\\\/\\\/www.fica.unsl.edu.ar\\\/#\\\/schema\\\/logo\\\/image\\\/\"},\"sameAs\":[\"https:\\\/\\\/www.facebook.com\\\/FICA.UNSL\\\/\",\"https:\\\/\\\/x.com\\\/FICAUNSL\",\"https:\\\/\\\/www.instagram.com\\\/fica.unsl\\\/\",\"https:\\\/\\\/www.youtube.com\\\/channel\\\/UCs2MM53gb2PyBrMySdtWZDQ\"]},{\"@type\":\"Person\",\"@id\":\"https:\\\/\\\/www.fica.unsl.edu.ar\\\/#\\\/schema\\\/person\\\/6058f9c66301868d3a691b1f5d6c3544\",\"name\":\"DATI\"}]}<\/script>\n<!-- \/ Yoast SEO plugin. -->","yoast_head_json":{"title":"La UNSL particip\u00f3 del desfile c\u00edvico militar por el D\u00eda de la Independencia - Facultad de Ingenier\u00eda y Ciencias Agropecuarias","robots":{"index":"index","follow":"follow","max-snippet":"max-snippet:-1","max-image-preview":"max-image-preview:large","max-video-preview":"max-video-preview:-1"},"canonical":"https:\/\/www.fica.unsl.edu.ar\/index.php\/la-unsl-participo-del-desfile-civico-militar-por-el-dia-de-la-independencia\/","og_locale":"es_ES","og_type":"article","og_title":"La UNSL particip\u00f3 del desfile c\u00edvico militar por el D\u00eda de la Independencia - Facultad de Ingenier\u00eda y Ciencias Agropecuarias","og_description":"Estudiantes de las facultades del Centro Universitario Villa Mercedes: la Facultad de Ingenier\u00eda y Ciencias Agropecuarias y la Facultad de Ciencias Econ\u00f3micas, Jur\u00eddicas y Sociales,&hellip;","og_url":"https:\/\/www.fica.unsl.edu.ar\/index.php\/la-unsl-participo-del-desfile-civico-militar-por-el-dia-de-la-independencia\/","og_site_name":"Facultad de Ingenier\u00eda y Ciencias Agropecuarias","article_publisher":"https:\/\/www.facebook.com\/FICA.UNSL\/","article_published_time":"2022-07-09T19:11:13+00:00","article_modified_time":"2022-07-27T13:35:40+00:00","og_image":[{"width":1152,"height":647,"url":"https:\/\/www.fica.unsl.edu.ar\/wp-content\/uploads\/2022\/07\/unsl-desfile-front.jpg","type":"image\/jpeg"}],"author":"DATI","twitter_card":"summary_large_image","twitter_creator":"@FICAUNSL","twitter_site":"@FICAUNSL","twitter_misc":{"Escrito por":"DATI","Tiempo de lectura":"3 minutos"},"schema":{"@context":"https:\/\/schema.org","@graph":[{"@type":"Article","@id":"https:\/\/www.fica.unsl.edu.ar\/index.php\/la-unsl-participo-del-desfile-civico-militar-por-el-dia-de-la-independencia\/#article","isPartOf":{"@id":"https:\/\/www.fica.unsl.edu.ar\/index.php\/la-unsl-participo-del-desfile-civico-militar-por-el-dia-de-la-independencia\/"},"author":{"name":"DATI","@id":"https:\/\/www.fica.unsl.edu.ar\/#\/schema\/person\/6058f9c66301868d3a691b1f5d6c3544"},"headline":"La UNSL particip\u00f3 del desfile c\u00edvico militar por el D\u00eda de la Independencia","datePublished":"2022-07-09T19:11:13+00:00","dateModified":"2022-07-27T13:35:40+00:00","mainEntityOfPage":{"@id":"https:\/\/www.fica.unsl.edu.ar\/index.php\/la-unsl-participo-del-desfile-civico-militar-por-el-dia-de-la-independencia\/"},"wordCount":480,"publisher":{"@id":"https:\/\/www.fica.unsl.edu.ar\/#organization"},"image":{"@id":"https:\/\/www.fica.unsl.edu.ar\/index.php\/la-unsl-participo-del-desfile-civico-militar-por-el-dia-de-la-independencia\/#primaryimage"},"thumbnailUrl":"https:\/\/www.fica.unsl.edu.ar\/wp-content\/uploads\/2022\/07\/unsl-desfile-front.jpg","articleSection":["Noticias"],"inLanguage":"es-AR"},{"@type":"WebPage","@id":"https:\/\/www.fica.unsl.edu.ar\/index.php\/la-unsl-participo-del-desfile-civico-militar-por-el-dia-de-la-independencia\/","url":"https:\/\/www.fica.unsl.edu.ar\/index.php\/la-unsl-participo-del-desfile-civico-militar-por-el-dia-de-la-independencia\/","name":"La UNSL particip\u00f3 del desfile c\u00edvico militar por el D\u00eda de la Independencia - Facultad de Ingenier\u00eda y Ciencias Agropecuarias","isPartOf":{"@id":"https:\/\/www.fica.unsl.edu.ar\/#website"},"primaryImageOfPage":{"@id":"https:\/\/www.fica.unsl.edu.ar\/index.php\/la-unsl-participo-del-desfile-civico-militar-por-el-dia-de-la-independencia\/#primaryimage"},"image":{"@id":"https:\/\/www.fica.unsl.edu.ar\/index.php\/la-unsl-participo-del-desfile-civico-militar-por-el-dia-de-la-independencia\/#primaryimage"},"thumbnailUrl":"https:\/\/www.fica.unsl.edu.ar\/wp-content\/uploads\/2022\/07\/unsl-desfile-front.jpg","datePublished":"2022-07-09T19:11:13+00:00","dateModified":"2022-07-27T13:35:40+00:00","inLanguage":"es-AR","potentialAction":[{"@type":"ReadAction","target":["https:\/\/www.fica.unsl.edu.ar\/index.php\/la-unsl-participo-del-desfile-civico-militar-por-el-dia-de-la-independencia\/"]}]},{"@type":"ImageObject","inLanguage":"es-AR","@id":"https:\/\/www.fica.unsl.edu.ar\/index.php\/la-unsl-participo-del-desfile-civico-militar-por-el-dia-de-la-independencia\/#primaryimage","url":"https:\/\/www.fica.unsl.edu.ar\/wp-content\/uploads\/2022\/07\/unsl-desfile-front.jpg","contentUrl":"https:\/\/www.fica.unsl.edu.ar\/wp-content\/uploads\/2022\/07\/unsl-desfile-front.jpg","width":1152,"height":647},{"@type":"WebSite","@id":"https:\/\/www.fica.unsl.edu.ar\/#website","url":"https:\/\/www.fica.unsl.edu.ar\/","name":"Facultad de Ingenier\u00eda y Ciencias Agropecuarias","description":"","publisher":{"@id":"https:\/\/www.fica.unsl.edu.ar\/#organization"},"potentialAction":[{"@type":"SearchAction","target":{"@type":"EntryPoint","urlTemplate":"https:\/\/www.fica.unsl.edu.ar\/?s={search_term_string}"},"query-input":{"@type":"PropertyValueSpecification","valueRequired":true,"valueName":"search_term_string"}}],"inLanguage":"es-AR"},{"@type":"Organization","@id":"https:\/\/www.fica.unsl.edu.ar\/#organization","name":"Facultad de Ingenier\u00eda y Ciencias Agropecuarias","url":"https:\/\/www.fica.unsl.edu.ar\/","logo":{"@type":"ImageObject","inLanguage":"es-AR","@id":"https:\/\/www.fica.unsl.edu.ar\/#\/schema\/logo\/image\/","url":"https:\/\/www.fica.unsl.edu.ar\/wp-content\/uploads\/2021\/03\/LOGO-1.jpg","contentUrl":"https:\/\/www.fica.unsl.edu.ar\/wp-content\/uploads\/2021\/03\/LOGO-1.jpg","width":463,"height":145,"caption":"Facultad de Ingenier\u00eda y Ciencias Agropecuarias"},"image":{"@id":"https:\/\/www.fica.unsl.edu.ar\/#\/schema\/logo\/image\/"},"sameAs":["https:\/\/www.facebook.com\/FICA.UNSL\/","https:\/\/x.com\/FICAUNSL","https:\/\/www.instagram.com\/fica.unsl\/","https:\/\/www.youtube.com\/channel\/UCs2MM53gb2PyBrMySdtWZDQ"]},{"@type":"Person","@id":"https:\/\/www.fica.unsl.edu.ar\/#\/schema\/person\/6058f9c66301868d3a691b1f5d6c3544","name":"DATI"}]}},"_links":{"self":[{"href":"https:\/\/www.fica.unsl.edu.ar\/index.php\/wp-json\/wp\/v2\/posts\/9943","targetHints":{"allow":["GET"]}}],"collection":[{"href":"https:\/\/www.fica.unsl.edu.ar\/index.php\/wp-json\/wp\/v2\/posts"}],"about":[{"href":"https:\/\/www.fica.unsl.edu.ar\/index.php\/wp-json\/wp\/v2\/types\/post"}],"author":[{"embeddable":true,"href":"https:\/\/www.fica.unsl.edu.ar\/index.php\/wp-json\/wp\/v2\/users\/9"}],"replies":[{"embeddable":true,"href":"https:\/\/www.fica.unsl.edu.ar\/index.php\/wp-json\/wp\/v2\/comments?post=9943"}],"version-history":[{"count":3,"href":"https:\/\/www.fica.unsl.edu.ar\/index.php\/wp-json\/wp\/v2\/posts\/9943\/revisions"}],"predecessor-version":[{"id":9955,"href":"https:\/\/www.fica.unsl.edu.ar\/index.php\/wp-json\/wp\/v2\/posts\/9943\/revisions\/9955"}],"wp:featuredmedia":[{"embeddable":true,"href":"https:\/\/www.fica.unsl.edu.ar\/index.php\/wp-json\/wp\/v2\/media\/9944"}],"wp:attachment":[{"href":"https:\/\/www.fica.unsl.edu.ar\/index.php\/wp-json\/wp\/v2\/media?parent=9943"}],"wp:term":[{"taxonomy":"category","embeddable":true,"href":"https:\/\/www.fica.unsl.edu.ar\/index.php\/wp-json\/wp\/v2\/categories?post=9943"},{"taxonomy":"post_tag","embeddable":true,"href":"https:\/\/www.fica.unsl.edu.ar\/index.php\/wp-json\/wp\/v2\/tags?post=9943"}],"curies":[{"name":"wp","href":"https:\/\/api.w.org\/{rel}","templated":true}]}}